{"id":36736,"date":"2023-03-03T19:00:50","date_gmt":"2023-03-03T22:00:50","guid":{"rendered":"https:\/\/morenoprimero.com.ar\/?p=36736"},"modified":"2023-03-03T19:45:07","modified_gmt":"2023-03-03T22:45:07","slug":"llega-un-nuevo-fin-de-semana-a-pura-cultura-y-turismo-de-cercania","status":"publish","type":"post","link":"https:\/\/morenoprimero.com.ar\/archivo\/llega-un-nuevo-fin-de-semana-a-pura-cultura-y-turismo-de-cercania\/","title":{"rendered":"Llega un nuevo fin de semana a pura cultura y turismo de cercan\u00eda"},"content":{"rendered":"\n<p>Como cada fin de semana, el Municipio brinda una variedad de propuestas culturales y tur\u00edsticas para que pueda disfrutar la comunidad local y provincial. Algunos de los eventos que estar\u00e1n son La Liga de Freestyle; La Peatonal Mitre; las obras \u00abModestamente Fanego\u00bb y \u00abArritmia\u00bb en el teatro Marechal; y la inauguraci\u00f3n de la muestra fotogr\u00e1fica \u00abMujeres en foco\u00bb en el Museo de Bellas Artes \u00abManuel Belgrano\u00bb; entre otros. Y como siempre, las actividades recreativas que brinda La Reserva Municipal Los Robles.<\/p>\n\n\n\n<p>El viernes 3 de marzo se desarrollar\u00e1 en la plaza Mariano Moreno, desde las 17 horas la Liga de Freestyle. Los interesados en participar podr\u00e1n inscribirse desde las 16 horas. Habr\u00e1 batalla de Playoff en donde se enfrentar\u00e1n Tobi vs Percy. El evento contar\u00e1 con un premio sorpresa.<\/p>\n\n\n\n<p>A su vez, el viernes 3, a las 21 horas, el teatro municipal \u201cLeopoldo Marechal\u201d, ubicado en Asconap\u00e9 85, comenzar\u00e1 la temporada 2023 con la obra \u201cModestamente Fanego\u201d, de Mariano Saba, dirigida por Daniel Casablanca y Fanego. La misma se trata de un grotesco contempor\u00e1neo que cuenta con humor, dramatismo e imp\u00fadica teatralidad; en donde Fanego despliega con su cuerpo y su alma al actor que lo habita.<\/p>\n\n\n\n<figure class=\"wp-block-gallery has-nested-images columns-default is-cropped wp-block-gallery-1 is-layout-flex wp-block-gallery-is-layout-flex\">\n<figure class=\"wp-block-image size-large\"><a href=\"https:\/\/morenoprimero.com.ar\/wp-content\/uploads\/2023\/03\/WhatsApp-Image-2023-03-03-at-15.07.12-2.jpeg\"><img loading=\"lazy\" decoding=\"async\" width=\"1024\" height=\"1024\" data-id=\"36741\" src=\"https:\/\/morenoprimero.com.ar\/wp-content\/uploads\/2023\/03\/WhatsApp-Image-2023-03-03-at-15.07.12-2-1024x1024.jpeg\" alt=\"\" class=\"wp-image-36741\" srcset=\"https:\/\/morenoprimero.com.ar\/archivo\/wp-content\/uploads\/2023\/03\/WhatsApp-Image-2023-03-03-at-15.07.12-2-1024x1024.jpeg 1024w, https:\/\/morenoprimero.com.ar\/archivo\/wp-content\/uploads\/2023\/03\/WhatsApp-Image-2023-03-03-at-15.07.12-2-300x300.jpeg 300w, https:\/\/morenoprimero.com.ar\/archivo\/wp-content\/uploads\/2023\/03\/WhatsApp-Image-2023-03-03-at-15.07.12-2-150x150.jpeg 150w, https:\/\/morenoprimero.com.ar\/archivo\/wp-content\/uploads\/2023\/03\/WhatsApp-Image-2023-03-03-at-15.07.12-2-768x768.jpeg 768w, https:\/\/morenoprimero.com.ar\/archivo\/wp-content\/uploads\/2023\/03\/WhatsApp-Image-2023-03-03-at-15.07.12-2-1536x1536.jpeg 1536w, https:\/\/morenoprimero.com.ar\/archivo\/wp-content\/uploads\/2023\/03\/WhatsApp-Image-2023-03-03-at-15.07.12-2.jpeg 1600w\" sizes=\"auto, (max-width: 1024px) 100vw, 1024px\" \/><\/a><\/figure>\n\n\n\n<figure class=\"wp-block-image size-large\"><a href=\"https:\/\/morenoprimero.com.ar\/wp-content\/uploads\/2023\/03\/WhatsApp-Image-2023-03-03-at-15.07.12-3.jpeg\"><img loading=\"lazy\" decoding=\"async\" width=\"819\" height=\"1024\" data-id=\"36739\" src=\"https:\/\/morenoprimero.com.ar\/wp-content\/uploads\/2023\/03\/WhatsApp-Image-2023-03-03-at-15.07.12-3-819x1024.jpeg\" alt=\"\" class=\"wp-image-36739\" srcset=\"https:\/\/morenoprimero.com.ar\/archivo\/wp-content\/uploads\/2023\/03\/WhatsApp-Image-2023-03-03-at-15.07.12-3-819x1024.jpeg 819w, https:\/\/morenoprimero.com.ar\/archivo\/wp-content\/uploads\/2023\/03\/WhatsApp-Image-2023-03-03-at-15.07.12-3-240x300.jpeg 240w, https:\/\/morenoprimero.com.ar\/archivo\/wp-content\/uploads\/2023\/03\/WhatsApp-Image-2023-03-03-at-15.07.12-3-768x960.jpeg 768w, https:\/\/morenoprimero.com.ar\/archivo\/wp-content\/uploads\/2023\/03\/WhatsApp-Image-2023-03-03-at-15.07.12-3.jpeg 1080w\" sizes=\"auto, (max-width: 819px) 100vw, 819px\" \/><\/a><\/figure>\n<\/figure>\n\n\n\n<p><\/p>\n\n\n\n<p>El s\u00e1bado 4, se podr\u00e1 disfrutar de la Peatonal Mitre de Moreno, desde las 17 hasta las 00 horas. Un lugar ideal para pasear y disfrutar de los mejores espect\u00e1culos de arte callejero, de la feria artesanal, actividades recreativas, food trucks, kerm\u00e9s y el patio gastron\u00f3mico, con propuestas para todos los gustos. En esta oportunidad se celebrar\u00e1n los carnavales latinoamericanos, criollo, norte\u00f1o, andino, afrobrasile\u00f1o y el candombe uruguayo. El cierre musical estar\u00e1 a cargo de Jimmy y su Combo Negro.<\/p>\n\n\n\n<figure class=\"wp-block-gallery has-nested-images columns-default is-cropped wp-block-gallery-2 is-layout-flex wp-block-gallery-is-layout-flex\">\n<figure class=\"wp-block-image size-large\"><a href=\"https:\/\/morenoprimero.com.ar\/wp-content\/uploads\/2023\/03\/WhatsApp-Image-2023-03-03-at-15.07.11.jpeg\"><img loading=\"lazy\" decoding=\"async\" width=\"1024\" height=\"1024\" data-id=\"36747\" src=\"https:\/\/morenoprimero.com.ar\/wp-content\/uploads\/2023\/03\/WhatsApp-Image-2023-03-03-at-15.07.11-1024x1024.jpeg\" alt=\"\" class=\"wp-image-36747\" srcset=\"https:\/\/morenoprimero.com.ar\/archivo\/wp-content\/uploads\/2023\/03\/WhatsApp-Image-2023-03-03-at-15.07.11-1024x1024.jpeg 1024w, https:\/\/morenoprimero.com.ar\/archivo\/wp-content\/uploads\/2023\/03\/WhatsApp-Image-2023-03-03-at-15.07.11-300x300.jpeg 300w, https:\/\/morenoprimero.com.ar\/archivo\/wp-content\/uploads\/2023\/03\/WhatsApp-Image-2023-03-03-at-15.07.11-150x150.jpeg 150w, https:\/\/morenoprimero.com.ar\/archivo\/wp-content\/uploads\/2023\/03\/WhatsApp-Image-2023-03-03-at-15.07.11-768x768.jpeg 768w, https:\/\/morenoprimero.com.ar\/archivo\/wp-content\/uploads\/2023\/03\/WhatsApp-Image-2023-03-03-at-15.07.11-1536x1536.jpeg 1536w, https:\/\/morenoprimero.com.ar\/archivo\/wp-content\/uploads\/2023\/03\/WhatsApp-Image-2023-03-03-at-15.07.11.jpeg 1600w\" sizes=\"auto, (max-width: 1024px) 100vw, 1024px\" \/><\/a><\/figure>\n\n\n\n<figure class=\"wp-block-image size-large\"><a href=\"https:\/\/morenoprimero.com.ar\/wp-content\/uploads\/2023\/03\/WhatsApp-Image-2023-03-03-at-15.07.14.jpeg\"><img loading=\"lazy\" decoding=\"async\" width=\"819\" height=\"1024\" data-id=\"36742\" src=\"https:\/\/morenoprimero.com.ar\/wp-content\/uploads\/2023\/03\/WhatsApp-Image-2023-03-03-at-15.07.14-819x1024.jpeg\" alt=\"\" class=\"wp-image-36742\" srcset=\"https:\/\/morenoprimero.com.ar\/archivo\/wp-content\/uploads\/2023\/03\/WhatsApp-Image-2023-03-03-at-15.07.14-819x1024.jpeg 819w, https:\/\/morenoprimero.com.ar\/archivo\/wp-content\/uploads\/2023\/03\/WhatsApp-Image-2023-03-03-at-15.07.14-240x300.jpeg 240w, https:\/\/morenoprimero.com.ar\/archivo\/wp-content\/uploads\/2023\/03\/WhatsApp-Image-2023-03-03-at-15.07.14-768x960.jpeg 768w, https:\/\/morenoprimero.com.ar\/archivo\/wp-content\/uploads\/2023\/03\/WhatsApp-Image-2023-03-03-at-15.07.14.jpeg 1080w\" sizes=\"auto, (max-width: 819px) 100vw, 819px\" \/><\/a><\/figure>\n<\/figure>\n\n\n\n<p><\/p>\n\n\n\n<p>Tambi\u00e9n el s\u00e1bado 4, desde las 18 horas, se inaugurar\u00e1 en el museo municipal de Bellas Artes \u201cManuel Belgrano\u201d, ubicado en Doctor Vera 249, la muestra fotogr\u00e1fica \u00abMujeres en Foco\u00bb con presentaci\u00f3n musical a cargo de Sabrina D\u00edaz y Cristina Pinto. La obra estar\u00e1 en exposici\u00f3n hasta el d\u00eda 20 de marzo, de lunes a viernes de 9 a 14 horas.<\/p>\n\n\n\n<p>Adem\u00e1s, el s\u00e1bado 4 de marzo, a las 21 horas en el teatro municipal \u201cLeopoldo Marechal\u201d se presentar\u00e1 la obra \u201cArritmia\u201d. Se trata de los personajes Ana y Ana, dos ancianas que montan una estrategia desopilante e ingenua a fin demostrar que est\u00e1n siendo v\u00edctimas de un intento de homicidio en manos de las enfermeras municipales que las cuidan.<\/p>\n\n\n\n<p>Las entradas de cada una de las obras del Teatro Leopoldo Marechal, son libres y gratuitas, y se retiran siempre una hora antes de la funci\u00f3n en la puerta del mismo.<\/p>\n\n\n\n<figure class=\"wp-block-gallery has-nested-images columns-default is-cropped wp-block-gallery-3 is-layout-flex wp-block-gallery-is-layout-flex\">\n<figure class=\"wp-block-image size-large\"><a href=\"https:\/\/morenoprimero.com.ar\/wp-content\/uploads\/2023\/03\/WhatsApp-Image-2023-03-03-at-15.07.13-1.jpeg\"><img loading=\"lazy\" decoding=\"async\" width=\"819\" height=\"1024\" data-id=\"36740\" src=\"https:\/\/morenoprimero.com.ar\/wp-content\/uploads\/2023\/03\/WhatsApp-Image-2023-03-03-at-15.07.13-1-819x1024.jpeg\" alt=\"\" class=\"wp-image-36740\" srcset=\"https:\/\/morenoprimero.com.ar\/archivo\/wp-content\/uploads\/2023\/03\/WhatsApp-Image-2023-03-03-at-15.07.13-1-819x1024.jpeg 819w, https:\/\/morenoprimero.com.ar\/archivo\/wp-content\/uploads\/2023\/03\/WhatsApp-Image-2023-03-03-at-15.07.13-1-240x300.jpeg 240w, https:\/\/morenoprimero.com.ar\/archivo\/wp-content\/uploads\/2023\/03\/WhatsApp-Image-2023-03-03-at-15.07.13-1-768x960.jpeg 768w, https:\/\/morenoprimero.com.ar\/archivo\/wp-content\/uploads\/2023\/03\/WhatsApp-Image-2023-03-03-at-15.07.13-1.jpeg 1081w\" sizes=\"auto, (max-width: 819px) 100vw, 819px\" \/><\/a><\/figure>\n\n\n\n<figure class=\"wp-block-image size-large\"><a href=\"https:\/\/morenoprimero.com.ar\/wp-content\/uploads\/2023\/03\/WhatsApp-Image-2023-03-03-at-15.07.13.jpeg\"><img loading=\"lazy\" decoding=\"async\" width=\"819\" height=\"1024\" data-id=\"36738\" src=\"https:\/\/morenoprimero.com.ar\/wp-content\/uploads\/2023\/03\/WhatsApp-Image-2023-03-03-at-15.07.13-819x1024.jpeg\" alt=\"\" class=\"wp-image-36738\" srcset=\"https:\/\/morenoprimero.com.ar\/archivo\/wp-content\/uploads\/2023\/03\/WhatsApp-Image-2023-03-03-at-15.07.13-819x1024.jpeg 819w, https:\/\/morenoprimero.com.ar\/archivo\/wp-content\/uploads\/2023\/03\/WhatsApp-Image-2023-03-03-at-15.07.13-240x300.jpeg 240w, https:\/\/morenoprimero.com.ar\/archivo\/wp-content\/uploads\/2023\/03\/WhatsApp-Image-2023-03-03-at-15.07.13-768x960.jpeg 768w, https:\/\/morenoprimero.com.ar\/archivo\/wp-content\/uploads\/2023\/03\/WhatsApp-Image-2023-03-03-at-15.07.13.jpeg 1080w\" sizes=\"auto, (max-width: 819px) 100vw, 819px\" \/><\/a><\/figure>\n<\/figure>\n\n\n\n<p>Como todos los s\u00e1bados, domingos y feriados, de 9 a 18 horas, se puede visitar y disfrutar en familia del Predio Municipal Ferial, ubicado en Ruta 23 y O\u2019Brien. Donde se ofrece indumentaria, artesan\u00edas, bazar, antig\u00fcedades y juguetes. El espacio cuenta adem\u00e1s con patio de comidas y estacionamiento libre y gratuito.<\/p>\n\n\n\n<p><\/p>\n\n\n\n<p><strong>Reserva Natural Municipal \u201cLos Robles\u201d<\/strong><\/p>\n\n\n\n<p>La Reserva Natural Municipal \u201cLos Robles\u201d es una excelente alternativa para compartir en familia y disfrutar de las bondades de este espacio natural que hacen de \u00e9l un punto tur\u00edstico importante en la provincia de Buenos Aires. All\u00ed se puede dormir, acampar, disfrutar del sector gastron\u00f3mico, realizar caminatas guiadas, espacios de juegos libres y de lectura para la ni\u00f1ez, y muchas actividades m\u00e1s.<\/p>\n\n\n\n<p>Durante este fin de semana la reserva natural presenta una serie de actividades para disfrutar del espacio al aire libre.<\/p>\n\n\n\n<p>El s\u00e1bado 4, de 10 a 19 horas, se podr\u00e1 disfrutar del patio gastron\u00f3mico, y desde las 12 horas estar\u00e1 disponible la feria artesanal. A las 9 horas se podr\u00e1 practicar yoga en la biblioteca y desde las 10 horas se desarrollar\u00e1 la actividad \u201cBa\u00f1os de Bosque\u201d, la participaci\u00f3n es con inscripci\u00f3n previa al correo electr\u00f3nico <a href=\"mailto:galanmariajimena@gmail.com\">galanmariajimena@gmail.com<\/a>.<\/p>\n\n\n\n<p>En tanto a las 11 como a las 14 y las 16 horas, se realizar\u00e1 la recorrida guiada por el Centro de Visitantes.<\/p>\n\n\n\n<p>Adem\u00e1s, a las 11 horas habr\u00e1 un taller de huerta agroecol\u00f3gico en el sector gastron\u00f3mico. A las 14 horas se podr\u00e1 participar de la actividad \u201cMesa de juego bajo los \u00e1rboles\u201d hasta las 16 horas en el sector de la biblioteca. A las 16:30 horas se podr\u00e1 realizar la caminata guiada por los senderos del bosque.<\/p>\n\n\n\n<p>Para el domingo 5, de 10 a 19 horas, se podr\u00e1 disfrutar del patio gastron\u00f3mico, y desde las 12 horas estar\u00e1 disponible la feria artesanal. A partir de las 9 horas se podr\u00e1 practicar yoga en la biblioteca. Mientras a las 11, 14 y 16 horas se realizar\u00e1 la actividad de recorrida guiada por el Centro de Visitantes.<\/p>\n\n\n\n<p>Tambi\u00e9n a las 16:30 horas se podr\u00e1 participar de la actividad \u201cCaminata por los senderos del bosque\u201d y las 17 horas comenzar\u00e1 el espect\u00e1culo de circo \u201cpedalearte\u201d.<\/p>\n\n\n\n<p>En \u201cLos Robles\u201d se tiene la posibilidad de alquilar Posadas del Bosque y las reservas se pueden tramitar a trav\u00e9s del e-mail <a href=\"mailto:turismo@moreno.gov.ar\">turismo@moreno.gov.ar<\/a>, o por las siguientes plataformas: #Airbnb, #TripAdvisor y #Booking; as\u00ed como de manera presencial en la administraci\u00f3n de las caba\u00f1as.<\/p>\n\n\n\n<p>Para visitar la reserva no hace falta inscripci\u00f3n previa. Las visitas son por orden de llegada hasta completar la capacidad del lugar.<\/p>\n\n\n\n<p>Para llegar en transporte p\u00fablico, se encuentra disponible el recorrido 26 de La Perlita, cartel \u201cLos Robles\u201d. Los horarios de salida desde Moreno son: 7:35 horas \u2013 10:13 horas &#8211; 12:35 horas \u2013 13:40 horas &#8211; 14:40 horas \u2013 16:20 horas y 17:35 horas. Los de regreso desde Los Robles son: 8 horas \u2013 10:33 horas \u2013 13 horas \u2013 14:05 horas \u2013 15:05 horas &#8211; 16:45 horas y a las 18 horas.<\/p>\n\n\n\n<figure class=\"wp-block-gallery has-nested-images columns-default is-cropped wp-block-gallery-4 is-layout-flex wp-block-gallery-is-layout-flex\">\n<figure class=\"wp-block-image size-large\"><a href=\"https:\/\/morenoprimero.com.ar\/wp-content\/uploads\/2023\/03\/WhatsApp-Image-2023-03-03-at-15.07.12-1.jpeg\"><img loading=\"lazy\" decoding=\"async\" width=\"1024\" height=\"1024\" data-id=\"36744\" src=\"https:\/\/morenoprimero.com.ar\/wp-content\/uploads\/2023\/03\/WhatsApp-Image-2023-03-03-at-15.07.12-1-1024x1024.jpeg\" alt=\"\" class=\"wp-image-36744\" srcset=\"https:\/\/morenoprimero.com.ar\/archivo\/wp-content\/uploads\/2023\/03\/WhatsApp-Image-2023-03-03-at-15.07.12-1-1024x1024.jpeg 1024w, https:\/\/morenoprimero.com.ar\/archivo\/wp-content\/uploads\/2023\/03\/WhatsApp-Image-2023-03-03-at-15.07.12-1-300x300.jpeg 300w, https:\/\/morenoprimero.com.ar\/archivo\/wp-content\/uploads\/2023\/03\/WhatsApp-Image-2023-03-03-at-15.07.12-1-150x150.jpeg 150w, https:\/\/morenoprimero.com.ar\/archivo\/wp-content\/uploads\/2023\/03\/WhatsApp-Image-2023-03-03-at-15.07.12-1-768x768.jpeg 768w, https:\/\/morenoprimero.com.ar\/archivo\/wp-content\/uploads\/2023\/03\/WhatsApp-Image-2023-03-03-at-15.07.12-1-1536x1536.jpeg 1536w, https:\/\/morenoprimero.com.ar\/archivo\/wp-content\/uploads\/2023\/03\/WhatsApp-Image-2023-03-03-at-15.07.12-1.jpeg 1600w\" sizes=\"auto, (max-width: 1024px) 100vw, 1024px\" \/><\/a><\/figure>\n\n\n\n<figure class=\"wp-block-image size-large\"><a href=\"https:\/\/morenoprimero.com.ar\/wp-content\/uploads\/2023\/03\/WhatsApp-Image-2023-03-03-at-15.07.12.jpeg\"><img loading=\"lazy\" decoding=\"async\" width=\"1024\" height=\"1024\" data-id=\"36745\" src=\"https:\/\/morenoprimero.com.ar\/wp-content\/uploads\/2023\/03\/WhatsApp-Image-2023-03-03-at-15.07.12-1024x1024.jpeg\" alt=\"\" class=\"wp-image-36745\" srcset=\"https:\/\/morenoprimero.com.ar\/archivo\/wp-content\/uploads\/2023\/03\/WhatsApp-Image-2023-03-03-at-15.07.12-1024x1024.jpeg 1024w, https:\/\/morenoprimero.com.ar\/archivo\/wp-content\/uploads\/2023\/03\/WhatsApp-Image-2023-03-03-at-15.07.12-300x300.jpeg 300w, https:\/\/morenoprimero.com.ar\/archivo\/wp-content\/uploads\/2023\/03\/WhatsApp-Image-2023-03-03-at-15.07.12-150x150.jpeg 150w, https:\/\/morenoprimero.com.ar\/archivo\/wp-content\/uploads\/2023\/03\/WhatsApp-Image-2023-03-03-at-15.07.12-768x768.jpeg 768w, https:\/\/morenoprimero.com.ar\/archivo\/wp-content\/uploads\/2023\/03\/WhatsApp-Image-2023-03-03-at-15.07.12-1536x1536.jpeg 1536w, https:\/\/morenoprimero.com.ar\/archivo\/wp-content\/uploads\/2023\/03\/WhatsApp-Image-2023-03-03-at-15.07.12.jpeg 1600w\" sizes=\"auto, (max-width: 1024px) 100vw, 1024px\" \/><\/a><\/figure>\n\n\n\n<figure class=\"wp-block-image size-large\"><a href=\"https:\/\/morenoprimero.com.ar\/wp-content\/uploads\/2023\/03\/WhatsApp-Image-2023-03-03-at-15.07.11-1.jpeg\"><img loading=\"lazy\" decoding=\"async\" width=\"1024\" height=\"1024\" data-id=\"36746\" src=\"https:\/\/morenoprimero.com.ar\/wp-content\/uploads\/2023\/03\/WhatsApp-Image-2023-03-03-at-15.07.11-1-1024x1024.jpeg\" alt=\"\" class=\"wp-image-36746\" srcset=\"https:\/\/morenoprimero.com.ar\/archivo\/wp-content\/uploads\/2023\/03\/WhatsApp-Image-2023-03-03-at-15.07.11-1-1024x1024.jpeg 1024w, https:\/\/morenoprimero.com.ar\/archivo\/wp-content\/uploads\/2023\/03\/WhatsApp-Image-2023-03-03-at-15.07.11-1-300x300.jpeg 300w, https:\/\/morenoprimero.com.ar\/archivo\/wp-content\/uploads\/2023\/03\/WhatsApp-Image-2023-03-03-at-15.07.11-1-150x150.jpeg 150w, https:\/\/morenoprimero.com.ar\/archivo\/wp-content\/uploads\/2023\/03\/WhatsApp-Image-2023-03-03-at-15.07.11-1-768x768.jpeg 768w, https:\/\/morenoprimero.com.ar\/archivo\/wp-content\/uploads\/2023\/03\/WhatsApp-Image-2023-03-03-at-15.07.11-1-1536x1536.jpeg 1536w, https:\/\/morenoprimero.com.ar\/archivo\/wp-content\/uploads\/2023\/03\/WhatsApp-Image-2023-03-03-at-15.07.11-1.jpeg 1600w\" sizes=\"auto, (max-width: 1024px) 100vw, 1024px\" \/><\/a><\/figure>\n<\/figure>\n","protected":false},"excerpt":{"rendered":"<p>Como cada fin de semana, el Municipio brinda una variedad de propuestas culturales y tur\u00edsticas para que pueda disfrutar la comunidad local y provincial. Algunos de los eventos que estar\u00e1n son La Liga de Freestyle; La Peatonal Mitre; las obras &hellip; <a href=\"https:\/\/morenoprimero.com.ar\/archivo\/llega-un-nuevo-fin-de-semana-a-pura-cultura-y-turismo-de-cercania\/\">Sigue leyendo <span class=\"meta-nav\">&rarr;<\/span><\/a><\/p>\n","protected":false},"author":6,"featured_media":36750,"comment_status":"closed","ping_status":"closed","sticky":false,"template":"","format":"standard","meta":{"footnotes":""},"categories":[2332],"tags":[162,1358],"class_list":["post-36736","post","type-post","status-publish","format-standard","has-post-thumbnail","hentry","category-cultura","tag-cultura-moreno","tag-turismo-moreno"],"_links":{"self":[{"href":"https:\/\/morenoprimero.com.ar\/archivo\/wp-json\/wp\/v2\/posts\/36736","targetHints":{"allow":["GET"]}}],"collection":[{"href":"https:\/\/morenoprimero.com.ar\/archivo\/wp-json\/wp\/v2\/posts"}],"about":[{"href":"https:\/\/morenoprimero.com.ar\/archivo\/wp-json\/wp\/v2\/types\/post"}],"author":[{"embeddable":true,"href":"https:\/\/morenoprimero.com.ar\/archivo\/wp-json\/wp\/v2\/users\/6"}],"replies":[{"embeddable":true,"href":"https:\/\/morenoprimero.com.ar\/archivo\/wp-json\/wp\/v2\/comments?post=36736"}],"version-history":[{"count":1,"href":"https:\/\/morenoprimero.com.ar\/archivo\/wp-json\/wp\/v2\/posts\/36736\/revisions"}],"predecessor-version":[{"id":36749,"href":"https:\/\/morenoprimero.com.ar\/archivo\/wp-json\/wp\/v2\/posts\/36736\/revisions\/36749"}],"wp:featuredmedia":[{"embeddable":true,"href":"https:\/\/morenoprimero.com.ar\/archivo\/wp-json\/wp\/v2\/media\/36750"}],"wp:attachment":[{"href":"https:\/\/morenoprimero.com.ar\/archivo\/wp-json\/wp\/v2\/media?parent=36736"}],"wp:term":[{"taxonomy":"category","embeddable":true,"href":"https:\/\/morenoprimero.com.ar\/archivo\/wp-json\/wp\/v2\/categories?post=36736"},{"taxonomy":"post_tag","embeddable":true,"href":"https:\/\/morenoprimero.com.ar\/archivo\/wp-json\/wp\/v2\/tags?post=36736"}],"curies":[{"name":"wp","href":"https:\/\/api.w.org\/{rel}","templated":true}]}}