{"id":36682,"date":"2023-03-06T12:56:01","date_gmt":"2023-03-06T15:56:01","guid":{"rendered":"https:\/\/morenoprimero.com.ar\/?p=36682"},"modified":"2023-03-06T12:56:02","modified_gmt":"2023-03-06T15:56:02","slug":"entrega-de-semillas-para-la-huerta-2023","status":"publish","type":"post","link":"https:\/\/morenoprimero.com.ar\/archivo\/entrega-de-semillas-para-la-huerta-2023\/","title":{"rendered":"Entrega de semillas para la huerta 2023"},"content":{"rendered":"\n<p>El Municipio de Moreno, a trav\u00e9s del Instituto Municipal de Desarrollo Local (IMDEL) entregar\u00e1 semillas de huerta agroecol\u00f3gica para la temporada oto\u00f1o-invierno 2023 y estar\u00e1n disponibles para retirar, con DNI correspondiente, en la oficina del IMDEL ubicada en Bouchard 34 o en las delegaciones municipales. La entrega se llevar\u00e1 a cabo del 6 al 23 de marzo de 9 a 15 horas, en distintos puntos de entrega.<\/p>\n\n\n\n<p><br>El lunes 20 se entregaran en la delegaci\u00f3n de Cuartel V, ubicada en Vieytes y Par\u00eds; y en la de la Reja, en Victorino de la plaza 1949. <\/p>\n\n\n\n<p>El martes 21 la entrega ser\u00e1 en la delegaci\u00f3n de Moreno Sur, ubicada en Zeballos 172.<\/p>\n\n\n\n<p>Mientras que el mi\u00e9rcoles 22 se podr\u00e1 adquirir el kit de semillas en las delegaciones de Trujui, ubicada en Echeverr\u00eda 10546 y en la delegaci\u00f3n de Moreno Norte, en Bolivia y Marcos del Bueno.<\/p>\n\n\n\n<p>Y el jueves 23 la entrega ser\u00e1 en las delegaciones de Paso del Rey, ubicada en Grandi y Alcorta y la de Francisco \u00c1lvarez, en M.Esqui\u00fa y Ruta 7.<\/p>\n\n\n\n<figure class=\"wp-block-gallery has-nested-images columns-default is-cropped wp-block-gallery-1 is-layout-flex wp-block-gallery-is-layout-flex\">\n<figure class=\"wp-block-image size-large\"><a href=\"https:\/\/morenoprimero.com.ar\/wp-content\/uploads\/2023\/03\/WhatsApp-Image-2023-03-01-at-15.03.03.jpeg\"><img loading=\"lazy\" decoding=\"async\" width=\"576\" height=\"1024\" data-id=\"36683\" src=\"https:\/\/morenoprimero.com.ar\/wp-content\/uploads\/2023\/03\/WhatsApp-Image-2023-03-01-at-15.03.03-576x1024.jpeg\" alt=\"\" class=\"wp-image-36683\" srcset=\"https:\/\/morenoprimero.com.ar\/archivo\/wp-content\/uploads\/2023\/03\/WhatsApp-Image-2023-03-01-at-15.03.03-576x1024.jpeg 576w, https:\/\/morenoprimero.com.ar\/archivo\/wp-content\/uploads\/2023\/03\/WhatsApp-Image-2023-03-01-at-15.03.03-169x300.jpeg 169w, https:\/\/morenoprimero.com.ar\/archivo\/wp-content\/uploads\/2023\/03\/WhatsApp-Image-2023-03-01-at-15.03.03-768x1365.jpeg 768w, https:\/\/morenoprimero.com.ar\/archivo\/wp-content\/uploads\/2023\/03\/WhatsApp-Image-2023-03-01-at-15.03.03-864x1536.jpeg 864w, https:\/\/morenoprimero.com.ar\/archivo\/wp-content\/uploads\/2023\/03\/WhatsApp-Image-2023-03-01-at-15.03.03.jpeg 900w\" sizes=\"auto, (max-width: 576px) 100vw, 576px\" \/><\/a><\/figure>\n\n\n\n<figure class=\"wp-block-image size-large\"><a href=\"https:\/\/morenoprimero.com.ar\/wp-content\/uploads\/2023\/03\/WhatsApp-Image-2023-03-01-at-15.03.02.jpeg\"><img loading=\"lazy\" decoding=\"async\" width=\"576\" height=\"1024\" data-id=\"36684\" src=\"https:\/\/morenoprimero.com.ar\/wp-content\/uploads\/2023\/03\/WhatsApp-Image-2023-03-01-at-15.03.02-576x1024.jpeg\" alt=\"\" class=\"wp-image-36684\" srcset=\"https:\/\/morenoprimero.com.ar\/archivo\/wp-content\/uploads\/2023\/03\/WhatsApp-Image-2023-03-01-at-15.03.02-576x1024.jpeg 576w, https:\/\/morenoprimero.com.ar\/archivo\/wp-content\/uploads\/2023\/03\/WhatsApp-Image-2023-03-01-at-15.03.02-169x300.jpeg 169w, https:\/\/morenoprimero.com.ar\/archivo\/wp-content\/uploads\/2023\/03\/WhatsApp-Image-2023-03-01-at-15.03.02-768x1365.jpeg 768w, https:\/\/morenoprimero.com.ar\/archivo\/wp-content\/uploads\/2023\/03\/WhatsApp-Image-2023-03-01-at-15.03.02-864x1536.jpeg 864w, https:\/\/morenoprimero.com.ar\/archivo\/wp-content\/uploads\/2023\/03\/WhatsApp-Image-2023-03-01-at-15.03.02.jpeg 900w\" sizes=\"auto, (max-width: 576px) 100vw, 576px\" \/><\/a><\/figure>\n<\/figure>\n","protected":false},"excerpt":{"rendered":"<p>El Municipio de Moreno, a trav\u00e9s del Instituto Municipal de Desarrollo Local (IMDEL) entregar\u00e1 semillas de huerta agroecol\u00f3gica para la temporada oto\u00f1o-invierno 2023 y estar\u00e1n disponibles para retirar, con DNI correspondiente, en la oficina del IMDEL ubicada en Bouchard 34 &hellip; <a href=\"https:\/\/morenoprimero.com.ar\/archivo\/entrega-de-semillas-para-la-huerta-2023\/\">Sigue leyendo <span class=\"meta-nav\">&rarr;<\/span><\/a><\/p>\n","protected":false},"author":6,"featured_media":36791,"comment_status":"closed","ping_status":"closed","sticky":false,"template":"","format":"standard","meta":{"footnotes":""},"categories":[2328],"tags":[242],"class_list":["post-36682","post","type-post","status-publish","format-standard","has-post-thumbnail","hentry","category-local","tag-imdel"],"_links":{"self":[{"href":"https:\/\/morenoprimero.com.ar\/archivo\/wp-json\/wp\/v2\/posts\/36682","targetHints":{"allow":["GET"]}}],"collection":[{"href":"https:\/\/morenoprimero.com.ar\/archivo\/wp-json\/wp\/v2\/posts"}],"about":[{"href":"https:\/\/morenoprimero.com.ar\/archivo\/wp-json\/wp\/v2\/types\/post"}],"author":[{"embeddable":true,"href":"https:\/\/morenoprimero.com.ar\/archivo\/wp-json\/wp\/v2\/users\/6"}],"replies":[{"embeddable":true,"href":"https:\/\/morenoprimero.com.ar\/archivo\/wp-json\/wp\/v2\/comments?post=36682"}],"version-history":[{"count":3,"href":"https:\/\/morenoprimero.com.ar\/archivo\/wp-json\/wp\/v2\/posts\/36682\/revisions"}],"predecessor-version":[{"id":36794,"href":"https:\/\/morenoprimero.com.ar\/archivo\/wp-json\/wp\/v2\/posts\/36682\/revisions\/36794"}],"wp:featuredmedia":[{"embeddable":true,"href":"https:\/\/morenoprimero.com.ar\/archivo\/wp-json\/wp\/v2\/media\/36791"}],"wp:attachment":[{"href":"https:\/\/morenoprimero.com.ar\/archivo\/wp-json\/wp\/v2\/media?parent=36682"}],"wp:term":[{"taxonomy":"category","embeddable":true,"href":"https:\/\/morenoprimero.com.ar\/archivo\/wp-json\/wp\/v2\/categories?post=36682"},{"taxonomy":"post_tag","embeddable":true,"href":"https:\/\/morenoprimero.com.ar\/archivo\/wp-json\/wp\/v2\/tags?post=36682"}],"curies":[{"name":"wp","href":"https:\/\/api.w.org\/{rel}","templated":true}]}}