{"id":36615,"date":"2023-03-06T09:59:04","date_gmt":"2023-03-06T12:59:04","guid":{"rendered":"https:\/\/morenoprimero.com.ar\/?p=36615"},"modified":"2023-03-06T09:59:06","modified_gmt":"2023-03-06T12:59:06","slug":"el-municipio-de-moreno-realizara-jornadas-de-salud-auditiva-gratuitas","status":"publish","type":"post","link":"https:\/\/morenoprimero.com.ar\/archivo\/el-municipio-de-moreno-realizara-jornadas-de-salud-auditiva-gratuitas\/","title":{"rendered":"El Municipio de Moreno realizar\u00e1 jornadas de salud auditiva gratuitas"},"content":{"rendered":"\n<p>Durante el mes de Marzo y en el marco del D\u00eda Mundial de la Audici\u00f3n, el Municipio de Moreno, a trav\u00e9s de la Secretar\u00eda de Salud y Ambiente, desarrollar\u00e1 jornadas de Salud Auditiva, cuidado del o\u00eddo y la audici\u00f3n, para ni\u00f1as y ni\u00f1os de 6 a\u00f1os, que residan en Moreno y no cuenten con obra social.<\/p>\n\n\n\n<p>Dichas jornadas se llevar\u00e1n adelante los d\u00edas lunes 6, 13, 20 y 27 de marzo, de 12 a 17 horas, en el Centro Integral de Salud Infantil (CISI), ubicado en el Polo Sanitario, sobre Avenida Libertador 750.<\/p>\n\n\n\n<p>La atenci\u00f3n no requiere de una orden m\u00e9dica previa, y constar\u00e1 de controles y audiometr\u00edas totalmente gratuitas.<\/p>\n\n\n\n<p>En el mismo lugar, las personas que quieran acceder a dicha atenci\u00f3n, deber\u00e1n reservar previamente sus turnos por ventanilla, de 8 a 16 horas, a partir del d\u00eda martes 28 de febrero.<\/p>\n\n\n\n<figure class=\"wp-block-image size-large\"><a href=\"https:\/\/morenoprimero.com.ar\/wp-content\/uploads\/2023\/02\/WhatsApp-Image-2023-02-28-at-12.01.10.jpeg\"><img loading=\"lazy\" decoding=\"async\" width=\"1024\" height=\"1024\" src=\"https:\/\/morenoprimero.com.ar\/wp-content\/uploads\/2023\/02\/WhatsApp-Image-2023-02-28-at-12.01.10-1024x1024.jpeg\" alt=\"\" class=\"wp-image-36618\" srcset=\"https:\/\/morenoprimero.com.ar\/archivo\/wp-content\/uploads\/2023\/02\/WhatsApp-Image-2023-02-28-at-12.01.10-1024x1024.jpeg 1024w, https:\/\/morenoprimero.com.ar\/archivo\/wp-content\/uploads\/2023\/02\/WhatsApp-Image-2023-02-28-at-12.01.10-300x300.jpeg 300w, https:\/\/morenoprimero.com.ar\/archivo\/wp-content\/uploads\/2023\/02\/WhatsApp-Image-2023-02-28-at-12.01.10-150x150.jpeg 150w, https:\/\/morenoprimero.com.ar\/archivo\/wp-content\/uploads\/2023\/02\/WhatsApp-Image-2023-02-28-at-12.01.10-768x768.jpeg 768w, https:\/\/morenoprimero.com.ar\/archivo\/wp-content\/uploads\/2023\/02\/WhatsApp-Image-2023-02-28-at-12.01.10-1536x1536.jpeg 1536w, https:\/\/morenoprimero.com.ar\/archivo\/wp-content\/uploads\/2023\/02\/WhatsApp-Image-2023-02-28-at-12.01.10.jpeg 1600w\" sizes=\"auto, (max-width: 1024px) 100vw, 1024px\" \/><\/a><\/figure>\n","protected":false},"excerpt":{"rendered":"<p>Durante el mes de Marzo y en el marco del D\u00eda Mundial de la Audici\u00f3n, el Municipio de Moreno, a trav\u00e9s de la Secretar\u00eda de Salud y Ambiente, desarrollar\u00e1 jornadas de Salud Auditiva, cuidado del o\u00eddo y la audici\u00f3n, para &hellip; <a href=\"https:\/\/morenoprimero.com.ar\/archivo\/el-municipio-de-moreno-realizara-jornadas-de-salud-auditiva-gratuitas\/\">Sigue leyendo <span class=\"meta-nav\">&rarr;<\/span><\/a><\/p>\n","protected":false},"author":6,"featured_media":36771,"comment_status":"closed","ping_status":"closed","sticky":false,"template":"","format":"standard","meta":{"footnotes":""},"categories":[2328],"tags":[4467,4468,4095],"class_list":["post-36615","post","type-post","status-publish","format-standard","has-post-thumbnail","hentry","category-local","tag-dia-mundial-de-la-audicion","tag-jornadas-de-salud-auditiva","tag-secretaria-de-salud-y-ambiente"],"_links":{"self":[{"href":"https:\/\/morenoprimero.com.ar\/archivo\/wp-json\/wp\/v2\/posts\/36615","targetHints":{"allow":["GET"]}}],"collection":[{"href":"https:\/\/morenoprimero.com.ar\/archivo\/wp-json\/wp\/v2\/posts"}],"about":[{"href":"https:\/\/morenoprimero.com.ar\/archivo\/wp-json\/wp\/v2\/types\/post"}],"author":[{"embeddable":true,"href":"https:\/\/morenoprimero.com.ar\/archivo\/wp-json\/wp\/v2\/users\/6"}],"replies":[{"embeddable":true,"href":"https:\/\/morenoprimero.com.ar\/archivo\/wp-json\/wp\/v2\/comments?post=36615"}],"version-history":[{"count":3,"href":"https:\/\/morenoprimero.com.ar\/archivo\/wp-json\/wp\/v2\/posts\/36615\/revisions"}],"predecessor-version":[{"id":36774,"href":"https:\/\/morenoprimero.com.ar\/archivo\/wp-json\/wp\/v2\/posts\/36615\/revisions\/36774"}],"wp:featuredmedia":[{"embeddable":true,"href":"https:\/\/morenoprimero.com.ar\/archivo\/wp-json\/wp\/v2\/media\/36771"}],"wp:attachment":[{"href":"https:\/\/morenoprimero.com.ar\/archivo\/wp-json\/wp\/v2\/media?parent=36615"}],"wp:term":[{"taxonomy":"category","embeddable":true,"href":"https:\/\/morenoprimero.com.ar\/archivo\/wp-json\/wp\/v2\/categories?post=36615"},{"taxonomy":"post_tag","embeddable":true,"href":"https:\/\/morenoprimero.com.ar\/archivo\/wp-json\/wp\/v2\/tags?post=36615"}],"curies":[{"name":"wp","href":"https:\/\/api.w.org\/{rel}","templated":true}]}}