{"id":36501,"date":"2023-02-24T11:25:06","date_gmt":"2023-02-24T14:25:06","guid":{"rendered":"https:\/\/morenoprimero.com.ar\/?p=36501"},"modified":"2023-02-24T15:38:23","modified_gmt":"2023-02-24T18:38:23","slug":"llega-a-moreno-una-fiesta-nacional-de-ska","status":"publish","type":"post","link":"https:\/\/morenoprimero.com.ar\/archivo\/llega-a-moreno-una-fiesta-nacional-de-ska\/","title":{"rendered":"Llega a Moreno la fiesta nacional de Ska"},"content":{"rendered":"\n<p>Este 24 y 25 de febrero se realiza el primer festival de Ska, con 9 bandas provenientes de diferentes puntos del pa\u00eds. El evento se desarrollar\u00e1 desde las 18 horas, en la Casa de la Cultura de Moreno (Dr. Vera 247), y la entrada es totalmente libre y gratuita.\u00a0<\/p>\n\n\n\n<p>El estilo musical SKA es el resultado de diversas fusiones de jazz con la m\u00fasica latina, Swing, Boogie y el Mento, y por primera vez en Moreno, habr\u00e1 una fiesta que re\u00fana artistas de diferentes territorios del pa\u00eds.&nbsp;<\/p>\n\n\n\n<p><strong>Es la primera fiesta de Ska Argentino que se realiza en Moreno, y la entrada es libre y gratuita. <\/strong>La invitaci\u00f3n corre por cuenta de Ska Argentino, Kangrejoz Records, Yo bailo Ska, TDR recording Studio y el Municipio de Moreno. &nbsp;<\/p>\n\n\n\n<p>El d\u00eda <strong>viernes 24 de febrero<\/strong> llegar\u00e1 desde Jujuy Cabarette Ska Dub, y tambi\u00e9n est\u00e1 Ex In, Los Comodines Ska, y la Nave del Ska. &nbsp;<\/p>\n\n\n\n<p>El <strong>s\u00e1bado 25<\/strong>, se presentar\u00e1n El Kactus y Cabeza de Chola. Desde Tucum\u00e1n llega Skaraway; desde Rosario, Los Beretta y desde Mar del Plata, La Valentina Ska. &nbsp;<\/p>\n\n\n\n<figure class=\"wp-block-image size-full\"><a href=\"https:\/\/morenoprimero.com.ar\/wp-content\/uploads\/2023\/02\/image-5.png\"><img loading=\"lazy\" decoding=\"async\" width=\"768\" height=\"960\" src=\"https:\/\/morenoprimero.com.ar\/wp-content\/uploads\/2023\/02\/image-5.png\" alt=\"\" class=\"wp-image-36504\" srcset=\"https:\/\/morenoprimero.com.ar\/archivo\/wp-content\/uploads\/2023\/02\/image-5.png 768w, https:\/\/morenoprimero.com.ar\/archivo\/wp-content\/uploads\/2023\/02\/image-5-240x300.png 240w\" sizes=\"auto, (max-width: 768px) 100vw, 768px\" \/><\/a><\/figure>\n","protected":false},"excerpt":{"rendered":"<p>Este 24 y 25 de febrero se realiza el primer festival de Ska, con 9 bandas provenientes de diferentes puntos del pa\u00eds. El evento se desarrollar\u00e1 desde las 18 horas, en la Casa de la Cultura de Moreno (Dr. Vera &hellip; <a href=\"https:\/\/morenoprimero.com.ar\/archivo\/llega-a-moreno-una-fiesta-nacional-de-ska\/\">Sigue leyendo <span class=\"meta-nav\">&rarr;<\/span><\/a><\/p>\n","protected":false},"author":6,"featured_media":36502,"comment_status":"closed","ping_status":"closed","sticky":false,"template":"","format":"standard","meta":{"footnotes":""},"categories":[2332],"tags":[162,4461],"class_list":["post-36501","post","type-post","status-publish","format-standard","has-post-thumbnail","hentry","category-cultura","tag-cultura-moreno","tag-ska"],"_links":{"self":[{"href":"https:\/\/morenoprimero.com.ar\/archivo\/wp-json\/wp\/v2\/posts\/36501","targetHints":{"allow":["GET"]}}],"collection":[{"href":"https:\/\/morenoprimero.com.ar\/archivo\/wp-json\/wp\/v2\/posts"}],"about":[{"href":"https:\/\/morenoprimero.com.ar\/archivo\/wp-json\/wp\/v2\/types\/post"}],"author":[{"embeddable":true,"href":"https:\/\/morenoprimero.com.ar\/archivo\/wp-json\/wp\/v2\/users\/6"}],"replies":[{"embeddable":true,"href":"https:\/\/morenoprimero.com.ar\/archivo\/wp-json\/wp\/v2\/comments?post=36501"}],"version-history":[{"count":6,"href":"https:\/\/morenoprimero.com.ar\/archivo\/wp-json\/wp\/v2\/posts\/36501\/revisions"}],"predecessor-version":[{"id":36528,"href":"https:\/\/morenoprimero.com.ar\/archivo\/wp-json\/wp\/v2\/posts\/36501\/revisions\/36528"}],"wp:featuredmedia":[{"embeddable":true,"href":"https:\/\/morenoprimero.com.ar\/archivo\/wp-json\/wp\/v2\/media\/36502"}],"wp:attachment":[{"href":"https:\/\/morenoprimero.com.ar\/archivo\/wp-json\/wp\/v2\/media?parent=36501"}],"wp:term":[{"taxonomy":"category","embeddable":true,"href":"https:\/\/morenoprimero.com.ar\/archivo\/wp-json\/wp\/v2\/categories?post=36501"},{"taxonomy":"post_tag","embeddable":true,"href":"https:\/\/morenoprimero.com.ar\/archivo\/wp-json\/wp\/v2\/tags?post=36501"}],"curies":[{"name":"wp","href":"https:\/\/api.w.org\/{rel}","templated":true}]}}