{"id":36492,"date":"2023-02-23T19:48:56","date_gmt":"2023-02-23T22:48:56","guid":{"rendered":"https:\/\/morenoprimero.com.ar\/?p=36492"},"modified":"2023-02-23T19:48:57","modified_gmt":"2023-02-23T22:48:57","slug":"trujui-se-realizara-la-charla-debate-el-acordeon-desde-el-barrio","status":"publish","type":"post","link":"https:\/\/morenoprimero.com.ar\/archivo\/trujui-se-realizara-la-charla-debate-el-acordeon-desde-el-barrio\/","title":{"rendered":"Trujui: se realizar\u00e1 la charla debate \u201cEl acorde\u00f3n desde el barrio\u201d"},"content":{"rendered":"\n<p>Desde la gesti\u00f3n municipal, se brindar\u00e1 una charla debate a cargo del acordeonista, Santiago Torres. El encuentro ser\u00e1 este viernes 24 de febrero a las 18 horas en el SUM Haras, ubicado en Moctezuma y Benjam\u00edn Matienzo. En dialogo con Moreno Primero, el joven m\u00fasico expres\u00f3: \u201cLa ciudad se est\u00e1 transformando en uno de los pilares culturales del conurbano bonaerense, y pronto ser\u00e1 uno de los pocos municipios que contar\u00e1 con un taller de acorde\u00f3n\u201d.<\/p>\n\n\n\n<p>Desde Moreno Primero, dialogamos con el m\u00fasico y acordeonista de 23 a\u00f1os, Santiago Torres: \u201c<strong>La charla intenta convocar a toda la comunidad, a todo aquel que le interese el acorde\u00f3n, tenga el instrumento o no, sepa tocar, quiera aprender o tenga inter\u00e9s en \u00e9l. Durante la jornada vamos a profundizar sobre los or\u00edgenes del instrumento, de donde viene, su formaci\u00f3n y su desarrollo a lo largo del tiempo<\/strong>\u201d.<\/p>\n\n\n\n<p>Se propuso como objetivo que tanto vecinas y vecinos interesados en el tema, puedan conocer las diferentes formas que fue tomando el instrumento y las diferentes representaciones que se desarrollaron a lo largo del mundo. \u201c<strong>Y pensarlo tambi\u00e9n en c\u00f3mo funciona y c\u00f3mo se expresa en el barrio, qu\u00e9 composiciones y m\u00fasicas salen de all\u00ed<\/strong>\u201d, afirma Santiago, y a\u00f1ade: \u201c<strong>Lo enriquecedor de esto es poder recibir a los m\u00fasicos que ya tocan y a los que a\u00fan no, en un mismo encuentro. Poder brindarles un lugar de expresi\u00f3n donde nos escuchemos entre todos, acompa\u00f1ados por la misma pasi\u00f3n<\/strong>\u201d.<\/p>\n\n\n\n<p>A su vez, el acordeonista morenense, nos adelant\u00f3 que la idea principal de la charla funciona tambi\u00e9n como antesala a un futuro taller de acorde\u00f3n que va a llegar a Moreno en los pr\u00f3ximos meses: \u201c<strong>Ah\u00ed vamos a poder recibir a aquellos que quieren seguir aprendiendo como a los que quieran comenzar de cero. Adem\u00e1s, vamos a tener la posibilidad de recibir a las diferentes variantes del instrumento: el acorde\u00f3n a piano, el acorde\u00f3n a botones, las verduleras, y las de tres y cuatro hileras<\/strong>\u201d.<\/p>\n\n\n\n<p>Santiago reconoce que tocar el acorde\u00f3n le brind\u00f3 much\u00edsimas cosas buenas en su vida: \u201c<strong>Me ayud\u00f3 a poder expresar lo que siento en el fondo del alma, porque por lo menos para m\u00ed es una extensi\u00f3n m\u00e1s de mi cuerpo. Puedo manifestar lo que me pasa, quiz\u00e1s no con palabras, pero si con melod\u00edas<\/strong>\u201d.<\/p>\n\n\n\n<p>\u201c<strong>El acorde\u00f3n es un instrumento que me da mucha paz, y me da felicidad poder usarlo, poder intentar devolverle un poco al pueblo lo que pueblo da. Porque en definitiva cada m\u00fasica, cada melod\u00eda, cada poes\u00eda tiene que ver con un suceso que vive en el pueblo, y a trav\u00e9s de los m\u00fasicos, que lo interpretan. Esto es lo que quiero dar, empezar a transmitir lo que voy incorporando a trav\u00e9s del tiempo con los maestros, con la gente, ese encuentro con el otro que un poco de eso se trata la charla debate<\/strong>\u201d, afirma Torres.<\/p>\n\n\n\n<p>El hecho de que se abra un taller de acorde\u00f3n en el distrito posibilita a que la comunidad pueda integrar aquellos espacios culturales que anteriormente no estaban pensados. Moreno es uno de los distritos m\u00e1s importantes que tenemos en el conurbano bonaerense en materia cultural. La ciudad recibe a much\u00edsima gente de todo el pa\u00eds que viene a desarrollarse profesional y laboralmente, a formar su familia y a seguir construyendo la identidad local. En palabras del acordeonista morenense: \u201c<strong>Mis padres vienen del interior. Mi mam\u00e1 es de Santiago del Estero y mi pap\u00e1 es de San Luis. Yo crec\u00ed incorporando las diversas culturas que integraba mi familia. Este es un claro ejemplo de lo que sucede a diario con cada una de las familias que forman parte de Moreno. Y rescato las posibilidades que d\u00eda a d\u00eda crecen, tanto culturales, deportivas, y principalmente, educativas, que enriquecen nuestra huella identitaria, siempre pensando en nuestras ra\u00edces<\/strong>\u201d.<\/p>\n\n\n\n<p>Cabe resaltar que Santiago fue reconocido como el mejor m\u00fasico en el certamen de nuestros valores en el Pre Cosqu\u00edn 2022. \u201c<strong>Aun puedo recordar con una gran alegr\u00eda esos d\u00edas, especialmente por el encuentro con otros colegas y artistas que tambi\u00e9n tienen la ilusi\u00f3n de llegar a lo m\u00e1s alto<\/strong>\u201d. En este sentido, comenta que \u201c<strong>no fui pensando en ganar, quer\u00eda pasarlo lo mejor posible, en tener la posibilidad de pisar ese escenario. Obviamente estaba con la carga emotiva de toda la gente que me acompa\u00f1\u00f3 d\u00eda a d\u00eda, ya sea mi familia, amigos y conocidos, y al municipio que confi\u00f3 en m\u00ed y me invit\u00f3 a participar del certamen<\/strong>\u201d.<\/p>\n\n\n\n<p>\u201c<strong>Moreno significa mucho para m\u00ed, es el lugar donde puedo desenvolverme, donde est\u00e1 el apoyo necesario para continuar, para seguir aprendiendo y seguir pensando en voz alta como podemos ser un poco mejores cada d\u00eda. Fue un honor representar a la ciudad en el Pre Cosqu\u00edn y es un privilegio poder brindar esta charla y compartir una parte de mi<\/strong>\u201d, concluye Santiago.<\/p>\n","protected":false},"excerpt":{"rendered":"<p>Desde la gesti\u00f3n municipal, se brindar\u00e1 una charla debate a cargo del acordeonista, Santiago Torres. El encuentro ser\u00e1 este viernes 24 de febrero a las 18 horas en el SUM Haras, ubicado en Moctezuma y Benjam\u00edn Matienzo. En dialogo con &hellip; <a href=\"https:\/\/morenoprimero.com.ar\/archivo\/trujui-se-realizara-la-charla-debate-el-acordeon-desde-el-barrio\/\">Sigue leyendo <span class=\"meta-nav\">&rarr;<\/span><\/a><\/p>\n","protected":false},"author":6,"featured_media":36493,"comment_status":"closed","ping_status":"closed","sticky":false,"template":"","format":"standard","meta":{"footnotes":""},"categories":[2332],"tags":[4460,106],"class_list":["post-36492","post","type-post","status-publish","format-standard","has-post-thumbnail","hentry","category-cultura","tag-santiago-torres","tag-trujui"],"_links":{"self":[{"href":"https:\/\/morenoprimero.com.ar\/archivo\/wp-json\/wp\/v2\/posts\/36492","targetHints":{"allow":["GET"]}}],"collection":[{"href":"https:\/\/morenoprimero.com.ar\/archivo\/wp-json\/wp\/v2\/posts"}],"about":[{"href":"https:\/\/morenoprimero.com.ar\/archivo\/wp-json\/wp\/v2\/types\/post"}],"author":[{"embeddable":true,"href":"https:\/\/morenoprimero.com.ar\/archivo\/wp-json\/wp\/v2\/users\/6"}],"replies":[{"embeddable":true,"href":"https:\/\/morenoprimero.com.ar\/archivo\/wp-json\/wp\/v2\/comments?post=36492"}],"version-history":[{"count":1,"href":"https:\/\/morenoprimero.com.ar\/archivo\/wp-json\/wp\/v2\/posts\/36492\/revisions"}],"predecessor-version":[{"id":36494,"href":"https:\/\/morenoprimero.com.ar\/archivo\/wp-json\/wp\/v2\/posts\/36492\/revisions\/36494"}],"wp:featuredmedia":[{"embeddable":true,"href":"https:\/\/morenoprimero.com.ar\/archivo\/wp-json\/wp\/v2\/media\/36493"}],"wp:attachment":[{"href":"https:\/\/morenoprimero.com.ar\/archivo\/wp-json\/wp\/v2\/media?parent=36492"}],"wp:term":[{"taxonomy":"category","embeddable":true,"href":"https:\/\/morenoprimero.com.ar\/archivo\/wp-json\/wp\/v2\/categories?post=36492"},{"taxonomy":"post_tag","embeddable":true,"href":"https:\/\/morenoprimero.com.ar\/archivo\/wp-json\/wp\/v2\/tags?post=36492"}],"curies":[{"name":"wp","href":"https:\/\/api.w.org\/{rel}","templated":true}]}}