{"id":36488,"date":"2023-02-23T18:00:19","date_gmt":"2023-02-23T21:00:19","guid":{"rendered":"https:\/\/morenoprimero.com.ar\/?p=36488"},"modified":"2023-02-27T15:27:51","modified_gmt":"2023-02-27T18:27:51","slug":"la-patria-de-los-comunes-los-movimientos-sociales-presentan-su-partido-politico-para-competir-en-las-paso","status":"publish","type":"post","link":"https:\/\/morenoprimero.com.ar\/archivo\/la-patria-de-los-comunes-los-movimientos-sociales-presentan-su-partido-politico-para-competir-en-las-paso\/","title":{"rendered":"La Patria de los Comunes: los movimientos sociales presentan su partido pol\u00edtico para competir en las PASO&nbsp;"},"content":{"rendered":"\n<p>Es el primer partido pol\u00edtico de los movimientos sociales. Disputar\u00e1 las elecciones PASO del Frente de Todos. Impulsado por el Movimiento Evita, se sum\u00f3 Barrios de Pie y otras organizaciones sociales. El pr\u00f3ximo viernes 24 de febrero realizan la presentaci\u00f3n formal. Moreno es uno de los municipios claves para el nuevo partido pol\u00edtico<em>. &nbsp;<\/em><\/p>\n\n\n\n<p><strong>Emilio P\u00e9rsico<\/strong>, referente del Movimiento Evita, <strong>y Daniel Men\u00e9ndez<\/strong>, coordinador nacional de Somos Barrios de Pie, ser\u00e1n los principales oradores del acto de presentaci\u00f3n p\u00fablica del partido, que se realizar\u00e1 en el Torquato de Tasso del barrio porte\u00f1o de San Telmo.&nbsp;<\/p>\n\n\n\n<p>Ambos son funcionarios del ministerio de Desarrollo Social desde la llegada de Alberto Fern\u00e1ndez a la Casa Rosada. En el caso de P\u00e9rsico se desempe\u00f1a como Secretario de Econom\u00eda Social, mientras que Men\u00e9ndez ocupa el \u00e1rea de Pol\u00edticas de Integraci\u00f3n y Formaci\u00f3n como subsecretario. <strong>Ser\u00e1n presidente y vicepresidente del partido, respectivamente.<\/strong><strong>&nbsp;<\/strong><strong><\/strong><\/p>\n\n\n\n<p><strong>La Patria de los Comunes<\/strong> <strong>impulsar\u00e1 sus propios candidatos a gobernador y gobernadora en diferentes provincias<\/strong>. En <strong>Santa Fe<\/strong>, Eduardo Toniolli encabezar\u00e1 una la f\u00f3rmula dentro del peronismo santafesino y buscar\u00e1 sumar aliados de otras fuerzas pol\u00edticas. Tambi\u00e9n habr\u00e1 candidato de los Movimientos Sociales en <strong>R\u00edo Negro<\/strong>, con la candidatura de la exdiputada nacional Silvia Horne.&nbsp;<\/p>\n\n\n\n<p>A trav\u00e9s de la estructura partidaria, <strong>los movimientos sociales buscar\u00e1n disputar al menos 19 distritos bonaerenses. <\/strong><strong>&nbsp;<\/strong><strong><\/strong><\/p>\n\n\n\n<p><strong>La Matanza es una de las prioridades<\/strong>, actualmente gobernada por Fernando Espinoza, donde la diputada bonaerense y referente del Movimiento Evita, <strong>Patricia \u201cColo\u201d Cubr\u00eda<\/strong> se postular\u00e1 para las PASO. Cubr\u00eda expres\u00f3 a un importante medio nacional que \u201cen la matanza tenemos grandes posibilidades de salir victoriosos\u201d, y sostuvo que el nuevo espacio busca \u201cllenar de pueblo a la pol\u00edtica, como dec\u00eda Per\u00f3n.\u201d&nbsp;<\/p>\n\n\n\n<p><strong>Otro de los municipios importantes es Moreno<\/strong>, \u00fanico basti\u00f3n del Movimiento Evita actualmente<strong>. Mariel Fern\u00e1ndez arrib\u00f3 en el municipio&nbsp;en el a\u00f1o 2019 y supo llevar adelante una gesti\u00f3n hist\u00f3rica en Moreno y consolidarse como la mejor expresi\u00f3n del peronismo en el distrito. Ahora buscar\u00e1 la reelecci\u00f3n.&nbsp;<\/strong><strong>&nbsp;<\/strong><strong><\/strong><\/p>\n\n\n\n<p><strong>La estrategia electoral prev\u00e9 tambi\u00e9n&nbsp;disputar territorios hostiles<\/strong>. La Patria de los Comunes intentar\u00e1 posicionar un candidato en municipios gestionados por el macrismo, tales como <strong>Tres de Febrero, Vicente L\u00f3pez y Lan\u00fas.<\/strong><strong>&nbsp;<\/strong><strong><\/strong><\/p>\n\n\n\n<p>Los representantes de las organizaciones sociales coinciden en que esta nueva instancia de participaci\u00f3n pol\u00edtica de los movimientos sociales, adem\u00e1s de \u201c<strong>aportar volumen electoral al Frente de Todos<\/strong>\u201d, tiene objetivos que se expresar\u00e1n en un <strong>programa productivo, econ\u00f3mico y social \u201cque incluyan a las mayor\u00edas populares\u201d. <\/strong><strong>&nbsp;<\/strong><strong><\/strong><\/p>\n\n\n\n<p><strong>La prioridad de la agenda del nuevo espacio pol\u00edtica, aseguraron, es la necesidad de resolver los problemas de la pobreza.<\/strong><strong>&nbsp;<\/strong><strong><\/strong><\/p>\n","protected":false},"excerpt":{"rendered":"<p>Es el primer partido pol\u00edtico de los movimientos sociales. Disputar\u00e1 las elecciones PASO del Frente de Todos. Impulsado por el Movimiento Evita, se sum\u00f3 Barrios de Pie y otras organizaciones sociales. El pr\u00f3ximo viernes 24 de febrero realizan la presentaci\u00f3n &hellip; <a href=\"https:\/\/morenoprimero.com.ar\/archivo\/la-patria-de-los-comunes-los-movimientos-sociales-presentan-su-partido-politico-para-competir-en-las-paso\/\">Sigue leyendo <span class=\"meta-nav\">&rarr;<\/span><\/a><\/p>\n","protected":false},"author":6,"featured_media":36582,"comment_status":"closed","ping_status":"closed","sticky":false,"template":"","format":"standard","meta":{"footnotes":""},"categories":[21],"tags":[4459,2258,4458,276],"class_list":["post-36488","post","type-post","status-publish","format-standard","has-post-thumbnail","hentry","category-interes-general","tag-daniel-menendez","tag-emilio-persico","tag-la-patria-de-los-comunes","tag-mariel-fernandez"],"_links":{"self":[{"href":"https:\/\/morenoprimero.com.ar\/archivo\/wp-json\/wp\/v2\/posts\/36488","targetHints":{"allow":["GET"]}}],"collection":[{"href":"https:\/\/morenoprimero.com.ar\/archivo\/wp-json\/wp\/v2\/posts"}],"about":[{"href":"https:\/\/morenoprimero.com.ar\/archivo\/wp-json\/wp\/v2\/types\/post"}],"author":[{"embeddable":true,"href":"https:\/\/morenoprimero.com.ar\/archivo\/wp-json\/wp\/v2\/users\/6"}],"replies":[{"embeddable":true,"href":"https:\/\/morenoprimero.com.ar\/archivo\/wp-json\/wp\/v2\/comments?post=36488"}],"version-history":[{"count":2,"href":"https:\/\/morenoprimero.com.ar\/archivo\/wp-json\/wp\/v2\/posts\/36488\/revisions"}],"predecessor-version":[{"id":36583,"href":"https:\/\/morenoprimero.com.ar\/archivo\/wp-json\/wp\/v2\/posts\/36488\/revisions\/36583"}],"wp:featuredmedia":[{"embeddable":true,"href":"https:\/\/morenoprimero.com.ar\/archivo\/wp-json\/wp\/v2\/media\/36582"}],"wp:attachment":[{"href":"https:\/\/morenoprimero.com.ar\/archivo\/wp-json\/wp\/v2\/media?parent=36488"}],"wp:term":[{"taxonomy":"category","embeddable":true,"href":"https:\/\/morenoprimero.com.ar\/archivo\/wp-json\/wp\/v2\/categories?post=36488"},{"taxonomy":"post_tag","embeddable":true,"href":"https:\/\/morenoprimero.com.ar\/archivo\/wp-json\/wp\/v2\/tags?post=36488"}],"curies":[{"name":"wp","href":"https:\/\/api.w.org\/{rel}","templated":true}]}}