{"id":3647,"date":"2020-10-06T19:25:01","date_gmt":"2020-10-06T19:25:01","guid":{"rendered":"https:\/\/morenoprimero.com.ar\/?p=3647"},"modified":"2020-10-06T19:25:01","modified_gmt":"2020-10-06T19:25:01","slug":"mariel-fernandez-es-esencial-la-planificacion-del-estado-pensando-en-el-bien-comun","status":"publish","type":"post","link":"https:\/\/morenoprimero.com.ar\/archivo\/mariel-fernandez-es-esencial-la-planificacion-del-estado-pensando-en-el-bien-comun\/","title":{"rendered":"MARIEL FERN\u00c1NDEZ: \u201cES ESENCIAL LA PLANIFICACI\u00d3N DEL ESTADO PENSANDO EN EL BIEN COM\u00daN\u201d"},"content":{"rendered":"\n<h4 class=\"wp-block-heading\"><strong>Durante la ma\u00f1ana del martes, la intendenta particip\u00f3 de la inauguraci\u00f3n del primer Parque Agrario Agroecol\u00f3gico morenense.<\/strong><\/h4>\n\n\n\n<figure class=\"wp-block-gallery columns-3 is-cropped wp-block-gallery-1 is-layout-flex wp-block-gallery-is-layout-flex\"><ul class=\"blocks-gallery-grid\"><li class=\"blocks-gallery-item\"><figure><img loading=\"lazy\" decoding=\"async\" width=\"1024\" height=\"682\" src=\"https:\/\/morenoprimero.com.ar\/wp-content\/uploads\/2020\/10\/1-3-1-1024x682.jpeg\" alt=\"\" data-id=\"3654\" class=\"wp-image-3654\" srcset=\"https:\/\/morenoprimero.com.ar\/archivo\/wp-content\/uploads\/2020\/10\/1-3-1-1024x682.jpeg 1024w, https:\/\/morenoprimero.com.ar\/archivo\/wp-content\/uploads\/2020\/10\/1-3-1-300x200.jpeg 300w, https:\/\/morenoprimero.com.ar\/archivo\/wp-content\/uploads\/2020\/10\/1-3-1-768x512.jpeg 768w, https:\/\/morenoprimero.com.ar\/archivo\/wp-content\/uploads\/2020\/10\/1-3-1.jpeg 1280w\" sizes=\"auto, (max-width: 1024px) 100vw, 1024px\" \/><\/figure><\/li><li class=\"blocks-gallery-item\"><figure><img loading=\"lazy\" decoding=\"async\" width=\"1024\" height=\"683\" src=\"https:\/\/morenoprimero.com.ar\/wp-content\/uploads\/2020\/10\/3-1-1024x683.jpg\" alt=\"\" data-id=\"3656\" data-link=\"https:\/\/morenoprimero.com.ar\/?attachment_id=3656\" class=\"wp-image-3656\" srcset=\"https:\/\/morenoprimero.com.ar\/archivo\/wp-content\/uploads\/2020\/10\/3-1-1024x683.jpg 1024w, https:\/\/morenoprimero.com.ar\/archivo\/wp-content\/uploads\/2020\/10\/3-1-300x200.jpg 300w, https:\/\/morenoprimero.com.ar\/archivo\/wp-content\/uploads\/2020\/10\/3-1-768x512.jpg 768w, https:\/\/morenoprimero.com.ar\/archivo\/wp-content\/uploads\/2020\/10\/3-1-1536x1024.jpg 1536w, https:\/\/morenoprimero.com.ar\/archivo\/wp-content\/uploads\/2020\/10\/3-1-2048x1366.jpg 2048w\" sizes=\"auto, (max-width: 1024px) 100vw, 1024px\" \/><\/figure><\/li><li class=\"blocks-gallery-item\"><figure><img loading=\"lazy\" decoding=\"async\" width=\"1024\" height=\"683\" src=\"https:\/\/morenoprimero.com.ar\/wp-content\/uploads\/2020\/10\/4-1-1024x683.jpg\" alt=\"\" data-id=\"3657\" data-link=\"https:\/\/morenoprimero.com.ar\/?attachment_id=3657\" class=\"wp-image-3657\" srcset=\"https:\/\/morenoprimero.com.ar\/archivo\/wp-content\/uploads\/2020\/10\/4-1-1024x683.jpg 1024w, https:\/\/morenoprimero.com.ar\/archivo\/wp-content\/uploads\/2020\/10\/4-1-300x200.jpg 300w, https:\/\/morenoprimero.com.ar\/archivo\/wp-content\/uploads\/2020\/10\/4-1-768x512.jpg 768w, https:\/\/morenoprimero.com.ar\/archivo\/wp-content\/uploads\/2020\/10\/4-1-1536x1024.jpg 1536w, https:\/\/morenoprimero.com.ar\/archivo\/wp-content\/uploads\/2020\/10\/4-1-2048x1365.jpg 2048w\" sizes=\"auto, (max-width: 1024px) 100vw, 1024px\" \/><\/figure><\/li><li class=\"blocks-gallery-item\"><figure><img loading=\"lazy\" decoding=\"async\" width=\"1024\" height=\"683\" src=\"https:\/\/morenoprimero.com.ar\/wp-content\/uploads\/2020\/10\/2-2-1024x683.jpg\" alt=\"\" data-id=\"3658\" data-full-url=\"https:\/\/morenoprimero.com.ar\/wp-content\/uploads\/2020\/10\/2-2-scaled.jpg\" data-link=\"https:\/\/morenoprimero.com.ar\/?attachment_id=3658\" class=\"wp-image-3658\" srcset=\"https:\/\/morenoprimero.com.ar\/archivo\/wp-content\/uploads\/2020\/10\/2-2-1024x683.jpg 1024w, https:\/\/morenoprimero.com.ar\/archivo\/wp-content\/uploads\/2020\/10\/2-2-300x200.jpg 300w, https:\/\/morenoprimero.com.ar\/archivo\/wp-content\/uploads\/2020\/10\/2-2-768x512.jpg 768w, https:\/\/morenoprimero.com.ar\/archivo\/wp-content\/uploads\/2020\/10\/2-2-1536x1024.jpg 1536w, https:\/\/morenoprimero.com.ar\/archivo\/wp-content\/uploads\/2020\/10\/2-2-2048x1365.jpg 2048w\" sizes=\"auto, (max-width: 1024px) 100vw, 1024px\" \/><\/figure><\/li><\/ul><\/figure>\n\n\n\n<p>En la inauguraci\u00f3n del primer <strong>Parque Agrario Agroecol\u00f3gico<\/strong> de Moreno participaron, junto a la intendenta, Miguel G\u00f3mez, <strong>secretario de Agricultura Familiar, Campesina e Ind\u00edgena de la Naci\u00f3n<\/strong>; Ezequiel Wainer, <strong>director Provincial de Agricultura Familiar y Desarrollo Rural<\/strong>; Manuel Pedreira, <strong>integrante del Consejo Directivo del INTA<\/strong>; Mar\u00eda Gim\u00e9nez, <strong>administradora del IMDEL<\/strong>; autoridades municipales, productores y productoras locales.<\/p>\n\n\n\n<p>En primer lugar, la intendenta afirm\u00f3 que \u201c<strong>es esencial la planificaci\u00f3n del Estado pensando en el bien com\u00fan, tal como fue pensada en esta propuesta. En este caso, la comunidad de Moreno, ya que necesitamos que se produzca alimento en un municipio que tiene tantas necesidades<\/strong>\u201d, y destac\u00f3 que \u201c<strong>el uso de la tierra en Moreno tiene que ser para generar trabajo, alimentos y para que las familias pueden desarrollarse en el Municipio que habitan. Esas son las tres pol\u00edticas sobre las que estamos trabajando<\/strong>.\u201d&nbsp;&nbsp;<\/p>\n\n\n\n<p><strong>El Parque est\u00e1 ubicado en la localidad de Cuartel V y cuenta con 75 hect\u00e1reas<\/strong>. Se trata de una salida sobre la tierra privada que est\u00e1 ociosa: <strong>se firm\u00f3 el convenio entre el propietario de la tierra en acuerdo con productores y se conform\u00f3 un consorcio a diez a\u00f1os<\/strong>. <strong>El proyecto<\/strong>, impulsado desde el Ejecutivo y trabajado y aprobado en el HCD, <strong>contempla que parte de la producci\u00f3n sea donada a comedores y merenderos comunitarios<\/strong>. Adem\u00e1s, se contin\u00faa el relevamiento de otras tierras privadas que no est\u00e1n en uso y se acerca esta propuesta a sus propietarios.<\/p>\n\n\n\n<p>Gim\u00e9nez expres\u00f3 que \u201c<strong>Venimos de pensar y so\u00f1ar esta propuesta hace muchos a\u00f1os, y hoy con la decisi\u00f3n de la intendenta, tierras rurales de Moreno se transforman r\u00e1pidamente en productoras de alimentos de cercan\u00eda y de forma agroecol\u00f3gica y nos llena de orgullo<\/strong>\u201d y asegur\u00f3 que la iniciativa tuvo eco en muchos distritos.<\/p>\n\n\n\n<p>Por su parte, el secretario G\u00f3mez dijo que<strong>&nbsp;\u201cesta propuesta va a generar una tendencia en la periferia de las ciudades y que tiene que ver con animarnos a pensar nuevos paradigmas productivos. Estamos en una situaci\u00f3n muy cr\u00edtica, y la producci\u00f3n de alimentos de forma agroecol\u00f3gica es el camino que tenemos que iniciar, que hoy esto se realice en este Municipio que conduce la compa\u00f1era Mariel es sumamente importante. Hoy Moreno marca un punto de inflexi\u00f3n en pensar el ordenamiento territorial<\/strong>.\u201d<\/p>\n\n\n\n<p><strong>Ezequiel Wainer<\/strong> destac\u00f3 la voluntad del gobernador por el lanzamiento de distintas medidas \u201c<strong>que revalorizan la producci\u00f3n agroecol\u00f3gica en la provincia y&nbsp;&nbsp;a los productores de la agricultura familiar como sujetos claves para transformar y dar valor a una matriz productiva distinta, que incluye a los productores, al medioambiente y que es justa socialmente<\/strong>.\u201d<\/p>\n\n\n\n<p>Fuente: Municipio de Moreno.<\/p>\n","protected":false},"excerpt":{"rendered":"<p>Durante la ma\u00f1ana del martes, la intendenta particip\u00f3 de la inauguraci\u00f3n del primer Parque Agrario Agroecol\u00f3gico morenense. En la inauguraci\u00f3n del primer Parque Agrario Agroecol\u00f3gico de Moreno participaron, junto a la intendenta, Miguel G\u00f3mez, secretario de Agricultura Familiar, Campesina e &hellip; <a href=\"https:\/\/morenoprimero.com.ar\/archivo\/mariel-fernandez-es-esencial-la-planificacion-del-estado-pensando-en-el-bien-comun\/\">Sigue leyendo <span class=\"meta-nav\">&rarr;<\/span><\/a><\/p>\n","protected":false},"author":6,"featured_media":3656,"comment_status":"open","ping_status":"open","sticky":false,"template":"","format":"standard","meta":{"footnotes":""},"categories":[3,27],"tags":[276,664],"class_list":["post-3647","post","type-post","status-publish","format-standard","has-post-thumbnail","hentry","category-importantes","category-politica","tag-mariel-fernandez","tag-parque-agrario-agroecologico"],"_links":{"self":[{"href":"https:\/\/morenoprimero.com.ar\/archivo\/wp-json\/wp\/v2\/posts\/3647","targetHints":{"allow":["GET"]}}],"collection":[{"href":"https:\/\/morenoprimero.com.ar\/archivo\/wp-json\/wp\/v2\/posts"}],"about":[{"href":"https:\/\/morenoprimero.com.ar\/archivo\/wp-json\/wp\/v2\/types\/post"}],"author":[{"embeddable":true,"href":"https:\/\/morenoprimero.com.ar\/archivo\/wp-json\/wp\/v2\/users\/6"}],"replies":[{"embeddable":true,"href":"https:\/\/morenoprimero.com.ar\/archivo\/wp-json\/wp\/v2\/comments?post=3647"}],"version-history":[{"count":3,"href":"https:\/\/morenoprimero.com.ar\/archivo\/wp-json\/wp\/v2\/posts\/3647\/revisions"}],"predecessor-version":[{"id":3672,"href":"https:\/\/morenoprimero.com.ar\/archivo\/wp-json\/wp\/v2\/posts\/3647\/revisions\/3672"}],"wp:featuredmedia":[{"embeddable":true,"href":"https:\/\/morenoprimero.com.ar\/archivo\/wp-json\/wp\/v2\/media\/3656"}],"wp:attachment":[{"href":"https:\/\/morenoprimero.com.ar\/archivo\/wp-json\/wp\/v2\/media?parent=3647"}],"wp:term":[{"taxonomy":"category","embeddable":true,"href":"https:\/\/morenoprimero.com.ar\/archivo\/wp-json\/wp\/v2\/categories?post=3647"},{"taxonomy":"post_tag","embeddable":true,"href":"https:\/\/morenoprimero.com.ar\/archivo\/wp-json\/wp\/v2\/tags?post=3647"}],"curies":[{"name":"wp","href":"https:\/\/api.w.org\/{rel}","templated":true}]}}