{"id":36469,"date":"2023-02-22T16:05:54","date_gmt":"2023-02-22T19:05:54","guid":{"rendered":"https:\/\/morenoprimero.com.ar\/?p=36469"},"modified":"2023-02-22T16:05:55","modified_gmt":"2023-02-22T19:05:55","slug":"miles-de-personas-disfrutaron-de-los-carnavales-de-moreno","status":"publish","type":"post","link":"https:\/\/morenoprimero.com.ar\/archivo\/miles-de-personas-disfrutaron-de-los-carnavales-de-moreno\/","title":{"rendered":"Miles de personas disfrutaron de los carnavales de Moreno"},"content":{"rendered":"\n<p>El Municipio de Moreno llev\u00f3 adelante la temporada de carnavales acercando shows en vivo a distintas localidades del distrito, donde se presentaron tanto artistas y murgas locales, como artistas reconocidos a nivel nacional. El broche de oro de las celebraciones estuvo a cargo de La Delio Vald\u00e9z. <\/p>\n\n\n\n<p>El d\u00eda martes 21 de febrero en la Avenida Mitre, el reconocido grupo de m\u00fasica tropical, La Delio Vald\u00e9z, fue el encargado de dar el cierre a la seguidilla de celebraciones que se llevaron adelante todos los fines de semana desde el mes de enero.<\/p>\n\n\n\n<p>La intendenta, Mariel Fern\u00e1ndez, expres\u00f3 su gratitud con el trabajo realizado en cada uno de los festivales: <strong>\u201cPoder construir un Moreno hermoso, el Moreno que todas y todos so\u00f1amos, es mi prioridad. Que las familias tengan acceso a espacios de disfrute, de felicidad, de forma gratuita es una de las cosas m\u00e1s importantes para mi, para que todo el mundo pueda estar presente\u201d<\/strong>. Y agreg\u00f3: <strong>\u201cAgradezco a todas las murgas de los barrios, a todas las personas presentes y a las que trabajan para que podamos tener estos espect\u00e1culos tan lindos\u201d<\/strong>.<\/p>\n\n\n\n<figure class=\"wp-block-image size-large\"><a href=\"https:\/\/morenoprimero.com.ar\/wp-content\/uploads\/2023\/02\/WhatsApp-Image-2023-02-22-at-15.20.38-2.jpeg\"><img loading=\"lazy\" decoding=\"async\" width=\"1024\" height=\"683\" src=\"https:\/\/morenoprimero.com.ar\/wp-content\/uploads\/2023\/02\/WhatsApp-Image-2023-02-22-at-15.20.38-2-1024x683.jpeg\" alt=\"\" class=\"wp-image-36473\" srcset=\"https:\/\/morenoprimero.com.ar\/archivo\/wp-content\/uploads\/2023\/02\/WhatsApp-Image-2023-02-22-at-15.20.38-2-1024x683.jpeg 1024w, https:\/\/morenoprimero.com.ar\/archivo\/wp-content\/uploads\/2023\/02\/WhatsApp-Image-2023-02-22-at-15.20.38-2-300x200.jpeg 300w, https:\/\/morenoprimero.com.ar\/archivo\/wp-content\/uploads\/2023\/02\/WhatsApp-Image-2023-02-22-at-15.20.38-2-768x512.jpeg 768w, https:\/\/morenoprimero.com.ar\/archivo\/wp-content\/uploads\/2023\/02\/WhatsApp-Image-2023-02-22-at-15.20.38-2-1536x1024.jpeg 1536w, https:\/\/morenoprimero.com.ar\/archivo\/wp-content\/uploads\/2023\/02\/WhatsApp-Image-2023-02-22-at-15.20.38-2.jpeg 1600w\" sizes=\"auto, (max-width: 1024px) 100vw, 1024px\" \/><\/a><\/figure>\n\n\n\n<p><\/p>\n\n\n\n<p>Los carnavales que disfrutaron miles de personas y que recorrieron diferentes puntos Moreno, contaron con la presencia de los artistas: Jimmy y su Combo Negro, S\u00faper Quinteto, Sonora M\u00e1ster, Los Charros, Los Dorados; El Golpe Norte\u00f1o, Ra\u00fal Ram\u00edrez.<\/p>\n\n\n\n<p>Durante las jornadas, destinadas al encuentro y al entretenimiento de las familias morenenses y de localidades aleda\u00f1as, tambi\u00e9n se presentaron murgas y artistas locales: Nova Mistura; Eugenia Uhart; Tony Olivera; La Banda de Pola; La Murga Los Pegotes Torcidos; Comparsa Ayllu; Los Mocosos del Encontronazo; Los Intocables del Oeste; Rumberos de La Perla; Rompe la Siesta; Mal bicho; Los Fant\u00e1sticos de Moreno; el Centro de Murga Los Retocados de Villa Urquiza; Bibi Vero; Moreno sagrado; La Pili; Zarabanda Arrabalera; Dani Bel\u00e9n; Palo y a la Bolsa; La Q te Importa; Los Dandi de Moreno; Los Afortunados de Maril\u00f3; Derechos Torcidos; Los Elegidos; Rojas SJ, La banda de Lolita; Kriss MC; Marcelo Le\u00f3n y el S\u00faper Imperial.<\/p>\n\n\n\n<p>Adem\u00e1s de las comparsas, murgas y los show musicales, se realizaron espect\u00e1culos animaci\u00f3n y malabarismo de la mano del Circo FUAA, del que disfrutaron tanto grandes como chicas y chicos.<\/p>\n\n\n\n<p>De esta manera, la gesti\u00f3n encabezada por la intendenta Mariel Fern\u00e1ndez logr\u00f3 acercarles a las vecinas y vecinos m\u00fasica y arte en distintas facetas, para que disfruten de manera segura y con espect\u00e1culos de calidad para toda la familia.<\/p>\n\n\n\n<figure class=\"wp-block-gallery has-nested-images columns-default is-cropped wp-block-gallery-1 is-layout-flex wp-block-gallery-is-layout-flex\">\n<figure class=\"wp-block-image size-large\"><a href=\"https:\/\/morenoprimero.com.ar\/wp-content\/uploads\/2023\/02\/WhatsApp-Image-2023-02-22-at-15.20.38-3.jpeg\"><img loading=\"lazy\" decoding=\"async\" width=\"1024\" height=\"576\" data-id=\"36470\" src=\"https:\/\/morenoprimero.com.ar\/wp-content\/uploads\/2023\/02\/WhatsApp-Image-2023-02-22-at-15.20.38-3-1024x576.jpeg\" alt=\"\" class=\"wp-image-36470\" srcset=\"https:\/\/morenoprimero.com.ar\/archivo\/wp-content\/uploads\/2023\/02\/WhatsApp-Image-2023-02-22-at-15.20.38-3-1024x576.jpeg 1024w, https:\/\/morenoprimero.com.ar\/archivo\/wp-content\/uploads\/2023\/02\/WhatsApp-Image-2023-02-22-at-15.20.38-3-300x169.jpeg 300w, https:\/\/morenoprimero.com.ar\/archivo\/wp-content\/uploads\/2023\/02\/WhatsApp-Image-2023-02-22-at-15.20.38-3-768x432.jpeg 768w, https:\/\/morenoprimero.com.ar\/archivo\/wp-content\/uploads\/2023\/02\/WhatsApp-Image-2023-02-22-at-15.20.38-3-1536x864.jpeg 1536w, https:\/\/morenoprimero.com.ar\/archivo\/wp-content\/uploads\/2023\/02\/WhatsApp-Image-2023-02-22-at-15.20.38-3.jpeg 1600w\" sizes=\"auto, (max-width: 1024px) 100vw, 1024px\" \/><\/a><\/figure>\n\n\n\n<figure class=\"wp-block-image size-large\"><a href=\"https:\/\/morenoprimero.com.ar\/wp-content\/uploads\/2023\/02\/WhatsApp-Image-2023-02-22-at-15.20.38-1.jpeg\"><img loading=\"lazy\" decoding=\"async\" width=\"1024\" height=\"682\" data-id=\"36472\" src=\"https:\/\/morenoprimero.com.ar\/wp-content\/uploads\/2023\/02\/WhatsApp-Image-2023-02-22-at-15.20.38-1-1024x682.jpeg\" alt=\"\" class=\"wp-image-36472\" srcset=\"https:\/\/morenoprimero.com.ar\/archivo\/wp-content\/uploads\/2023\/02\/WhatsApp-Image-2023-02-22-at-15.20.38-1-1024x682.jpeg 1024w, https:\/\/morenoprimero.com.ar\/archivo\/wp-content\/uploads\/2023\/02\/WhatsApp-Image-2023-02-22-at-15.20.38-1-300x200.jpeg 300w, https:\/\/morenoprimero.com.ar\/archivo\/wp-content\/uploads\/2023\/02\/WhatsApp-Image-2023-02-22-at-15.20.38-1-768x512.jpeg 768w, https:\/\/morenoprimero.com.ar\/archivo\/wp-content\/uploads\/2023\/02\/WhatsApp-Image-2023-02-22-at-15.20.38-1-1536x1023.jpeg 1536w, https:\/\/morenoprimero.com.ar\/archivo\/wp-content\/uploads\/2023\/02\/WhatsApp-Image-2023-02-22-at-15.20.38-1.jpeg 1600w\" sizes=\"auto, (max-width: 1024px) 100vw, 1024px\" \/><\/a><\/figure>\n\n\n\n<figure class=\"wp-block-image size-large\"><a href=\"https:\/\/morenoprimero.com.ar\/wp-content\/uploads\/2023\/02\/WhatsApp-Image-2023-02-22-at-15.20.38.jpeg\"><img loading=\"lazy\" decoding=\"async\" width=\"1024\" height=\"683\" data-id=\"36474\" src=\"https:\/\/morenoprimero.com.ar\/wp-content\/uploads\/2023\/02\/WhatsApp-Image-2023-02-22-at-15.20.38-1024x683.jpeg\" alt=\"\" class=\"wp-image-36474\" srcset=\"https:\/\/morenoprimero.com.ar\/archivo\/wp-content\/uploads\/2023\/02\/WhatsApp-Image-2023-02-22-at-15.20.38-1024x683.jpeg 1024w, https:\/\/morenoprimero.com.ar\/archivo\/wp-content\/uploads\/2023\/02\/WhatsApp-Image-2023-02-22-at-15.20.38-300x200.jpeg 300w, https:\/\/morenoprimero.com.ar\/archivo\/wp-content\/uploads\/2023\/02\/WhatsApp-Image-2023-02-22-at-15.20.38-768x512.jpeg 768w, https:\/\/morenoprimero.com.ar\/archivo\/wp-content\/uploads\/2023\/02\/WhatsApp-Image-2023-02-22-at-15.20.38-1536x1024.jpeg 1536w, https:\/\/morenoprimero.com.ar\/archivo\/wp-content\/uploads\/2023\/02\/WhatsApp-Image-2023-02-22-at-15.20.38.jpeg 1600w\" sizes=\"auto, (max-width: 1024px) 100vw, 1024px\" \/><\/a><\/figure>\n\n\n\n<figure class=\"wp-block-image size-large\"><a href=\"https:\/\/morenoprimero.com.ar\/wp-content\/uploads\/2023\/02\/WhatsApp-Image-2023-02-22-at-15.20.37.jpeg\"><img loading=\"lazy\" decoding=\"async\" width=\"1024\" height=\"683\" data-id=\"36475\" src=\"https:\/\/morenoprimero.com.ar\/wp-content\/uploads\/2023\/02\/WhatsApp-Image-2023-02-22-at-15.20.37-1024x683.jpeg\" alt=\"\" class=\"wp-image-36475\" srcset=\"https:\/\/morenoprimero.com.ar\/archivo\/wp-content\/uploads\/2023\/02\/WhatsApp-Image-2023-02-22-at-15.20.37-1024x683.jpeg 1024w, https:\/\/morenoprimero.com.ar\/archivo\/wp-content\/uploads\/2023\/02\/WhatsApp-Image-2023-02-22-at-15.20.37-300x200.jpeg 300w, https:\/\/morenoprimero.com.ar\/archivo\/wp-content\/uploads\/2023\/02\/WhatsApp-Image-2023-02-22-at-15.20.37-768x512.jpeg 768w, https:\/\/morenoprimero.com.ar\/archivo\/wp-content\/uploads\/2023\/02\/WhatsApp-Image-2023-02-22-at-15.20.37-1536x1024.jpeg 1536w, https:\/\/morenoprimero.com.ar\/archivo\/wp-content\/uploads\/2023\/02\/WhatsApp-Image-2023-02-22-at-15.20.37.jpeg 1600w\" sizes=\"auto, (max-width: 1024px) 100vw, 1024px\" \/><\/a><\/figure>\n<\/figure>\n","protected":false},"excerpt":{"rendered":"<p>El Municipio de Moreno llev\u00f3 adelante la temporada de carnavales acercando shows en vivo a distintas localidades del distrito, donde se presentaron tanto artistas y murgas locales, como artistas reconocidos a nivel nacional. El broche de oro de las celebraciones &hellip; <a href=\"https:\/\/morenoprimero.com.ar\/archivo\/miles-de-personas-disfrutaron-de-los-carnavales-de-moreno\/\">Sigue leyendo <span class=\"meta-nav\">&rarr;<\/span><\/a><\/p>\n","protected":false},"author":6,"featured_media":36471,"comment_status":"closed","ping_status":"closed","sticky":false,"template":"","format":"standard","meta":{"footnotes":""},"categories":[2332],"tags":[4456,4457,276],"class_list":["post-36469","post","type-post","status-publish","format-standard","has-post-thumbnail","hentry","category-cultura","tag-carnavales-2023","tag-la-delio-valdez","tag-mariel-fernandez"],"_links":{"self":[{"href":"https:\/\/morenoprimero.com.ar\/archivo\/wp-json\/wp\/v2\/posts\/36469","targetHints":{"allow":["GET"]}}],"collection":[{"href":"https:\/\/morenoprimero.com.ar\/archivo\/wp-json\/wp\/v2\/posts"}],"about":[{"href":"https:\/\/morenoprimero.com.ar\/archivo\/wp-json\/wp\/v2\/types\/post"}],"author":[{"embeddable":true,"href":"https:\/\/morenoprimero.com.ar\/archivo\/wp-json\/wp\/v2\/users\/6"}],"replies":[{"embeddable":true,"href":"https:\/\/morenoprimero.com.ar\/archivo\/wp-json\/wp\/v2\/comments?post=36469"}],"version-history":[{"count":3,"href":"https:\/\/morenoprimero.com.ar\/archivo\/wp-json\/wp\/v2\/posts\/36469\/revisions"}],"predecessor-version":[{"id":36478,"href":"https:\/\/morenoprimero.com.ar\/archivo\/wp-json\/wp\/v2\/posts\/36469\/revisions\/36478"}],"wp:featuredmedia":[{"embeddable":true,"href":"https:\/\/morenoprimero.com.ar\/archivo\/wp-json\/wp\/v2\/media\/36471"}],"wp:attachment":[{"href":"https:\/\/morenoprimero.com.ar\/archivo\/wp-json\/wp\/v2\/media?parent=36469"}],"wp:term":[{"taxonomy":"category","embeddable":true,"href":"https:\/\/morenoprimero.com.ar\/archivo\/wp-json\/wp\/v2\/categories?post=36469"},{"taxonomy":"post_tag","embeddable":true,"href":"https:\/\/morenoprimero.com.ar\/archivo\/wp-json\/wp\/v2\/tags?post=36469"}],"curies":[{"name":"wp","href":"https:\/\/api.w.org\/{rel}","templated":true}]}}