{"id":3645,"date":"2020-10-08T14:37:00","date_gmt":"2020-10-08T14:37:00","guid":{"rendered":"https:\/\/morenoprimero.com.ar\/?p=3645"},"modified":"2022-06-29T12:32:19","modified_gmt":"2022-06-29T15:32:19","slug":"desde-la-direccion-de-juventudes-decidimos-hacernos-cargo-de-lo-que-hace-mucho-tiempo-quedaba-afuera-del-estado","status":"publish","type":"post","link":"https:\/\/morenoprimero.com.ar\/archivo\/desde-la-direccion-de-juventudes-decidimos-hacernos-cargo-de-lo-que-hace-mucho-tiempo-quedaba-afuera-del-estado\/","title":{"rendered":"\u00abDESDE LA DIRECCI\u00d3N DE JUVENTUDES DECIDIMOS HACERNOS CARGO DE LO QUE HACE MUCHO TIEMPO QUEDABA AFUERA DEL ESTADO\u00bb"},"content":{"rendered":"\n<h4 class=\"wp-block-heading\"><strong>Ayel\u00e9n Basualdo, Directora del \u00e1rea de Juventudes de Moreno convers\u00f3 con Moreno Primero sobre sus comienzos en la pol\u00edtica, las actividades que <\/strong>realizan durante la pandemia y los proyectos para el futuro pospandemia.<\/h4>\n\n\n\n<figure class=\"wp-block-gallery has-nested-images columns-default is-cropped wp-block-gallery-1 is-layout-flex wp-block-gallery-is-layout-flex\">\n<figure class=\"wp-block-image size-large\"><img loading=\"lazy\" decoding=\"async\" width=\"1024\" height=\"656\" data-id=\"3761\" src=\"https:\/\/morenoprimero.com.ar\/wp-content\/uploads\/2020\/10\/WhatsApp-Image-2020-10-08-at-2.32.07-PM-1024x656.jpeg\" alt=\"\" class=\"wp-image-3761\" srcset=\"https:\/\/morenoprimero.com.ar\/archivo\/wp-content\/uploads\/2020\/10\/WhatsApp-Image-2020-10-08-at-2.32.07-PM-1024x656.jpeg 1024w, https:\/\/morenoprimero.com.ar\/archivo\/wp-content\/uploads\/2020\/10\/WhatsApp-Image-2020-10-08-at-2.32.07-PM-300x192.jpeg 300w, https:\/\/morenoprimero.com.ar\/archivo\/wp-content\/uploads\/2020\/10\/WhatsApp-Image-2020-10-08-at-2.32.07-PM-768x492.jpeg 768w, https:\/\/morenoprimero.com.ar\/archivo\/wp-content\/uploads\/2020\/10\/WhatsApp-Image-2020-10-08-at-2.32.07-PM.jpeg 1080w\" sizes=\"auto, (max-width: 1024px) 100vw, 1024px\" \/><\/figure>\n<\/figure>\n\n\n\n<blockquote class=\"wp-block-quote is-style-large is-layout-flow wp-block-quote-is-layout-flow\"><p>La militancia sin dudas me cambi\u00f3 la vida. Es una forma de vida, es pensar en los dem\u00e1s vengas del lugar que vengas, es la herramienta para transformar la realidad y construir un futuro con igualdad de oportunidades.<\/p><\/blockquote>\n\n\n\n<p>Ayel\u00e9n tiene 23 a\u00f1os, milita desde que curs\u00f3 el colegio secundario y actualmente es la Directora de Juventudes del Municipio de Moreno, su primera experiencia en gesti\u00f3n estatal. <em><strong>El equipo de orientaci\u00f3n escolar, directivo y algunos profesores de la Escuela N\u00b02 Marina Vilte, me incentivaron a participar del Centro de Estudiantes y proyectos como J\u00f3venes y Memoria, Parlamento Juvenil del Mercosur. En esos espacios entend\u00ed la importancia de las voces de las juventudes<\/strong><\/em>, cuenta la joven directora y asegura con mucho entusiasmo que <em><strong>La militancia sin dudas me cambi\u00f3 la vida. Es una forma de vida, es pensar en los dem\u00e1s vengas del lugar que vengas, es la herramienta para transformar la realidad y construir un futuro con igualdad de oportunidades<\/strong><\/em>, asegura con mucho entusiasmo.<\/p>\n\n\n\n<p>Desde la Direcci\u00f3n de Juventudes municipal trabajan sobren dos ejes: la protecci\u00f3n y la promoci\u00f3n de derechos de los adolescentes y jovenes del distrito. En este sentido, Basualdo afirma que <strong><em>Nuestro objetivo es generar y promover pol\u00edticas p\u00fablicas que desarrollen las capacidades y potencialidades de lxs pibxs<\/em>. <\/strong><\/p>\n\n\n\n<p>En este marco, el \u00e1rea que coordina Ayel\u00e9n cuenta con cuatro programas. El <strong>Programa Adolescencias<\/strong> destinado a orientar, contener y acompa\u00f1ar a adolescentes que se encuentren atravesadxs por alguna problem\u00e1tica vincular\/familiar y \/o de vulnerabilidad social, para  generar estrategias de inclusi\u00f3n socio-comunitarias tendientes a garantizar el pleno ejercicio de sus derechos y obligaciones; el <strong>Programa Envi\u00f3n<\/strong>:donde cuentan con <strong>6 <\/strong>Casas J\u00f3venes, son las sedes Envi\u00f3n, que est\u00e1n distribuidas en las distintas localidades de Moreno y participan m\u00e1s de 300 j\u00f3venes de 14 a 21 a\u00f1os, que se encuentran en una situaci\u00f3n de vulnerabilidad; el <strong>Programa Juego Con Sentido<\/strong>: que surge como una herramienta m\u00e1s para abordar las problem\u00e1ticas vinculadas a las adolescencias. <strong><em>Porque creemos que el juego es una herramienta transformadora, es un gran facilitador para simbolizar cuestiones no dichas, para incorporar conceptos, valores, modos de vinculaci\u00f3n y resoluci\u00f3n de conflictos entre pares<\/em>,<\/strong> destaca la Directora.<\/p>\n\n\n\n<p>El cuarto programa se trata de <strong>Casa Pueblo<\/strong>, un dispositivo espec\u00edfico para atender el Consumo Problem\u00e1tico que va a funcionar en las Casas J\u00f3venes de Envi\u00f3n. <em><strong>Casa Pueblo nace desde una experiencia comunitaria, donde reconstru\u00edmos y acompa\u00f1amos la vida de lxs pibxs. Brindamos herramientas desde la prevenci\u00f3n del consumo, el abordaje espec\u00edfico y el trabajo a las familias, que muchas veces son las primeras que se acercan. Gracias a Mariel lo pudimos transformar en pol\u00edtica publica. El programa est\u00e1 a cargo de Diego Rodr\u00edguez, quien hoy esta armando y capacitando al equipo de profesionales y operadores<\/strong><\/em>, cuenta Ayel\u00e9n.<\/p>\n\n\n\n<figure class=\"wp-block-image size-large\"><img loading=\"lazy\" decoding=\"async\" width=\"960\" height=\"640\" src=\"https:\/\/morenoprimero.com.ar\/wp-content\/uploads\/2020\/10\/WhatsApp-Image-2020-10-06-at-15.16.12-2.jpeg\" alt=\"\" class=\"wp-image-3727\" srcset=\"https:\/\/morenoprimero.com.ar\/archivo\/wp-content\/uploads\/2020\/10\/WhatsApp-Image-2020-10-06-at-15.16.12-2.jpeg 960w, https:\/\/morenoprimero.com.ar\/archivo\/wp-content\/uploads\/2020\/10\/WhatsApp-Image-2020-10-06-at-15.16.12-2-300x200.jpeg 300w, https:\/\/morenoprimero.com.ar\/archivo\/wp-content\/uploads\/2020\/10\/WhatsApp-Image-2020-10-06-at-15.16.12-2-768x512.jpeg 768w\" sizes=\"auto, (max-width: 960px) 100vw, 960px\" \/><\/figure>\n\n\n\n<blockquote class=\"wp-block-quote is-style-large is-layout-flow wp-block-quote-is-layout-flow\"><p><em>Las juventudes de Moreno hoy tomamos esa responsabilidad de sostener las ollas en las esquinas de nuestras casas, en las canchas, iglesias, en los centros culturales, las sociedades de fomento y en cada espacio de las organizaciones<\/em>.<\/p><\/blockquote>\n\n\n\n<p>Durante el Aislamiento Social Preventivo y Obligatorio que impuso la pandemia, como en otras \u00e1reas, la demanda de la comunidad y el trabajo desde el estado creci\u00f3 exponencialmente. <em><strong>Muchas de las compa\u00f1eras que sostienen las ollas populares en los barrios hoy est\u00e1n en sus casas respetando el protocolo por ser mayores o ser factor de riesgo, las juventudes de Moreno hoy tomamos esa responsabilidad de sostener las ollas en las esquinas de nuestras casas, en las canchas, iglesias, en los centros culturales, las sociedades de fomento y en cada espacio de las organizaciones. Lxs pibes participamos del DetectAR , vamos casa por casa para identificar vecinos con s\u00edntomas asociados al virus<\/strong><\/em>, explica Basualdo y agrega que <em><strong>Tambi\u00e9n realizamos un voluntariado municipal donde asistimos a los adultos mayores y hacemos jornadas solidarias en nuestros barrios, pero de nosotrxs solo muestran que no respetamos el protocolo y salimos a tomar mates a las plazas. Y la realidad es otra, la realidad es que nos duele la crisis, y nos hacemos cargo de la misma. Porque creemos que nadie se salva solo y estamos organizadxs cuid\u00e1ndonos para cuidar al otrx.<\/strong><\/em><\/p>\n\n\n\n<blockquote class=\"wp-block-quote is-style-large is-layout-flow wp-block-quote-is-layout-flow\"><p><em>De nosotrxs solo muestran que no respetamos el protocolo y salimos a tomar mates a las plazas. Y la realidad es otra, la realidad es que nos duele la crisis, y nos hacemos cargo de la misma. Porque creemos que nadie se salva solo y estamos organizadxs cuid\u00e1ndonos para cuidar al otrx<\/em>.<\/p><\/blockquote>\n\n\n\n<figure class=\"wp-block-image size-large\"><img loading=\"lazy\" decoding=\"async\" width=\"1024\" height=\"683\" src=\"https:\/\/morenoprimero.com.ar\/wp-content\/uploads\/2020\/10\/104812447_1033249270406244_823672415372183637_o-1024x683.jpg\" alt=\"\" class=\"wp-image-3762\" srcset=\"https:\/\/morenoprimero.com.ar\/archivo\/wp-content\/uploads\/2020\/10\/104812447_1033249270406244_823672415372183637_o-1024x683.jpg 1024w, https:\/\/morenoprimero.com.ar\/archivo\/wp-content\/uploads\/2020\/10\/104812447_1033249270406244_823672415372183637_o-300x200.jpg 300w, https:\/\/morenoprimero.com.ar\/archivo\/wp-content\/uploads\/2020\/10\/104812447_1033249270406244_823672415372183637_o-768x512.jpg 768w, https:\/\/morenoprimero.com.ar\/archivo\/wp-content\/uploads\/2020\/10\/104812447_1033249270406244_823672415372183637_o.jpg 1080w\" sizes=\"auto, (max-width: 1024px) 100vw, 1024px\" \/><\/figure>\n\n\n\n<p>En relaci\u00f3n a la pospandemia<strong>,<\/strong> Ayel\u00e9n manifiesta que <em>q<\/em><strong><em>ueremos que cada Casa Joven cuente con m\u00e1s talleres de los que ya tenemos. Talleres m\u00e1s de oficios, y productivos donde lxs pibxs puedan llevar adelante sus emprendimientos y explotar sus potencialidades.<\/em> Apenas asumimos logramos hacer el primer encuentro con j\u00f3venes de las seis casas, nuestra idea es en la post pandemia retomar esos encuentros y seguir planificando los campamentos<\/strong>.<\/p>\n\n\n\n<blockquote class=\"wp-block-quote is-style-large is-layout-flow wp-block-quote-is-layout-flow\"><p><em>Desde la Direcci\u00f3n de Juventudes decidimos hacernos cargo de lo que hace mucho tiempo quedaba afuera del Estado. Y hoy sentimos la responsabilidad de llegar a todos los j\u00f3venes de Moreno<\/em>.<\/p><\/blockquote>\n\n\n\n<figure class=\"wp-block-image size-large\"><img loading=\"lazy\" decoding=\"async\" width=\"960\" height=\"720\" src=\"https:\/\/morenoprimero.com.ar\/wp-content\/uploads\/2020\/10\/WhatsApp-Image-2020-10-06-at-15.16.13-1-2.jpeg\" alt=\"\" class=\"wp-image-3725\" srcset=\"https:\/\/morenoprimero.com.ar\/archivo\/wp-content\/uploads\/2020\/10\/WhatsApp-Image-2020-10-06-at-15.16.13-1-2.jpeg 960w, https:\/\/morenoprimero.com.ar\/archivo\/wp-content\/uploads\/2020\/10\/WhatsApp-Image-2020-10-06-at-15.16.13-1-2-300x225.jpeg 300w, https:\/\/morenoprimero.com.ar\/archivo\/wp-content\/uploads\/2020\/10\/WhatsApp-Image-2020-10-06-at-15.16.13-1-2-768x576.jpeg 768w\" sizes=\"auto, (max-width: 960px) 100vw, 960px\" \/><\/figure>\n\n\n\n<p>Adem\u00e1s, la Directora de Juventudes cuenta que en los \u00faltimos meses se acercaron muchos jovenes con propuestas para abordar y que los toman para armar nuevos proyectos. <strong><em>Uno que tiene que ver con las relaciones saludables, la creaci\u00f3n de espacios para madres adolescentes, acompa\u00f1ar a las pibas que quedan afuera a la hora de denunciar al violento porque son menores, campa\u00f1as de concientizaci\u00f3n sobre G\u00e9neros, violencia institucional, ecolog\u00eda y nocturnidad, entre otras<\/em>\u00ab, detalla. \u00ab<em>Desde la Direcci\u00f3n de Juventudes decidimos hacernos cargo de lo que hace mucho tiempo quedaba afuera del Estado. Y hoy sentimos la responsabilidad de llegar a todos los j\u00f3venes de Moreno<\/em><\/strong>, concluye Ayel\u00e9n.<\/p>\n","protected":false},"excerpt":{"rendered":"<p>Ayel\u00e9n Basualdo, Directora del \u00e1rea de Juventudes de Moreno convers\u00f3 con Moreno Primero sobre sus comienzos en la pol\u00edtica, las actividades que realizan durante la pandemia y los proyectos para el futuro pospandemia. La militancia sin dudas me cambi\u00f3 la &hellip; <a href=\"https:\/\/morenoprimero.com.ar\/archivo\/desde-la-direccion-de-juventudes-decidimos-hacernos-cargo-de-lo-que-hace-mucho-tiempo-quedaba-afuera-del-estado\/\">Sigue leyendo <span class=\"meta-nav\">&rarr;<\/span><\/a><\/p>\n","protected":false},"author":6,"featured_media":3715,"comment_status":"open","ping_status":"open","sticky":false,"template":"","format":"standard","meta":{"footnotes":""},"categories":[3,27,20],"tags":[888,641,102],"class_list":["post-3645","post","type-post","status-publish","format-standard","has-post-thumbnail","hentry","category-importantes","category-politica","category-sociedad","tag-ayelen-basualdo","tag-direccion-de-juventudes","tag-municipio-de-moreno"],"_links":{"self":[{"href":"https:\/\/morenoprimero.com.ar\/archivo\/wp-json\/wp\/v2\/posts\/3645","targetHints":{"allow":["GET"]}}],"collection":[{"href":"https:\/\/morenoprimero.com.ar\/archivo\/wp-json\/wp\/v2\/posts"}],"about":[{"href":"https:\/\/morenoprimero.com.ar\/archivo\/wp-json\/wp\/v2\/types\/post"}],"author":[{"embeddable":true,"href":"https:\/\/morenoprimero.com.ar\/archivo\/wp-json\/wp\/v2\/users\/6"}],"replies":[{"embeddable":true,"href":"https:\/\/morenoprimero.com.ar\/archivo\/wp-json\/wp\/v2\/comments?post=3645"}],"version-history":[{"count":6,"href":"https:\/\/morenoprimero.com.ar\/archivo\/wp-json\/wp\/v2\/posts\/3645\/revisions"}],"predecessor-version":[{"id":29599,"href":"https:\/\/morenoprimero.com.ar\/archivo\/wp-json\/wp\/v2\/posts\/3645\/revisions\/29599"}],"wp:featuredmedia":[{"embeddable":true,"href":"https:\/\/morenoprimero.com.ar\/archivo\/wp-json\/wp\/v2\/media\/3715"}],"wp:attachment":[{"href":"https:\/\/morenoprimero.com.ar\/archivo\/wp-json\/wp\/v2\/media?parent=3645"}],"wp:term":[{"taxonomy":"category","embeddable":true,"href":"https:\/\/morenoprimero.com.ar\/archivo\/wp-json\/wp\/v2\/categories?post=3645"},{"taxonomy":"post_tag","embeddable":true,"href":"https:\/\/morenoprimero.com.ar\/archivo\/wp-json\/wp\/v2\/tags?post=3645"}],"curies":[{"name":"wp","href":"https:\/\/api.w.org\/{rel}","templated":true}]}}