{"id":36392,"date":"2023-02-22T11:15:33","date_gmt":"2023-02-22T14:15:33","guid":{"rendered":"https:\/\/morenoprimero.com.ar\/?p=36392"},"modified":"2023-02-22T11:15:34","modified_gmt":"2023-02-22T14:15:34","slug":"axel-kicillof-encabezo-la-presentacion-del-programa-mi-provincia-recicla","status":"publish","type":"post","link":"https:\/\/morenoprimero.com.ar\/archivo\/axel-kicillof-encabezo-la-presentacion-del-programa-mi-provincia-recicla\/","title":{"rendered":"Axel Kicillof encabez\u00f3 la presentaci\u00f3n del programa \u00abMi Provincia Recicla\u00bb"},"content":{"rendered":"\n<p>El gobernador de la provincia de Buenos Aires, junto con la ministra de Ambiente, Daniela Vilar, presentaron el programa \u00abMi Provincia Recicla\u00bb. El programa tiene como objetivo mejorar la gesti\u00f3n de residuos mediante el abordaje del circuito de residuos de manera integral en cada municipio. La intendenta Mariel Fern\u00e1ndez asisti\u00f3 al acto y celebr\u00f3 esta iniciativa que se complementa con el trabajo que se viene haciendo a nivel local.<\/p>\n\n\n\n<p>Desde el gobierno provincial se lleva a cabo el programa que tiene como iniciativa la erradicaci\u00f3n de 81 basurales a cielo abierto, durante todo el 2023. El acto, encabezado por el gobernador Axel Kicillof y la ministra de Ambiente, Daniela Vilar, reuni\u00f3 a varios intendentes bonaerenses del interior.<\/p>\n\n\n\n<p>\u00ab<strong>En el corto plazo, vamos a trabajar en la erradicaci\u00f3n de los basurales de distritos de menos de 50 mil habitantes<\/strong>&nbsp;y hoy firmamos convenios para eso con 10 de ellos. No va a desaparecer porque se sigue produciendo residuos, pero se va a gestionar de otra manera\u00bb, asegur\u00f3 la ministra.<\/p>\n\n\n\n<p>Seg\u00fan datos oficiales,&nbsp;<strong>85 de los 135 municipios de la provincia de Buenos Aires tienen basurales a cielo abierto<\/strong>. \u00abA nadie le gusta hablar de basura, es inc\u00f3modo, pero la crisis clim\u00e1tica nos hace hacernos cargo de lo que pasa con esa basura\u00bb, indic\u00f3 Vilar.<\/p>\n\n\n\n<p><strong>El proyecto contempla terminar el plan GIRSU<\/strong>&nbsp;(Gesti\u00f3n Integral de Residuos S\u00f3lidos Urbanos) y erradicar esos primeros 10 basurales potenciando el reciclaje. En palabras de la ministra: \u00abLos residuos pueden generar trabajo\u00bb. Para esto,&nbsp;<strong>se crear\u00e1 un centro de econom\u00eda circular<\/strong>&nbsp;en conjunto con el Banco Mundial, el Ministerio de Ambiente de Corea y el Instituto de Industria y Tecnolog\u00eda de Corea.<\/p>\n\n\n\n<p>En este sentido, Kicillof garantiz\u00f3 que la gesti\u00f3n de los residuos es \u00abde los temas m\u00e1s urgentes\u00bb de la agenda ambiental. Seg\u00fan sus estimaciones, el programa Mi Provincia Recicla&nbsp;<strong>demandar\u00e1 una inversi\u00f3n de \u00abm\u00e1s de 6 mil millones de pesos\u00bb<\/strong>.<\/p>\n\n\n\n<p>\u00abEste programa tiene muchos componentes, entre ellos pol\u00edticas de enorme llegada, pero&nbsp;<strong>los llamados basurales a cielo abierto son una verg\u00fcenza de la provincia de Buenos Aires, una deuda inmensa<\/strong>\u00ab, expres\u00f3 el mandatario. Para Kicillof, concretar el proyecto va a requerir \u00abesfuerzo y dedicaci\u00f3n\u00bb, pero tambi\u00e9n \u00abun plus afectivo al que llamamos militancia\u00bb.<\/p>\n\n\n\n<p><strong>Recolecci\u00f3n de residuos en Moreno<\/strong><\/p>\n\n\n\n<p>Desde la Secretar\u00eda de Salud y Ambiente local, a comienzos de la gesti\u00f3n de Mariel Fern\u00e1ndez, se llevan adelante distintos servicios de recolecci\u00f3n de residuos que recorren los distintos barrios del distrito. Como as\u00ed tambi\u00e9n, la erradicaci\u00f3n de microbasurales por parte de las distintas delegaciones del municipio. <\/p>\n\n\n\n<p>\u00abCelebramos este proyecto que permitir\u00e1 fortalecer las pol\u00edticas que venimos desarollando en Moreno para mejorar el ambiente y, as\u00ed tambi\u00e9n, la salud de nuestras vecinas y vecinos\u00bb, expres\u00f3 la intendenta morenense. <\/p>\n\n\n\n<figure class=\"wp-block-gallery has-nested-images columns-default is-cropped wp-block-gallery-1 is-layout-flex wp-block-gallery-is-layout-flex\">\n<figure class=\"wp-block-image size-large\"><a href=\"https:\/\/morenoprimero.com.ar\/wp-content\/uploads\/2023\/02\/WhatsApp-Image-2023-02-17-at-16.48.40.jpeg\"><img loading=\"lazy\" decoding=\"async\" width=\"1024\" height=\"684\" data-id=\"36399\" src=\"https:\/\/morenoprimero.com.ar\/wp-content\/uploads\/2023\/02\/WhatsApp-Image-2023-02-17-at-16.48.40.jpeg\" alt=\"\" class=\"wp-image-36399\" srcset=\"https:\/\/morenoprimero.com.ar\/archivo\/wp-content\/uploads\/2023\/02\/WhatsApp-Image-2023-02-17-at-16.48.40.jpeg 1024w, https:\/\/morenoprimero.com.ar\/archivo\/wp-content\/uploads\/2023\/02\/WhatsApp-Image-2023-02-17-at-16.48.40-300x200.jpeg 300w, https:\/\/morenoprimero.com.ar\/archivo\/wp-content\/uploads\/2023\/02\/WhatsApp-Image-2023-02-17-at-16.48.40-768x513.jpeg 768w\" sizes=\"auto, (max-width: 1024px) 100vw, 1024px\" \/><\/a><\/figure>\n\n\n\n<figure class=\"wp-block-image size-large\"><a href=\"https:\/\/morenoprimero.com.ar\/wp-content\/uploads\/2023\/02\/WhatsApp-Image-2023-02-17-at-16.48.32.jpeg\"><img loading=\"lazy\" decoding=\"async\" width=\"1024\" height=\"684\" data-id=\"36400\" src=\"https:\/\/morenoprimero.com.ar\/wp-content\/uploads\/2023\/02\/WhatsApp-Image-2023-02-17-at-16.48.32.jpeg\" alt=\"\" class=\"wp-image-36400\" srcset=\"https:\/\/morenoprimero.com.ar\/archivo\/wp-content\/uploads\/2023\/02\/WhatsApp-Image-2023-02-17-at-16.48.32.jpeg 1024w, https:\/\/morenoprimero.com.ar\/archivo\/wp-content\/uploads\/2023\/02\/WhatsApp-Image-2023-02-17-at-16.48.32-300x200.jpeg 300w, https:\/\/morenoprimero.com.ar\/archivo\/wp-content\/uploads\/2023\/02\/WhatsApp-Image-2023-02-17-at-16.48.32-768x513.jpeg 768w\" sizes=\"auto, (max-width: 1024px) 100vw, 1024px\" \/><\/a><\/figure>\n\n\n\n<figure class=\"wp-block-image size-large\"><a href=\"https:\/\/morenoprimero.com.ar\/wp-content\/uploads\/2023\/02\/WhatsApp-Image-2023-02-17-at-16.48.07.jpeg\"><img loading=\"lazy\" decoding=\"async\" width=\"1024\" height=\"684\" data-id=\"36397\" src=\"https:\/\/morenoprimero.com.ar\/wp-content\/uploads\/2023\/02\/WhatsApp-Image-2023-02-17-at-16.48.07.jpeg\" alt=\"\" class=\"wp-image-36397\" srcset=\"https:\/\/morenoprimero.com.ar\/archivo\/wp-content\/uploads\/2023\/02\/WhatsApp-Image-2023-02-17-at-16.48.07.jpeg 1024w, https:\/\/morenoprimero.com.ar\/archivo\/wp-content\/uploads\/2023\/02\/WhatsApp-Image-2023-02-17-at-16.48.07-300x200.jpeg 300w, https:\/\/morenoprimero.com.ar\/archivo\/wp-content\/uploads\/2023\/02\/WhatsApp-Image-2023-02-17-at-16.48.07-768x513.jpeg 768w\" sizes=\"auto, (max-width: 1024px) 100vw, 1024px\" \/><\/a><\/figure>\n\n\n\n<figure class=\"wp-block-image size-large\"><a href=\"https:\/\/morenoprimero.com.ar\/wp-content\/uploads\/2023\/02\/WhatsApp-Image-2023-02-17-at-16.48.23.jpeg\"><img loading=\"lazy\" decoding=\"async\" width=\"1024\" height=\"684\" data-id=\"36398\" src=\"https:\/\/morenoprimero.com.ar\/wp-content\/uploads\/2023\/02\/WhatsApp-Image-2023-02-17-at-16.48.23.jpeg\" alt=\"\" class=\"wp-image-36398\" srcset=\"https:\/\/morenoprimero.com.ar\/archivo\/wp-content\/uploads\/2023\/02\/WhatsApp-Image-2023-02-17-at-16.48.23.jpeg 1024w, https:\/\/morenoprimero.com.ar\/archivo\/wp-content\/uploads\/2023\/02\/WhatsApp-Image-2023-02-17-at-16.48.23-300x200.jpeg 300w, https:\/\/morenoprimero.com.ar\/archivo\/wp-content\/uploads\/2023\/02\/WhatsApp-Image-2023-02-17-at-16.48.23-768x513.jpeg 768w\" sizes=\"auto, (max-width: 1024px) 100vw, 1024px\" \/><\/a><\/figure>\n<\/figure>\n","protected":false},"excerpt":{"rendered":"<p>El gobernador de la provincia de Buenos Aires, junto con la ministra de Ambiente, Daniela Vilar, presentaron el programa \u00abMi Provincia Recicla\u00bb. El programa tiene como objetivo mejorar la gesti\u00f3n de residuos mediante el abordaje del circuito de residuos de &hellip; <a href=\"https:\/\/morenoprimero.com.ar\/archivo\/axel-kicillof-encabezo-la-presentacion-del-programa-mi-provincia-recicla\/\">Sigue leyendo <span class=\"meta-nav\">&rarr;<\/span><\/a><\/p>\n","protected":false},"author":6,"featured_media":36396,"comment_status":"closed","ping_status":"closed","sticky":false,"template":"","format":"standard","meta":{"footnotes":""},"categories":[2329],"tags":[132,4450,276,4451],"class_list":["post-36392","post","type-post","status-publish","format-standard","has-post-thumbnail","hentry","category-provincial","tag-axel-kicillof","tag-daniela-vilar","tag-mariel-fernandez","tag-programa-mi-provincia-recicla"],"_links":{"self":[{"href":"https:\/\/morenoprimero.com.ar\/archivo\/wp-json\/wp\/v2\/posts\/36392","targetHints":{"allow":["GET"]}}],"collection":[{"href":"https:\/\/morenoprimero.com.ar\/archivo\/wp-json\/wp\/v2\/posts"}],"about":[{"href":"https:\/\/morenoprimero.com.ar\/archivo\/wp-json\/wp\/v2\/types\/post"}],"author":[{"embeddable":true,"href":"https:\/\/morenoprimero.com.ar\/archivo\/wp-json\/wp\/v2\/users\/6"}],"replies":[{"embeddable":true,"href":"https:\/\/morenoprimero.com.ar\/archivo\/wp-json\/wp\/v2\/comments?post=36392"}],"version-history":[{"count":3,"href":"https:\/\/morenoprimero.com.ar\/archivo\/wp-json\/wp\/v2\/posts\/36392\/revisions"}],"predecessor-version":[{"id":36441,"href":"https:\/\/morenoprimero.com.ar\/archivo\/wp-json\/wp\/v2\/posts\/36392\/revisions\/36441"}],"wp:featuredmedia":[{"embeddable":true,"href":"https:\/\/morenoprimero.com.ar\/archivo\/wp-json\/wp\/v2\/media\/36396"}],"wp:attachment":[{"href":"https:\/\/morenoprimero.com.ar\/archivo\/wp-json\/wp\/v2\/media?parent=36392"}],"wp:term":[{"taxonomy":"category","embeddable":true,"href":"https:\/\/morenoprimero.com.ar\/archivo\/wp-json\/wp\/v2\/categories?post=36392"},{"taxonomy":"post_tag","embeddable":true,"href":"https:\/\/morenoprimero.com.ar\/archivo\/wp-json\/wp\/v2\/tags?post=36392"}],"curies":[{"name":"wp","href":"https:\/\/api.w.org\/{rel}","templated":true}]}}