{"id":36321,"date":"2023-02-23T11:37:33","date_gmt":"2023-02-23T14:37:33","guid":{"rendered":"https:\/\/morenoprimero.com.ar\/?p=36321"},"modified":"2023-02-23T11:37:34","modified_gmt":"2023-02-23T14:37:34","slug":"el-teatro-marechal-inicia-la-temporada-con-el-unipersonal-modestamente-fanego","status":"publish","type":"post","link":"https:\/\/morenoprimero.com.ar\/archivo\/el-teatro-marechal-inicia-la-temporada-con-el-unipersonal-modestamente-fanego\/","title":{"rendered":"El Teatro Marechal inicia la temporada con el unipersonal \u00abModestamente Fanego\u00bb"},"content":{"rendered":"\n<p>Desde Moreno Primero dialogamos con la administradora del Teatro Marechal, Cintia Donghi: \u201cla apertura de temporada es el viernes 3 de marzo, con un espect\u00e1culo de renombre y premiado recientemente\u201d. Tambi\u00e9n adelant\u00f3 que estar\u00e1n llegando a los barrios y que est\u00e1n preparando una obra sobre la identidad morenense. Los requisitos para reservar la sala.<\/p>\n\n\n\n<p>El Teatro Leopoldo Marechal da apertura a la temporada el pr\u00f3ximo viernes 3 de marzo con una gran obra. El unipersonal \u00abModestamente Fanego\u00bb,  con la actuaci\u00f3n de Daniel Fanego y la direcci\u00f3n de Daniel Casablanca, es \u00abun espect\u00e1culo de renombre y premiado recientemente\u00bb, cont\u00f3 Donghi.  Las entradas se pasan a retirar por la boleter\u00eda del teatro desde las 20 horas, el mismo \u00eda de la funci\u00f3n, y es totalmente gratuito. <\/p>\n\n\n\n<figure class=\"wp-block-image size-large\"><a href=\"https:\/\/morenoprimero.com.ar\/wp-content\/uploads\/2023\/02\/Teatro-Marechal-1-1.jpg\"><img loading=\"lazy\" decoding=\"async\" width=\"822\" height=\"1024\" src=\"https:\/\/morenoprimero.com.ar\/wp-content\/uploads\/2023\/02\/Teatro-Marechal-1-1-822x1024.jpg\" alt=\"\" class=\"wp-image-36485\" srcset=\"https:\/\/morenoprimero.com.ar\/archivo\/wp-content\/uploads\/2023\/02\/Teatro-Marechal-1-1-822x1024.jpg 822w, https:\/\/morenoprimero.com.ar\/archivo\/wp-content\/uploads\/2023\/02\/Teatro-Marechal-1-1-241x300.jpg 241w, https:\/\/morenoprimero.com.ar\/archivo\/wp-content\/uploads\/2023\/02\/Teatro-Marechal-1-1-768x956.jpg 768w, https:\/\/morenoprimero.com.ar\/archivo\/wp-content\/uploads\/2023\/02\/Teatro-Marechal-1-1.jpg 1080w\" sizes=\"auto, (max-width: 822px) 100vw, 822px\" \/><\/a><\/figure>\n\n\n\n<p><strong>Convocatoria a reserva de sala<\/strong><\/p>\n\n\n\n<p>Adem\u00e1s, el teatro abri\u00f3 las convocatorias para reservar su sala en 2023. Cintia Donghi detall\u00f3 que desde el teatro solicitan <strong>\u201cla propuesta del espect\u00e1culo, el t\u00edtulo, de qu\u00e9 se trata, cu\u00e1nto dura, la cantidad de personas del elenco, y toda la informaci\u00f3n necesaria y que se considere pertinente<\/strong>\u201d, y agreg\u00f3 que: \u201c<strong>si tienen videos pueden mandarlos, y todo el material para que nosotros lo evaluemos y darles la fecha<\/strong>\u201d. \u00a0<\/p>\n\n\n\n<p><strong>Para este 2023 hay dos obras importantes<\/strong><\/p>\n\n\n\n<p>Uno de los objetivos, espec\u00edfico, es \u201c<strong>empezar a generar la escena teatral que empieza a crecer poco a poco, con producciones ac\u00e1, por ejemplo, el a\u00f1o pasado lo hicimos articulando con el \u00e1rea de educaci\u00f3n y hubo espect\u00e1culos para las escuelas<\/strong>\u201d.&nbsp;<\/p>\n\n\n\n<p>\u201c<strong>Uno de los espect\u00e1culos tiene que ver con el casting que se estuvo haciendo en el a\u00f1o 2022, para una que se llama \u2013La inesperada decisi\u00f3n de Moreno-, una obra que habla de nuestra identidad como morenenses, super interesante y un toque de humor que hace m\u00e1s lindo poder contar nuestra historia<\/strong>\u201d, cont\u00f3 la trabajadora del Teatro Marechal. &nbsp;<\/p>\n\n\n\n<p>Por \u00faltimo, cont\u00f3 que \u201c<strong>este a\u00f1o se va a lanzar una obra enmarcada en los 40 a\u00f1os de la democracia que se llama \u2013Del aceite a la cacerola-<\/strong>\u201d, y destac\u00f3 que, con ella, \u201c<strong>vamos a estar trabajando no solamente en el teatro sino tambi\u00e9n en el territorio\u201d, y resumi\u00f3, \u201cse viene toda una movida en el \u00e1mbito de lo teatral<\/strong>\u201d.&nbsp;<\/p>\n\n\n\n<p>Para anotarse y presentar la obra o actividad se debe enviar un mail al correo <a href=\"mailto:teatromarechalmoreno@gmail.com\" target=\"_blank\" rel=\"noreferrer noopener\">teatromarechalmoreno@gmail.com<\/a>. &nbsp;<\/p>\n","protected":false},"excerpt":{"rendered":"<p>Desde Moreno Primero dialogamos con la administradora del Teatro Marechal, Cintia Donghi: \u201cla apertura de temporada es el viernes 3 de marzo, con un espect\u00e1culo de renombre y premiado recientemente\u201d. Tambi\u00e9n adelant\u00f3 que estar\u00e1n llegando a los barrios y que &hellip; <a href=\"https:\/\/morenoprimero.com.ar\/archivo\/el-teatro-marechal-inicia-la-temporada-con-el-unipersonal-modestamente-fanego\/\">Sigue leyendo <span class=\"meta-nav\">&rarr;<\/span><\/a><\/p>\n","protected":false},"author":6,"featured_media":36484,"comment_status":"closed","ping_status":"closed","sticky":false,"template":"","format":"standard","meta":{"footnotes":""},"categories":[2328],"tags":[162,153],"class_list":["post-36321","post","type-post","status-publish","format-standard","has-post-thumbnail","hentry","category-local","tag-cultura-moreno","tag-teatro-leopoldo-marechal"],"_links":{"self":[{"href":"https:\/\/morenoprimero.com.ar\/archivo\/wp-json\/wp\/v2\/posts\/36321","targetHints":{"allow":["GET"]}}],"collection":[{"href":"https:\/\/morenoprimero.com.ar\/archivo\/wp-json\/wp\/v2\/posts"}],"about":[{"href":"https:\/\/morenoprimero.com.ar\/archivo\/wp-json\/wp\/v2\/types\/post"}],"author":[{"embeddable":true,"href":"https:\/\/morenoprimero.com.ar\/archivo\/wp-json\/wp\/v2\/users\/6"}],"replies":[{"embeddable":true,"href":"https:\/\/morenoprimero.com.ar\/archivo\/wp-json\/wp\/v2\/comments?post=36321"}],"version-history":[{"count":5,"href":"https:\/\/morenoprimero.com.ar\/archivo\/wp-json\/wp\/v2\/posts\/36321\/revisions"}],"predecessor-version":[{"id":36486,"href":"https:\/\/morenoprimero.com.ar\/archivo\/wp-json\/wp\/v2\/posts\/36321\/revisions\/36486"}],"wp:featuredmedia":[{"embeddable":true,"href":"https:\/\/morenoprimero.com.ar\/archivo\/wp-json\/wp\/v2\/media\/36484"}],"wp:attachment":[{"href":"https:\/\/morenoprimero.com.ar\/archivo\/wp-json\/wp\/v2\/media?parent=36321"}],"wp:term":[{"taxonomy":"category","embeddable":true,"href":"https:\/\/morenoprimero.com.ar\/archivo\/wp-json\/wp\/v2\/categories?post=36321"},{"taxonomy":"post_tag","embeddable":true,"href":"https:\/\/morenoprimero.com.ar\/archivo\/wp-json\/wp\/v2\/tags?post=36321"}],"curies":[{"name":"wp","href":"https:\/\/api.w.org\/{rel}","templated":true}]}}