{"id":36233,"date":"2023-02-14T10:48:22","date_gmt":"2023-02-14T13:48:22","guid":{"rendered":"https:\/\/morenoprimero.com.ar\/?p=36233"},"modified":"2023-02-14T10:48:23","modified_gmt":"2023-02-14T13:48:23","slug":"se-senalo-el-edificio-rolo-freyre-como-patrimonio-historico-y-cultural-de-moreno","status":"publish","type":"post","link":"https:\/\/morenoprimero.com.ar\/archivo\/se-senalo-el-edificio-rolo-freyre-como-patrimonio-historico-y-cultural-de-moreno\/","title":{"rendered":"Se se\u00f1al\u00f3 el edificio Rolo Freyre como Patrimonio Hist\u00f3rico y Cultural de Moreno"},"content":{"rendered":"\n<p>El Municipio de Moreno, a trav\u00e9s de la Secretar\u00eda de Cultura Educaci\u00f3n y Deportes y la Secretar\u00eda de Justicia y DDHH, y junto a la Comisi\u00f3n por la Memoria de Trujui se\u00f1al\u00f3 el edificio \u201cRolo Freyre\u201d como Patrimonio Hist\u00f3rico Cultural para la Memoria de Moreno, en reconocimiento al trabajo y dedicaci\u00f3n del m\u00e9dico y referente social, Rodolfo Urbano Freyre . Esta Declaraci\u00f3n Hist\u00f3rica fue previamente aprobada por el Honorable Concejo Deliberante.<\/p>\n\n\n\n<p>En esta jornada que se llev\u00f3 adelante en la localidad de Trujui, estuvieron presentes concejalas, concejales y autoridades municipales. Se realiz\u00f3 en reconocimiento al trabajo y dedicaci\u00f3n del vecino de Moreno, m\u00e9dico y referente social, Rodolfo \u201cRolo\u201d Freyre. Quien fue un precursor en humanizar la vida a partir del nacimiento, y asisti\u00f3 a todas las personas de la comunidad que necesitaban atenci\u00f3n m\u00e9dica, sin importar si contaban con dinero o cobertura social.<\/p>\n\n\n\n<p>Freyre desarrollo un programa de atenci\u00f3n y acompa\u00f1amiento a las familias durante la gestaci\u00f3n y el parto desde los a\u00f1os 70 hasta el a\u00f1o 2000 en lo que fue el \u201cCentro de Salud de Trujui\u201d, ubicado en la calle Echeverr\u00eda al 10.546, actual edificio de la Delegaci\u00f3n de Trujui.<\/p>\n\n\n\n<p>En el centro de salud nacieron m\u00e1s de 4.300 ni\u00f1as y ni\u00f1os, por medio de trabajos de parto respetados, que se llevaron adelante poniendo especial atenci\u00f3n en la relaci\u00f3n vincular con las madres, bajo una perspectiva amorosa y de total libertad.<\/p>\n\n\n\n<p>A partir de haber sido secuestrado en el a\u00f1o 1976 durante la dictadura c\u00edvico militar, donde fue testigo de las torturas, sufrimiento y desarraigo padecido por las personas secuestradas y m\u00e1s a\u00fan por las mujeres embarazadas, sembr\u00f3 su idea de trabajar con total respeto hacia las madres, hijas e hijos en cada uno de los partos en los que asisti\u00f3.<\/p>\n\n\n\n<p>A partir de dicha experiencia, Freyre dedic\u00f3 su vida a profundizar la humanizaci\u00f3n durante los partos, ejerciendo su actividad con un real sentido humano de ayuda mutua entre los grupos m\u00e9dicos, maternos y paternos. Esta manera de desempe\u00f1ar su labor fue lo que distingui\u00f3 y convirti\u00f3 en un pionero en desarrollar dichas pr\u00e1cticas en Argentina.<\/p>\n\n\n\n<p>Con este reconocimiento, el Municipio celebra y recuerda los valores y dedicaci\u00f3n del doctor Freyre, quien marc\u00f3 un antes y un despu\u00e9s en la medicina desde una perspectiva c\u00e1lida y humana<\/p>\n\n\n\n<figure class=\"wp-block-gallery has-nested-images columns-default is-cropped wp-block-gallery-1 is-layout-flex wp-block-gallery-is-layout-flex\">\n<figure class=\"wp-block-image size-large\"><a href=\"https:\/\/morenoprimero.com.ar\/wp-content\/uploads\/2023\/02\/WhatsApp-Image-2023-02-10-at-17.34.22.jpeg\"><img loading=\"lazy\" decoding=\"async\" width=\"1024\" height=\"828\" data-id=\"36241\" src=\"https:\/\/morenoprimero.com.ar\/wp-content\/uploads\/2023\/02\/WhatsApp-Image-2023-02-10-at-17.34.22-1024x828.jpeg\" alt=\"\" class=\"wp-image-36241\" srcset=\"https:\/\/morenoprimero.com.ar\/archivo\/wp-content\/uploads\/2023\/02\/WhatsApp-Image-2023-02-10-at-17.34.22-1024x828.jpeg 1024w, https:\/\/morenoprimero.com.ar\/archivo\/wp-content\/uploads\/2023\/02\/WhatsApp-Image-2023-02-10-at-17.34.22-300x242.jpeg 300w, https:\/\/morenoprimero.com.ar\/archivo\/wp-content\/uploads\/2023\/02\/WhatsApp-Image-2023-02-10-at-17.34.22-768x621.jpeg 768w, https:\/\/morenoprimero.com.ar\/archivo\/wp-content\/uploads\/2023\/02\/WhatsApp-Image-2023-02-10-at-17.34.22-1536x1241.jpeg 1536w, https:\/\/morenoprimero.com.ar\/archivo\/wp-content\/uploads\/2023\/02\/WhatsApp-Image-2023-02-10-at-17.34.22.jpeg 1600w\" sizes=\"auto, (max-width: 1024px) 100vw, 1024px\" \/><\/a><\/figure>\n\n\n\n<figure class=\"wp-block-image size-large\"><a href=\"https:\/\/morenoprimero.com.ar\/wp-content\/uploads\/2023\/02\/WhatsApp-Image-2023-02-10-at-17.34.21.jpeg\"><img loading=\"lazy\" decoding=\"async\" width=\"1024\" height=\"683\" data-id=\"36238\" src=\"https:\/\/morenoprimero.com.ar\/wp-content\/uploads\/2023\/02\/WhatsApp-Image-2023-02-10-at-17.34.21-1024x683.jpeg\" alt=\"\" class=\"wp-image-36238\" srcset=\"https:\/\/morenoprimero.com.ar\/archivo\/wp-content\/uploads\/2023\/02\/WhatsApp-Image-2023-02-10-at-17.34.21-1024x683.jpeg 1024w, https:\/\/morenoprimero.com.ar\/archivo\/wp-content\/uploads\/2023\/02\/WhatsApp-Image-2023-02-10-at-17.34.21-300x200.jpeg 300w, https:\/\/morenoprimero.com.ar\/archivo\/wp-content\/uploads\/2023\/02\/WhatsApp-Image-2023-02-10-at-17.34.21-768x512.jpeg 768w, https:\/\/morenoprimero.com.ar\/archivo\/wp-content\/uploads\/2023\/02\/WhatsApp-Image-2023-02-10-at-17.34.21-1536x1024.jpeg 1536w, https:\/\/morenoprimero.com.ar\/archivo\/wp-content\/uploads\/2023\/02\/WhatsApp-Image-2023-02-10-at-17.34.21.jpeg 1600w\" sizes=\"auto, (max-width: 1024px) 100vw, 1024px\" \/><\/a><\/figure>\n\n\n\n<figure class=\"wp-block-image size-large\"><a href=\"https:\/\/morenoprimero.com.ar\/wp-content\/uploads\/2023\/02\/WhatsApp-Image-2023-02-10-at-17.34.20.jpeg\"><img loading=\"lazy\" decoding=\"async\" width=\"1024\" height=\"779\" data-id=\"36239\" src=\"https:\/\/morenoprimero.com.ar\/wp-content\/uploads\/2023\/02\/WhatsApp-Image-2023-02-10-at-17.34.20-1024x779.jpeg\" alt=\"\" class=\"wp-image-36239\" srcset=\"https:\/\/morenoprimero.com.ar\/archivo\/wp-content\/uploads\/2023\/02\/WhatsApp-Image-2023-02-10-at-17.34.20-1024x779.jpeg 1024w, https:\/\/morenoprimero.com.ar\/archivo\/wp-content\/uploads\/2023\/02\/WhatsApp-Image-2023-02-10-at-17.34.20-300x228.jpeg 300w, https:\/\/morenoprimero.com.ar\/archivo\/wp-content\/uploads\/2023\/02\/WhatsApp-Image-2023-02-10-at-17.34.20-768x584.jpeg 768w, https:\/\/morenoprimero.com.ar\/archivo\/wp-content\/uploads\/2023\/02\/WhatsApp-Image-2023-02-10-at-17.34.20.jpeg 1353w\" sizes=\"auto, (max-width: 1024px) 100vw, 1024px\" \/><\/a><\/figure>\n<\/figure>\n","protected":false},"excerpt":{"rendered":"<p>El Municipio de Moreno, a trav\u00e9s de la Secretar\u00eda de Cultura Educaci\u00f3n y Deportes y la Secretar\u00eda de Justicia y DDHH, y junto a la Comisi\u00f3n por la Memoria de Trujui se\u00f1al\u00f3 el edificio \u201cRolo Freyre\u201d como Patrimonio Hist\u00f3rico Cultural &hellip; <a href=\"https:\/\/morenoprimero.com.ar\/archivo\/se-senalo-el-edificio-rolo-freyre-como-patrimonio-historico-y-cultural-de-moreno\/\">Sigue leyendo <span class=\"meta-nav\">&rarr;<\/span><\/a><\/p>\n","protected":false},"author":6,"featured_media":36240,"comment_status":"closed","ping_status":"closed","sticky":false,"template":"","format":"standard","meta":{"footnotes":""},"categories":[2328],"tags":[4437,106],"class_list":["post-36233","post","type-post","status-publish","format-standard","has-post-thumbnail","hentry","category-local","tag-rolo-freyre","tag-trujui"],"_links":{"self":[{"href":"https:\/\/morenoprimero.com.ar\/archivo\/wp-json\/wp\/v2\/posts\/36233","targetHints":{"allow":["GET"]}}],"collection":[{"href":"https:\/\/morenoprimero.com.ar\/archivo\/wp-json\/wp\/v2\/posts"}],"about":[{"href":"https:\/\/morenoprimero.com.ar\/archivo\/wp-json\/wp\/v2\/types\/post"}],"author":[{"embeddable":true,"href":"https:\/\/morenoprimero.com.ar\/archivo\/wp-json\/wp\/v2\/users\/6"}],"replies":[{"embeddable":true,"href":"https:\/\/morenoprimero.com.ar\/archivo\/wp-json\/wp\/v2\/comments?post=36233"}],"version-history":[{"count":1,"href":"https:\/\/morenoprimero.com.ar\/archivo\/wp-json\/wp\/v2\/posts\/36233\/revisions"}],"predecessor-version":[{"id":36243,"href":"https:\/\/morenoprimero.com.ar\/archivo\/wp-json\/wp\/v2\/posts\/36233\/revisions\/36243"}],"wp:featuredmedia":[{"embeddable":true,"href":"https:\/\/morenoprimero.com.ar\/archivo\/wp-json\/wp\/v2\/media\/36240"}],"wp:attachment":[{"href":"https:\/\/morenoprimero.com.ar\/archivo\/wp-json\/wp\/v2\/media?parent=36233"}],"wp:term":[{"taxonomy":"category","embeddable":true,"href":"https:\/\/morenoprimero.com.ar\/archivo\/wp-json\/wp\/v2\/categories?post=36233"},{"taxonomy":"post_tag","embeddable":true,"href":"https:\/\/morenoprimero.com.ar\/archivo\/wp-json\/wp\/v2\/tags?post=36233"}],"curies":[{"name":"wp","href":"https:\/\/api.w.org\/{rel}","templated":true}]}}