{"id":36219,"date":"2023-02-10T18:26:31","date_gmt":"2023-02-10T21:26:31","guid":{"rendered":"https:\/\/morenoprimero.com.ar\/?p=36219"},"modified":"2023-02-10T18:27:12","modified_gmt":"2023-02-10T21:27:12","slug":"moreno-llega-un-fin-de-semana-a-puro-turismo-de-cercania-y-propuestas-culturales","status":"publish","type":"post","link":"https:\/\/morenoprimero.com.ar\/archivo\/moreno-llega-un-fin-de-semana-a-puro-turismo-de-cercania-y-propuestas-culturales\/","title":{"rendered":"Moreno: llega un fin de semana a puro turismo de cercan\u00eda y propuestas culturales"},"content":{"rendered":"\n<p>Como cada fin de semana, el Municipio brinda una variedad de propuestas culturales y tur\u00edsticas para que pueda disfrutar la comunidad local y provincial. Algunos de los eventos que estar\u00e1n es el ciclo Moreno Tiene Memoria que proyectar\u00e1 la pel\u00edcula \u201cArgentina, 1985\u201d en la plaza El Milenio; la reinauguraci\u00f3n de La Peatonal Mitre; La Feria del Lago; y las distintas celebraciones de carnavales en las localidades del distrito, entre otras. Y como siempre, las actividades recreativas que brinda La Reserva Municipal Los Robles.<\/p>\n\n\n\n<p>El viernes 10 de febrero, el ciclo Moreno Tiene Memoria proyectar\u00e1 la pel\u00edcula \u201cArgentina, 1985\u201d, a las 19:30 horas en la plaza El Milenio, ubicada en \u00c1ngel Gallardo y La M\u00fasica, de la localidad de Cuartel V.<\/p>\n\n\n\n<p>El s\u00e1bado 11 de febrero, a partir de las 18 horas, en el marco de las celebraciones de carnavales, se presentar\u00e1n en Moreno sur, Boulevard Per\u00f3n entre French y Alberti, los shows en vivo de artistas y murgas locales: Mal bicho, Los fant\u00e1sticos de Moreno, el Centro de Murga Los retocados de Villa Urquiza, Bibi Ver\u00f3n, Nova mistura, Rojas SJ, Marcelo Le\u00f3n y el Super Imperial, el circo FUAA y Ra\u00fal Ram\u00edrez.<\/p>\n\n\n\n<p>Las celebraciones de los carnavales son de entrada libre y gratuita y se realizar\u00e1n durante los fines de semana de enero y febrero, con m\u00e1s artistas y shows en vivo en distintas localidades del municipio.<\/p>\n\n\n\n<figure class=\"wp-block-gallery has-nested-images columns-default is-cropped wp-block-gallery-1 is-layout-flex wp-block-gallery-is-layout-flex\">\n<figure class=\"wp-block-image size-large\"><a href=\"https:\/\/morenoprimero.com.ar\/wp-content\/uploads\/2023\/02\/WhatsApp-Image-2023-02-10-at-15.14.27.jpeg\"><img loading=\"lazy\" decoding=\"async\" width=\"1024\" height=\"1024\" data-id=\"36223\" src=\"https:\/\/morenoprimero.com.ar\/wp-content\/uploads\/2023\/02\/WhatsApp-Image-2023-02-10-at-15.14.27-1024x1024.jpeg\" alt=\"\" class=\"wp-image-36223\" srcset=\"https:\/\/morenoprimero.com.ar\/archivo\/wp-content\/uploads\/2023\/02\/WhatsApp-Image-2023-02-10-at-15.14.27-1024x1024.jpeg 1024w, https:\/\/morenoprimero.com.ar\/archivo\/wp-content\/uploads\/2023\/02\/WhatsApp-Image-2023-02-10-at-15.14.27-300x300.jpeg 300w, https:\/\/morenoprimero.com.ar\/archivo\/wp-content\/uploads\/2023\/02\/WhatsApp-Image-2023-02-10-at-15.14.27-150x150.jpeg 150w, https:\/\/morenoprimero.com.ar\/archivo\/wp-content\/uploads\/2023\/02\/WhatsApp-Image-2023-02-10-at-15.14.27-768x769.jpeg 768w, https:\/\/morenoprimero.com.ar\/archivo\/wp-content\/uploads\/2023\/02\/WhatsApp-Image-2023-02-10-at-15.14.27-1534x1536.jpeg 1534w, https:\/\/morenoprimero.com.ar\/archivo\/wp-content\/uploads\/2023\/02\/WhatsApp-Image-2023-02-10-at-15.14.27.jpeg 1598w\" sizes=\"auto, (max-width: 1024px) 100vw, 1024px\" \/><\/a><\/figure>\n\n\n\n<figure class=\"wp-block-image size-large\"><a href=\"https:\/\/morenoprimero.com.ar\/wp-content\/uploads\/2023\/02\/WhatsApp-Image-2023-02-10-at-15.14.29-1.jpeg\"><img loading=\"lazy\" decoding=\"async\" width=\"1024\" height=\"1024\" data-id=\"36221\" src=\"https:\/\/morenoprimero.com.ar\/wp-content\/uploads\/2023\/02\/WhatsApp-Image-2023-02-10-at-15.14.29-1-1024x1024.jpeg\" alt=\"\" class=\"wp-image-36221\" srcset=\"https:\/\/morenoprimero.com.ar\/archivo\/wp-content\/uploads\/2023\/02\/WhatsApp-Image-2023-02-10-at-15.14.29-1-1024x1024.jpeg 1024w, https:\/\/morenoprimero.com.ar\/archivo\/wp-content\/uploads\/2023\/02\/WhatsApp-Image-2023-02-10-at-15.14.29-1-300x300.jpeg 300w, https:\/\/morenoprimero.com.ar\/archivo\/wp-content\/uploads\/2023\/02\/WhatsApp-Image-2023-02-10-at-15.14.29-1-150x150.jpeg 150w, https:\/\/morenoprimero.com.ar\/archivo\/wp-content\/uploads\/2023\/02\/WhatsApp-Image-2023-02-10-at-15.14.29-1-768x768.jpeg 768w, https:\/\/morenoprimero.com.ar\/archivo\/wp-content\/uploads\/2023\/02\/WhatsApp-Image-2023-02-10-at-15.14.29-1-1536x1536.jpeg 1536w, https:\/\/morenoprimero.com.ar\/archivo\/wp-content\/uploads\/2023\/02\/WhatsApp-Image-2023-02-10-at-15.14.29-1.jpeg 1600w\" sizes=\"auto, (max-width: 1024px) 100vw, 1024px\" \/><\/a><\/figure>\n\n\n\n<figure class=\"wp-block-image size-large\"><a href=\"https:\/\/morenoprimero.com.ar\/wp-content\/uploads\/2023\/02\/WhatsApp-Image-2023-02-10-at-15.14.28-1.jpeg\"><img loading=\"lazy\" decoding=\"async\" width=\"1024\" height=\"1024\" data-id=\"36222\" src=\"https:\/\/morenoprimero.com.ar\/wp-content\/uploads\/2023\/02\/WhatsApp-Image-2023-02-10-at-15.14.28-1-1024x1024.jpeg\" alt=\"\" class=\"wp-image-36222\" srcset=\"https:\/\/morenoprimero.com.ar\/archivo\/wp-content\/uploads\/2023\/02\/WhatsApp-Image-2023-02-10-at-15.14.28-1-1024x1024.jpeg 1024w, https:\/\/morenoprimero.com.ar\/archivo\/wp-content\/uploads\/2023\/02\/WhatsApp-Image-2023-02-10-at-15.14.28-1-300x300.jpeg 300w, https:\/\/morenoprimero.com.ar\/archivo\/wp-content\/uploads\/2023\/02\/WhatsApp-Image-2023-02-10-at-15.14.28-1-150x150.jpeg 150w, https:\/\/morenoprimero.com.ar\/archivo\/wp-content\/uploads\/2023\/02\/WhatsApp-Image-2023-02-10-at-15.14.28-1-768x768.jpeg 768w, https:\/\/morenoprimero.com.ar\/archivo\/wp-content\/uploads\/2023\/02\/WhatsApp-Image-2023-02-10-at-15.14.28-1.jpeg 1280w\" sizes=\"auto, (max-width: 1024px) 100vw, 1024px\" \/><\/a><\/figure>\n<\/figure>\n\n\n\n<p><\/p>\n\n\n\n<p>El mismo s\u00e1bado, se reinaugurar\u00e1 la Peatonal Mitre de Moreno, desde las 17 hasta las 00 horas. Un lugar ideal para pasear y disfrutar de los mejores espect\u00e1culos de arte callejero, de la feria artesanal, actividades recreativas, food trucks, kerm\u00e9s y el patio gastron\u00f3mico, con propuestas para todos los gustos.<\/p>\n\n\n\n<p>A su vez, como todos los s\u00e1bados, domingos y feriados, de 9 a 18 horas, se puede visitar y disfrutar en familia del Predio Municipal Ferial, ubicado en Ruta 23 y O\u2019Brien. Donde se ofrece indumentaria, artesan\u00edas, bazar, antig\u00fcedades y juguetes. El espacio cuenta adem\u00e1s con patio de comidas y estacionamiento libre y gratuito.<\/p>\n\n\n\n<p>El domingo 12 de febrero, desde las 17 horas, se realizar\u00e1 La Feria del Lago en la plaza Favaloro, ubicada en Benito Ju\u00e1rez y Bustos, donde se podr\u00e1 disfrutar en familia de platos gastron\u00f3micos, pasear por la feria de emprendedoras y emprendedores locales, y participar de actividades culturales. All\u00ed tambi\u00e9n se puede vivir la experiencia del \u201cVuelo cautivo en Globo\u201d, dicha actividad es con cupos limitados.<\/p>\n\n\n\n<figure class=\"wp-block-gallery has-nested-images columns-default is-cropped wp-block-gallery-2 is-layout-flex wp-block-gallery-is-layout-flex\">\n<figure class=\"wp-block-image size-large\"><a href=\"https:\/\/morenoprimero.com.ar\/wp-content\/uploads\/2023\/02\/WhatsApp-Image-2023-02-10-at-15.14.29.jpeg\"><img loading=\"lazy\" decoding=\"async\" width=\"1024\" height=\"1024\" data-id=\"36225\" src=\"https:\/\/morenoprimero.com.ar\/wp-content\/uploads\/2023\/02\/WhatsApp-Image-2023-02-10-at-15.14.29-1024x1024.jpeg\" alt=\"\" class=\"wp-image-36225\" srcset=\"https:\/\/morenoprimero.com.ar\/archivo\/wp-content\/uploads\/2023\/02\/WhatsApp-Image-2023-02-10-at-15.14.29-1024x1024.jpeg 1024w, https:\/\/morenoprimero.com.ar\/archivo\/wp-content\/uploads\/2023\/02\/WhatsApp-Image-2023-02-10-at-15.14.29-300x300.jpeg 300w, https:\/\/morenoprimero.com.ar\/archivo\/wp-content\/uploads\/2023\/02\/WhatsApp-Image-2023-02-10-at-15.14.29-150x150.jpeg 150w, https:\/\/morenoprimero.com.ar\/archivo\/wp-content\/uploads\/2023\/02\/WhatsApp-Image-2023-02-10-at-15.14.29-768x768.jpeg 768w, https:\/\/morenoprimero.com.ar\/archivo\/wp-content\/uploads\/2023\/02\/WhatsApp-Image-2023-02-10-at-15.14.29.jpeg 1280w\" sizes=\"auto, (max-width: 1024px) 100vw, 1024px\" \/><\/a><\/figure>\n\n\n\n<figure class=\"wp-block-image size-large\"><a href=\"https:\/\/morenoprimero.com.ar\/wp-content\/uploads\/2023\/02\/WhatsApp-Image-2023-02-10-at-15.14.28.jpeg\"><img loading=\"lazy\" decoding=\"async\" width=\"1024\" height=\"1024\" data-id=\"36226\" src=\"https:\/\/morenoprimero.com.ar\/wp-content\/uploads\/2023\/02\/WhatsApp-Image-2023-02-10-at-15.14.28-1024x1024.jpeg\" alt=\"\" class=\"wp-image-36226\" srcset=\"https:\/\/morenoprimero.com.ar\/archivo\/wp-content\/uploads\/2023\/02\/WhatsApp-Image-2023-02-10-at-15.14.28-1024x1024.jpeg 1024w, https:\/\/morenoprimero.com.ar\/archivo\/wp-content\/uploads\/2023\/02\/WhatsApp-Image-2023-02-10-at-15.14.28-300x300.jpeg 300w, https:\/\/morenoprimero.com.ar\/archivo\/wp-content\/uploads\/2023\/02\/WhatsApp-Image-2023-02-10-at-15.14.28-150x150.jpeg 150w, https:\/\/morenoprimero.com.ar\/archivo\/wp-content\/uploads\/2023\/02\/WhatsApp-Image-2023-02-10-at-15.14.28-768x768.jpeg 768w, https:\/\/morenoprimero.com.ar\/archivo\/wp-content\/uploads\/2023\/02\/WhatsApp-Image-2023-02-10-at-15.14.28.jpeg 1280w\" sizes=\"auto, (max-width: 1024px) 100vw, 1024px\" \/><\/a><\/figure>\n<\/figure>\n\n\n\n<p><\/p>\n\n\n\n<p><strong>Reserva Natural Municipal \u201cLos Robles\u201d<\/strong><\/p>\n\n\n\n<p>La Reserva Natural Municipal \u201cLos Robles\u201d es una excelente alternativa para compartir en familia y disfrutar de las bondades de este espacio natural que hacen de \u00e9l un punto tur\u00edstico importante en la provincia de Buenos Aires. All\u00ed se puede dormir, acampar, disfrutar del sector gastron\u00f3mico, realizar caminatas guiadas, espacios de juegos libres y de lectura para la ni\u00f1ez, y muchas actividades m\u00e1s.<\/p>\n\n\n\n<p>Durante este fin de semana la reserva natural presenta una serie de actividades para disfrutar del espacio al aire libre.<\/p>\n\n\n\n<p>El d\u00eda s\u00e1bado 11, de 10 a 19 horas, se podr\u00e1 disfrutar del patio gastron\u00f3mico, y desde las 12 horas estar\u00e1 disponible la feria artesanal. A las 10 horas, habr\u00e1 una clase de Yoga en la zona de la feria artesanal; mientras que a las 11 horas se desarrollar\u00e1 la actividad Libros Libres en la reserva, donde podr\u00e1n llevar un libro y cambiarlo por otro.<\/p>\n\n\n\n<p>Tanto a las 11 como a las 14 y a las 16 horas, se realizar\u00e1 la recorrida guiada por el Centro de Visitantes.<\/p>\n\n\n\n<p>Adem\u00e1s, a las 15 horas se llevar\u00e1 adelante el taller de arte y naturaleza \u201cHojitas en el viento\u201d, para ni\u00f1eces de entre 5 y 12 a\u00f1os. A las 16:30 se realizar\u00e1 la \u201cCaminata guiada por los senderos del bosque\u201d; y a las 17 horas se desarrollar\u00e1 el show de \u00abTarde de m\u00fasica en vivo\u00bb.<\/p>\n\n\n\n<p>Para el domingo 12, de 10 a 19 horas, se podr\u00e1 disfrutar del patio gastron\u00f3mico, y desde las 12 horas estar\u00e1 disponible la feria artesanal. Mientras a las 11, 14 y 16 horas se realizar\u00e1 la actividad de recorrida guiada por el Centro de Visitantes.<\/p>\n\n\n\n<p>Tambi\u00e9n a las 10:30 horas se podr\u00e1 participar de la actividad \u201cCaminata por los senderos del bosque\u201d y las 17 horas se desarrollar\u00e1 el show de \u00abTarde de m\u00fasica en vivo\u00bb y, a la misma hora, comenzar\u00e1 La Feria de Llago.<\/p>\n\n\n\n<p>En \u201cLos Robles\u201d se tiene la posibilidad de alquilar Posadas del Bosque y las reservas se pueden tramitar a trav\u00e9s del e-mail <a href=\"mailto:turismo@moreno.gov.ar\">turismo@moreno.gov.ar<\/a>, o por las siguientes plataformas: #Airbnb, #TripAdvisor y #Booking; as\u00ed como de manera presencial en la administraci\u00f3n de las caba\u00f1as.<\/p>\n\n\n\n<p>Para visitar la reserva no hace falta inscripci\u00f3n previa. Las visitas son por orden de llegada hasta completar la capacidad del lugar. El Municipio invita a disfrutar con conciencia este hermoso refugio de vida y naturaleza.<\/p>\n\n\n\n<p>Para llegar en transporte p\u00fablico, se encuentra disponible el recorrido 26 de La Perlita, cartel \u201cLos Robles\u201d. Los horarios de salida desde Moreno son: 7:35 horas \u2013 10:13 horas &#8211; 12:35 horas \u2013 13:40 horas &#8211; 14:40 horas \u2013 16:20 horas y 17:35 horas. Los de regreso desde Los Robles son: 8 horas \u2013 10:33 horas \u2013 13 horas \u2013 14:05 horas \u2013 15:05 horas &#8211; 16:45 horas y a las 18 horas.<\/p>\n\n\n\n<figure class=\"wp-block-gallery has-nested-images columns-default is-cropped wp-block-gallery-3 is-layout-flex wp-block-gallery-is-layout-flex\">\n<figure class=\"wp-block-image size-large\"><a href=\"https:\/\/morenoprimero.com.ar\/wp-content\/uploads\/2023\/02\/WhatsApp-Image-2023-02-10-at-15.14.28-3.jpeg\"><img loading=\"lazy\" decoding=\"async\" width=\"1024\" height=\"1024\" data-id=\"36227\" src=\"https:\/\/morenoprimero.com.ar\/wp-content\/uploads\/2023\/02\/WhatsApp-Image-2023-02-10-at-15.14.28-3-1024x1024.jpeg\" alt=\"\" class=\"wp-image-36227\" srcset=\"https:\/\/morenoprimero.com.ar\/archivo\/wp-content\/uploads\/2023\/02\/WhatsApp-Image-2023-02-10-at-15.14.28-3-1024x1024.jpeg 1024w, https:\/\/morenoprimero.com.ar\/archivo\/wp-content\/uploads\/2023\/02\/WhatsApp-Image-2023-02-10-at-15.14.28-3-300x300.jpeg 300w, https:\/\/morenoprimero.com.ar\/archivo\/wp-content\/uploads\/2023\/02\/WhatsApp-Image-2023-02-10-at-15.14.28-3-150x150.jpeg 150w, https:\/\/morenoprimero.com.ar\/archivo\/wp-content\/uploads\/2023\/02\/WhatsApp-Image-2023-02-10-at-15.14.28-3-768x768.jpeg 768w, https:\/\/morenoprimero.com.ar\/archivo\/wp-content\/uploads\/2023\/02\/WhatsApp-Image-2023-02-10-at-15.14.28-3.jpeg 1280w\" sizes=\"auto, (max-width: 1024px) 100vw, 1024px\" \/><\/a><\/figure>\n\n\n\n<figure class=\"wp-block-image size-large\"><a href=\"https:\/\/morenoprimero.com.ar\/wp-content\/uploads\/2023\/02\/WhatsApp-Image-2023-02-10-at-15.14.28-2.jpeg\"><img loading=\"lazy\" decoding=\"async\" width=\"1024\" height=\"1024\" data-id=\"36224\" src=\"https:\/\/morenoprimero.com.ar\/wp-content\/uploads\/2023\/02\/WhatsApp-Image-2023-02-10-at-15.14.28-2-1024x1024.jpeg\" alt=\"\" class=\"wp-image-36224\" srcset=\"https:\/\/morenoprimero.com.ar\/archivo\/wp-content\/uploads\/2023\/02\/WhatsApp-Image-2023-02-10-at-15.14.28-2-1024x1024.jpeg 1024w, https:\/\/morenoprimero.com.ar\/archivo\/wp-content\/uploads\/2023\/02\/WhatsApp-Image-2023-02-10-at-15.14.28-2-300x300.jpeg 300w, https:\/\/morenoprimero.com.ar\/archivo\/wp-content\/uploads\/2023\/02\/WhatsApp-Image-2023-02-10-at-15.14.28-2-150x150.jpeg 150w, https:\/\/morenoprimero.com.ar\/archivo\/wp-content\/uploads\/2023\/02\/WhatsApp-Image-2023-02-10-at-15.14.28-2-768x768.jpeg 768w, https:\/\/morenoprimero.com.ar\/archivo\/wp-content\/uploads\/2023\/02\/WhatsApp-Image-2023-02-10-at-15.14.28-2.jpeg 1280w\" sizes=\"auto, (max-width: 1024px) 100vw, 1024px\" \/><\/a><\/figure>\n<\/figure>\n","protected":false},"excerpt":{"rendered":"<p>Como cada fin de semana, el Municipio brinda una variedad de propuestas culturales y tur\u00edsticas para que pueda disfrutar la comunidad local y provincial. Algunos de los eventos que estar\u00e1n es el ciclo Moreno Tiene Memoria que proyectar\u00e1 la pel\u00edcula &hellip; <a href=\"https:\/\/morenoprimero.com.ar\/archivo\/moreno-llega-un-fin-de-semana-a-puro-turismo-de-cercania-y-propuestas-culturales\/\">Sigue leyendo <span class=\"meta-nav\">&rarr;<\/span><\/a><\/p>\n","protected":false},"author":6,"featured_media":36228,"comment_status":"closed","ping_status":"closed","sticky":false,"template":"","format":"standard","meta":{"footnotes":""},"categories":[2332],"tags":[162,1358],"class_list":["post-36219","post","type-post","status-publish","format-standard","has-post-thumbnail","hentry","category-cultura","tag-cultura-moreno","tag-turismo-moreno"],"_links":{"self":[{"href":"https:\/\/morenoprimero.com.ar\/archivo\/wp-json\/wp\/v2\/posts\/36219","targetHints":{"allow":["GET"]}}],"collection":[{"href":"https:\/\/morenoprimero.com.ar\/archivo\/wp-json\/wp\/v2\/posts"}],"about":[{"href":"https:\/\/morenoprimero.com.ar\/archivo\/wp-json\/wp\/v2\/types\/post"}],"author":[{"embeddable":true,"href":"https:\/\/morenoprimero.com.ar\/archivo\/wp-json\/wp\/v2\/users\/6"}],"replies":[{"embeddable":true,"href":"https:\/\/morenoprimero.com.ar\/archivo\/wp-json\/wp\/v2\/comments?post=36219"}],"version-history":[{"count":1,"href":"https:\/\/morenoprimero.com.ar\/archivo\/wp-json\/wp\/v2\/posts\/36219\/revisions"}],"predecessor-version":[{"id":36230,"href":"https:\/\/morenoprimero.com.ar\/archivo\/wp-json\/wp\/v2\/posts\/36219\/revisions\/36230"}],"wp:featuredmedia":[{"embeddable":true,"href":"https:\/\/morenoprimero.com.ar\/archivo\/wp-json\/wp\/v2\/media\/36228"}],"wp:attachment":[{"href":"https:\/\/morenoprimero.com.ar\/archivo\/wp-json\/wp\/v2\/media?parent=36219"}],"wp:term":[{"taxonomy":"category","embeddable":true,"href":"https:\/\/morenoprimero.com.ar\/archivo\/wp-json\/wp\/v2\/categories?post=36219"},{"taxonomy":"post_tag","embeddable":true,"href":"https:\/\/morenoprimero.com.ar\/archivo\/wp-json\/wp\/v2\/tags?post=36219"}],"curies":[{"name":"wp","href":"https:\/\/api.w.org\/{rel}","templated":true}]}}