{"id":36212,"date":"2023-02-10T14:46:40","date_gmt":"2023-02-10T17:46:40","guid":{"rendered":"https:\/\/morenoprimero.com.ar\/?p=36212"},"modified":"2023-02-10T14:46:41","modified_gmt":"2023-02-10T17:46:41","slug":"reinauguracion-de-la-exitosa-peatonal-mitre-en-moreno","status":"publish","type":"post","link":"https:\/\/morenoprimero.com.ar\/archivo\/reinauguracion-de-la-exitosa-peatonal-mitre-en-moreno\/","title":{"rendered":"Reinauguraci\u00f3n de la exitosa Peatonal Mitre en Moreno\u00a0"},"content":{"rendered":"\n<p>La propuesta tur\u00edstica que&nbsp;impulsa el desarrollo econ\u00f3mico local es un \u00e9xito desde el comienzo. Por ese motivo, el Municipio de Moreno redobla la apuesta y este s\u00e1bado 11 de febrero de 17 a 00 horas,&nbsp;relanza la propuesta con reformas, innovaciones y ampliaci\u00f3n de los diferentes espacios. &nbsp;&nbsp;<\/p>\n\n\n\n<p>La Peatonal Mitre que realiza el Municipio de Moreno, a trav\u00e9s del Instituto Municipal de Desarrollo Econ\u00f3mico Local (IMDEL), contin\u00faa&nbsp;<strong>con el objetivo de promover el potencial tur\u00edstico y econ\u00f3mico del distrito,<\/strong> y a su vez, visibilizar la producci\u00f3n cultural morenense. &nbsp;<\/p>\n\n\n\n<p>De esta forma, la calle Mitre entre Libertador y Camilli&nbsp;es peatonal todos los s\u00e1bados por la noche durante la temporada de verano,&nbsp;y ya se convirti\u00f3 en el lugar donde miles de morenenses&nbsp;<strong>disfrutan de reunirse entre amigos, familia y de conocer a los&nbsp;productores y emprendimientos de Moreno.<\/strong>&nbsp;<\/p>\n\n\n\n<p>Con el relanzamiento de la peatonal el pr\u00f3ximo s\u00e1bado, las y los morenenses encontraran nuevos espect\u00e1culos, patio gastron\u00f3mico renovado, ampliaci\u00f3n del patio de recreaci\u00f3n, nuevos talleres para la ni\u00f1ez, y una Feria Artesanal con 60 puestos de trabajadores y trabajadoras de la econom\u00eda popular. &nbsp;<\/p>\n\n\n\n<figure class=\"wp-block-gallery has-nested-images columns-default is-cropped wp-block-gallery-1 is-layout-flex wp-block-gallery-is-layout-flex\">\n<figure class=\"wp-block-image size-large\"><a href=\"https:\/\/morenoprimero.com.ar\/wp-content\/uploads\/2022\/02\/Peatonal-Av.-Mitre-4.jpeg\"><img loading=\"lazy\" decoding=\"async\" width=\"1024\" height=\"676\" data-id=\"24507\" src=\"https:\/\/morenoprimero.com.ar\/wp-content\/uploads\/2022\/02\/Peatonal-Av.-Mitre-4-1024x676.jpeg\" alt=\"\" class=\"wp-image-24507\" srcset=\"https:\/\/morenoprimero.com.ar\/archivo\/wp-content\/uploads\/2022\/02\/Peatonal-Av.-Mitre-4-1024x676.jpeg 1024w, https:\/\/morenoprimero.com.ar\/archivo\/wp-content\/uploads\/2022\/02\/Peatonal-Av.-Mitre-4-300x198.jpeg 300w, https:\/\/morenoprimero.com.ar\/archivo\/wp-content\/uploads\/2022\/02\/Peatonal-Av.-Mitre-4-768x507.jpeg 768w, https:\/\/morenoprimero.com.ar\/archivo\/wp-content\/uploads\/2022\/02\/Peatonal-Av.-Mitre-4.jpeg 1080w\" sizes=\"auto, (max-width: 1024px) 100vw, 1024px\" \/><\/a><\/figure>\n\n\n\n<figure class=\"wp-block-image size-large\"><a href=\"https:\/\/morenoprimero.com.ar\/wp-content\/uploads\/2022\/02\/Peatonal-Av.-Mitre-5.jpeg\"><img loading=\"lazy\" decoding=\"async\" width=\"1024\" height=\"646\" data-id=\"24506\" src=\"https:\/\/morenoprimero.com.ar\/wp-content\/uploads\/2022\/02\/Peatonal-Av.-Mitre-5-1024x646.jpeg\" alt=\"\" class=\"wp-image-24506\" srcset=\"https:\/\/morenoprimero.com.ar\/archivo\/wp-content\/uploads\/2022\/02\/Peatonal-Av.-Mitre-5-1024x646.jpeg 1024w, https:\/\/morenoprimero.com.ar\/archivo\/wp-content\/uploads\/2022\/02\/Peatonal-Av.-Mitre-5-300x189.jpeg 300w, https:\/\/morenoprimero.com.ar\/archivo\/wp-content\/uploads\/2022\/02\/Peatonal-Av.-Mitre-5-768x484.jpeg 768w, https:\/\/morenoprimero.com.ar\/archivo\/wp-content\/uploads\/2022\/02\/Peatonal-Av.-Mitre-5.jpeg 1067w\" sizes=\"auto, (max-width: 1024px) 100vw, 1024px\" \/><\/a><\/figure>\n<\/figure>\n","protected":false},"excerpt":{"rendered":"<p>La propuesta tur\u00edstica que&nbsp;impulsa el desarrollo econ\u00f3mico local es un \u00e9xito desde el comienzo. Por ese motivo, el Municipio de Moreno redobla la apuesta y este s\u00e1bado 11 de febrero de 17 a 00 horas,&nbsp;relanza la propuesta con reformas, innovaciones &hellip; <a href=\"https:\/\/morenoprimero.com.ar\/archivo\/reinauguracion-de-la-exitosa-peatonal-mitre-en-moreno\/\">Sigue leyendo <span class=\"meta-nav\">&rarr;<\/span><\/a><\/p>\n","protected":false},"author":6,"featured_media":24508,"comment_status":"closed","ping_status":"closed","sticky":false,"template":"","format":"standard","meta":{"footnotes":""},"categories":[2328],"tags":[4442,1358],"class_list":["post-36212","post","type-post","status-publish","format-standard","has-post-thumbnail","hentry","category-local","tag-peatonal-mitre","tag-turismo-moreno"],"_links":{"self":[{"href":"https:\/\/morenoprimero.com.ar\/archivo\/wp-json\/wp\/v2\/posts\/36212","targetHints":{"allow":["GET"]}}],"collection":[{"href":"https:\/\/morenoprimero.com.ar\/archivo\/wp-json\/wp\/v2\/posts"}],"about":[{"href":"https:\/\/morenoprimero.com.ar\/archivo\/wp-json\/wp\/v2\/types\/post"}],"author":[{"embeddable":true,"href":"https:\/\/morenoprimero.com.ar\/archivo\/wp-json\/wp\/v2\/users\/6"}],"replies":[{"embeddable":true,"href":"https:\/\/morenoprimero.com.ar\/archivo\/wp-json\/wp\/v2\/comments?post=36212"}],"version-history":[{"count":3,"href":"https:\/\/morenoprimero.com.ar\/archivo\/wp-json\/wp\/v2\/posts\/36212\/revisions"}],"predecessor-version":[{"id":36217,"href":"https:\/\/morenoprimero.com.ar\/archivo\/wp-json\/wp\/v2\/posts\/36212\/revisions\/36217"}],"wp:featuredmedia":[{"embeddable":true,"href":"https:\/\/morenoprimero.com.ar\/archivo\/wp-json\/wp\/v2\/media\/24508"}],"wp:attachment":[{"href":"https:\/\/morenoprimero.com.ar\/archivo\/wp-json\/wp\/v2\/media?parent=36212"}],"wp:term":[{"taxonomy":"category","embeddable":true,"href":"https:\/\/morenoprimero.com.ar\/archivo\/wp-json\/wp\/v2\/categories?post=36212"},{"taxonomy":"post_tag","embeddable":true,"href":"https:\/\/morenoprimero.com.ar\/archivo\/wp-json\/wp\/v2\/tags?post=36212"}],"curies":[{"name":"wp","href":"https:\/\/api.w.org\/{rel}","templated":true}]}}