{"id":36152,"date":"2023-02-10T12:13:59","date_gmt":"2023-02-10T15:13:59","guid":{"rendered":"https:\/\/morenoprimero.com.ar\/?p=36152"},"modified":"2023-02-10T12:14:00","modified_gmt":"2023-02-10T15:14:00","slug":"llega-verano-bonaerense-a-moreno","status":"publish","type":"post","link":"https:\/\/morenoprimero.com.ar\/archivo\/llega-verano-bonaerense-a-moreno\/","title":{"rendered":"Llega Verano Bonaerense a Moreno"},"content":{"rendered":"\n<p>El Municipio de Moreno, a trav\u00e9s de la Subsecretar\u00eda de Cultura, y junto al Gobierno de la Provincia de Buenos Aires, invita a la comunidad a disfrutar de una propuesta art\u00edstica que cuenta con shows de danza esc\u00e9nica y presentaci\u00f3n en vivo de \u201cSigloveintenials\u201d, un espect\u00e1culo que combina canciones y rutinas de comedia.<\/p>\n\n\n\n<p>La jornada se desarrollar\u00e1 el d\u00eda 11 de febrero a las 18 horas, en la Casona de Trujui, ubicada en Boulogne Sur Mer y Albatros, en la localidad de Trujui.<\/p>\n\n\n\n<p>De esta manera, el Municipio trabaja junto al Gobierno provincial en el desarrollo de actividades que visibilizan, jerarquizan y promueven la producci\u00f3n de danza alternativa y emergente como manifestaci\u00f3n art\u00edstica de la diversidad cultural.<\/p>\n\n\n\n<figure class=\"wp-block-image size-large\"><a href=\"https:\/\/morenoprimero.com.ar\/wp-content\/uploads\/2023\/02\/WhatsApp-Image-2023-02-08-at-12.04.22.jpeg\"><img loading=\"lazy\" decoding=\"async\" width=\"819\" height=\"1024\" src=\"https:\/\/morenoprimero.com.ar\/wp-content\/uploads\/2023\/02\/WhatsApp-Image-2023-02-08-at-12.04.22-819x1024.jpeg\" alt=\"\" class=\"wp-image-36153\" srcset=\"https:\/\/morenoprimero.com.ar\/archivo\/wp-content\/uploads\/2023\/02\/WhatsApp-Image-2023-02-08-at-12.04.22-819x1024.jpeg 819w, https:\/\/morenoprimero.com.ar\/archivo\/wp-content\/uploads\/2023\/02\/WhatsApp-Image-2023-02-08-at-12.04.22-240x300.jpeg 240w, https:\/\/morenoprimero.com.ar\/archivo\/wp-content\/uploads\/2023\/02\/WhatsApp-Image-2023-02-08-at-12.04.22-768x960.jpeg 768w, https:\/\/morenoprimero.com.ar\/archivo\/wp-content\/uploads\/2023\/02\/WhatsApp-Image-2023-02-08-at-12.04.22.jpeg 1080w\" sizes=\"auto, (max-width: 819px) 100vw, 819px\" \/><\/a><\/figure>\n","protected":false},"excerpt":{"rendered":"<p>El Municipio de Moreno, a trav\u00e9s de la Subsecretar\u00eda de Cultura, y junto al Gobierno de la Provincia de Buenos Aires, invita a la comunidad a disfrutar de una propuesta art\u00edstica que cuenta con shows de danza esc\u00e9nica y presentaci\u00f3n &hellip; <a href=\"https:\/\/morenoprimero.com.ar\/archivo\/llega-verano-bonaerense-a-moreno\/\">Sigue leyendo <span class=\"meta-nav\">&rarr;<\/span><\/a><\/p>\n","protected":false},"author":6,"featured_media":36154,"comment_status":"closed","ping_status":"closed","sticky":false,"template":"","format":"standard","meta":{"footnotes":""},"categories":[2332],"tags":[4433,4432,4434],"class_list":["post-36152","post","type-post","status-publish","format-standard","has-post-thumbnail","hentry","category-cultura","tag-km-danza","tag-sigloveintenials","tag-verano-bonaerense"],"_links":{"self":[{"href":"https:\/\/morenoprimero.com.ar\/archivo\/wp-json\/wp\/v2\/posts\/36152","targetHints":{"allow":["GET"]}}],"collection":[{"href":"https:\/\/morenoprimero.com.ar\/archivo\/wp-json\/wp\/v2\/posts"}],"about":[{"href":"https:\/\/morenoprimero.com.ar\/archivo\/wp-json\/wp\/v2\/types\/post"}],"author":[{"embeddable":true,"href":"https:\/\/morenoprimero.com.ar\/archivo\/wp-json\/wp\/v2\/users\/6"}],"replies":[{"embeddable":true,"href":"https:\/\/morenoprimero.com.ar\/archivo\/wp-json\/wp\/v2\/comments?post=36152"}],"version-history":[{"count":1,"href":"https:\/\/morenoprimero.com.ar\/archivo\/wp-json\/wp\/v2\/posts\/36152\/revisions"}],"predecessor-version":[{"id":36156,"href":"https:\/\/morenoprimero.com.ar\/archivo\/wp-json\/wp\/v2\/posts\/36152\/revisions\/36156"}],"wp:featuredmedia":[{"embeddable":true,"href":"https:\/\/morenoprimero.com.ar\/archivo\/wp-json\/wp\/v2\/media\/36154"}],"wp:attachment":[{"href":"https:\/\/morenoprimero.com.ar\/archivo\/wp-json\/wp\/v2\/media?parent=36152"}],"wp:term":[{"taxonomy":"category","embeddable":true,"href":"https:\/\/morenoprimero.com.ar\/archivo\/wp-json\/wp\/v2\/categories?post=36152"},{"taxonomy":"post_tag","embeddable":true,"href":"https:\/\/morenoprimero.com.ar\/archivo\/wp-json\/wp\/v2\/tags?post=36152"}],"curies":[{"name":"wp","href":"https:\/\/api.w.org\/{rel}","templated":true}]}}