{"id":36026,"date":"2023-02-02T19:55:19","date_gmt":"2023-02-02T22:55:19","guid":{"rendered":"https:\/\/morenoprimero.com.ar\/?p=36026"},"modified":"2023-02-02T19:55:20","modified_gmt":"2023-02-02T22:55:20","slug":"avanza-la-ampliacion-del-sum-de-los-hornos","status":"publish","type":"post","link":"https:\/\/morenoprimero.com.ar\/archivo\/avanza-la-ampliacion-del-sum-de-los-hornos\/","title":{"rendered":"Avanza la ampliaci\u00f3n del SUM de Los Hornos"},"content":{"rendered":"\n<p>El Municipio de Moreno, a trav\u00e9s del Instituto de Desarrollo Urbano, Ambiental y Regional, avanza con las obras de ampliaci\u00f3n y refuncionalizaci\u00f3n del SUM de Los Hornos, ubicado en la localidad de Cuartel V. La obra est\u00e1 proyectada para la utilizaci\u00f3n de la comunidad de distinto barrios y alcanzar\u00e1 a m\u00e1s de 22 mil habitantes.<\/p>\n\n\n\n<p>La obra consta en la creaci\u00f3n de un nuevo sal\u00f3n que articula entre los dos edificios previamente ubicados en dicho espacio, donde por un lado funciona un comedor, al que asisten 200 ni\u00f1as y ni\u00f1os, de 45 d\u00edas a 16 a\u00f1os. Y por el otro, se desarrolla el Centro de Desarrollo Infantil \u201cLos Horneritos\u201d, donde las chicas y los chicos participan tambi\u00e9n de los talleres culturales.<\/p>\n\n\n\n<p>Con esta obra, se unifican los espacios y funcionar\u00e1n como una \u00fanica instituci\u00f3n, lo que permite que las cuidadoras y cuidadores, voluntarias y voluntarios que asisten a las ni\u00f1as y los ni\u00f1os, trabajen con mayor comodidad y simplifiquen sus tareas.<\/p>\n\n\n\n<p>La ampliaci\u00f3n est\u00e1 proyectada para la utilizaci\u00f3n de la comunidad de Los Hornos y de los barrios aleda\u00f1os, con un alcance a m\u00e1s de 22 mil habitantes.<\/p>\n\n\n\n<figure class=\"wp-block-gallery has-nested-images columns-default is-cropped wp-block-gallery-1 is-layout-flex wp-block-gallery-is-layout-flex\">\n<figure class=\"wp-block-image size-large\"><a href=\"https:\/\/morenoprimero.com.ar\/wp-content\/uploads\/2023\/02\/WhatsApp-Image-2023-02-02-at-12.58.41.jpeg\"><img loading=\"lazy\" decoding=\"async\" width=\"1024\" height=\"682\" data-id=\"36029\" src=\"https:\/\/morenoprimero.com.ar\/wp-content\/uploads\/2023\/02\/WhatsApp-Image-2023-02-02-at-12.58.41-1024x682.jpeg\" alt=\"\" class=\"wp-image-36029\" srcset=\"https:\/\/morenoprimero.com.ar\/archivo\/wp-content\/uploads\/2023\/02\/WhatsApp-Image-2023-02-02-at-12.58.41-1024x682.jpeg 1024w, https:\/\/morenoprimero.com.ar\/archivo\/wp-content\/uploads\/2023\/02\/WhatsApp-Image-2023-02-02-at-12.58.41-300x200.jpeg 300w, https:\/\/morenoprimero.com.ar\/archivo\/wp-content\/uploads\/2023\/02\/WhatsApp-Image-2023-02-02-at-12.58.41-768x512.jpeg 768w, https:\/\/morenoprimero.com.ar\/archivo\/wp-content\/uploads\/2023\/02\/WhatsApp-Image-2023-02-02-at-12.58.41-1536x1023.jpeg 1536w, https:\/\/morenoprimero.com.ar\/archivo\/wp-content\/uploads\/2023\/02\/WhatsApp-Image-2023-02-02-at-12.58.41.jpeg 1600w\" sizes=\"auto, (max-width: 1024px) 100vw, 1024px\" \/><\/a><\/figure>\n\n\n\n<figure class=\"wp-block-image size-large\"><a href=\"https:\/\/morenoprimero.com.ar\/wp-content\/uploads\/2023\/02\/WhatsApp-Image-2023-02-02-at-12.58.42.jpeg\"><img loading=\"lazy\" decoding=\"async\" width=\"1024\" height=\"682\" data-id=\"36028\" src=\"https:\/\/morenoprimero.com.ar\/wp-content\/uploads\/2023\/02\/WhatsApp-Image-2023-02-02-at-12.58.42-1024x682.jpeg\" alt=\"\" class=\"wp-image-36028\" srcset=\"https:\/\/morenoprimero.com.ar\/archivo\/wp-content\/uploads\/2023\/02\/WhatsApp-Image-2023-02-02-at-12.58.42-1024x682.jpeg 1024w, https:\/\/morenoprimero.com.ar\/archivo\/wp-content\/uploads\/2023\/02\/WhatsApp-Image-2023-02-02-at-12.58.42-300x200.jpeg 300w, https:\/\/morenoprimero.com.ar\/archivo\/wp-content\/uploads\/2023\/02\/WhatsApp-Image-2023-02-02-at-12.58.42-768x512.jpeg 768w, https:\/\/morenoprimero.com.ar\/archivo\/wp-content\/uploads\/2023\/02\/WhatsApp-Image-2023-02-02-at-12.58.42-1536x1023.jpeg 1536w, https:\/\/morenoprimero.com.ar\/archivo\/wp-content\/uploads\/2023\/02\/WhatsApp-Image-2023-02-02-at-12.58.42.jpeg 1600w\" sizes=\"auto, (max-width: 1024px) 100vw, 1024px\" \/><\/a><\/figure>\n<\/figure>\n","protected":false},"excerpt":{"rendered":"<p>El Municipio de Moreno, a trav\u00e9s del Instituto de Desarrollo Urbano, Ambiental y Regional, avanza con las obras de ampliaci\u00f3n y refuncionalizaci\u00f3n del SUM de Los Hornos, ubicado en la localidad de Cuartel V. La obra est\u00e1 proyectada para la &hellip; <a href=\"https:\/\/morenoprimero.com.ar\/archivo\/avanza-la-ampliacion-del-sum-de-los-hornos\/\">Sigue leyendo <span class=\"meta-nav\">&rarr;<\/span><\/a><\/p>\n","protected":false},"author":6,"featured_media":36027,"comment_status":"closed","ping_status":"closed","sticky":false,"template":"","format":"standard","meta":{"footnotes":""},"categories":[2328],"tags":[156,4430],"class_list":["post-36026","post","type-post","status-publish","format-standard","has-post-thumbnail","hentry","category-local","tag-cuartel-v","tag-sum-de-los-hornos"],"_links":{"self":[{"href":"https:\/\/morenoprimero.com.ar\/archivo\/wp-json\/wp\/v2\/posts\/36026","targetHints":{"allow":["GET"]}}],"collection":[{"href":"https:\/\/morenoprimero.com.ar\/archivo\/wp-json\/wp\/v2\/posts"}],"about":[{"href":"https:\/\/morenoprimero.com.ar\/archivo\/wp-json\/wp\/v2\/types\/post"}],"author":[{"embeddable":true,"href":"https:\/\/morenoprimero.com.ar\/archivo\/wp-json\/wp\/v2\/users\/6"}],"replies":[{"embeddable":true,"href":"https:\/\/morenoprimero.com.ar\/archivo\/wp-json\/wp\/v2\/comments?post=36026"}],"version-history":[{"count":1,"href":"https:\/\/morenoprimero.com.ar\/archivo\/wp-json\/wp\/v2\/posts\/36026\/revisions"}],"predecessor-version":[{"id":36032,"href":"https:\/\/morenoprimero.com.ar\/archivo\/wp-json\/wp\/v2\/posts\/36026\/revisions\/36032"}],"wp:featuredmedia":[{"embeddable":true,"href":"https:\/\/morenoprimero.com.ar\/archivo\/wp-json\/wp\/v2\/media\/36027"}],"wp:attachment":[{"href":"https:\/\/morenoprimero.com.ar\/archivo\/wp-json\/wp\/v2\/media?parent=36026"}],"wp:term":[{"taxonomy":"category","embeddable":true,"href":"https:\/\/morenoprimero.com.ar\/archivo\/wp-json\/wp\/v2\/categories?post=36026"},{"taxonomy":"post_tag","embeddable":true,"href":"https:\/\/morenoprimero.com.ar\/archivo\/wp-json\/wp\/v2\/tags?post=36026"}],"curies":[{"name":"wp","href":"https:\/\/api.w.org\/{rel}","templated":true}]}}