{"id":35925,"date":"2023-01-27T15:39:11","date_gmt":"2023-01-27T18:39:11","guid":{"rendered":"https:\/\/morenoprimero.com.ar\/?p=35925"},"modified":"2023-01-27T15:42:23","modified_gmt":"2023-01-27T18:42:23","slug":"moreno-nuevas-propuestas-culturales-y-turismo-de-cercania-para-este-fin-de-semana-2","status":"publish","type":"post","link":"https:\/\/morenoprimero.com.ar\/archivo\/moreno-nuevas-propuestas-culturales-y-turismo-de-cercania-para-este-fin-de-semana-2\/","title":{"rendered":"Moreno: nuevas propuestas culturales y turismo de cercan\u00eda para este fin de semana"},"content":{"rendered":"\n<p>Como cada fin de semana, el Municipio brinda una variedad de propuestas culturales y tur\u00edsticas para que pueda disfrutar la comunidad local y provincial. Algunos de los eventos que estar\u00e1n d\u00e1ndose son la proyecci\u00f3n de la pel\u00edcula \u201cArgentina, 1985\u201d en la plaza Lomas de Casasco; el Festival de Verano; La Peatonal Mitre; La Feria del Lago; y las distintas celebraciones de carnavales en las localidades del distrito, entre otras. Y como siempre, las actividades recreativas que brinda La Reserva Municipal Los Robles.<\/p>\n\n\n\n<p>El viernes 27 de enero, el ciclo Moreno Tiene Memoria proyectar\u00e1 la pel\u00edcula \u201cArgentina, 1985\u201d, a las 19:30 horas en la plaza Lomas de Casasco, ubicada en San Jos\u00e9 y Santa Cruz, Moreno Sur.<\/p>\n\n\n\n<p>El s\u00e1bado 28 de enero, se llevar\u00e1 adelante el Festival de Verano, con la presentaci\u00f3n en vivo de los artistas Diego Mendo, DJ A.K.A Slctrs, DJ M 5555 y cerrar\u00e1 el show Mario Luis. La celebraci\u00f3n se realizar\u00e1 a las 19 horas en La Casona de Trujui, ubicada en Bulogne Sur Mer y Albatros.<\/p>\n\n\n\n<figure class=\"wp-block-gallery has-nested-images columns-default is-cropped wp-block-gallery-1 is-layout-flex wp-block-gallery-is-layout-flex\">\n<figure class=\"wp-block-image size-large\"><a href=\"https:\/\/morenoprimero.com.ar\/wp-content\/uploads\/2023\/01\/WhatsApp-Image-2023-01-27-at-10.44.13.jpeg\"><img loading=\"lazy\" decoding=\"async\" width=\"526\" height=\"527\" data-id=\"35926\" src=\"https:\/\/morenoprimero.com.ar\/wp-content\/uploads\/2023\/01\/WhatsApp-Image-2023-01-27-at-10.44.13.jpeg\" alt=\"\" class=\"wp-image-35926\" srcset=\"https:\/\/morenoprimero.com.ar\/archivo\/wp-content\/uploads\/2023\/01\/WhatsApp-Image-2023-01-27-at-10.44.13.jpeg 526w, https:\/\/morenoprimero.com.ar\/archivo\/wp-content\/uploads\/2023\/01\/WhatsApp-Image-2023-01-27-at-10.44.13-300x300.jpeg 300w, https:\/\/morenoprimero.com.ar\/archivo\/wp-content\/uploads\/2023\/01\/WhatsApp-Image-2023-01-27-at-10.44.13-150x150.jpeg 150w\" sizes=\"auto, (max-width: 526px) 100vw, 526px\" \/><\/a><\/figure>\n\n\n\n<figure class=\"wp-block-image size-large\"><a href=\"https:\/\/morenoprimero.com.ar\/wp-content\/uploads\/2023\/01\/WhatsApp-Image-2023-01-27-at-10.44.13-1.jpeg\"><img loading=\"lazy\" decoding=\"async\" width=\"1018\" height=\"1024\" data-id=\"35930\" src=\"https:\/\/morenoprimero.com.ar\/wp-content\/uploads\/2023\/01\/WhatsApp-Image-2023-01-27-at-10.44.13-1-1018x1024.jpeg\" alt=\"\" class=\"wp-image-35930\" srcset=\"https:\/\/morenoprimero.com.ar\/archivo\/wp-content\/uploads\/2023\/01\/WhatsApp-Image-2023-01-27-at-10.44.13-1-1018x1024.jpeg 1018w, https:\/\/morenoprimero.com.ar\/archivo\/wp-content\/uploads\/2023\/01\/WhatsApp-Image-2023-01-27-at-10.44.13-1-298x300.jpeg 298w, https:\/\/morenoprimero.com.ar\/archivo\/wp-content\/uploads\/2023\/01\/WhatsApp-Image-2023-01-27-at-10.44.13-1-150x150.jpeg 150w, https:\/\/morenoprimero.com.ar\/archivo\/wp-content\/uploads\/2023\/01\/WhatsApp-Image-2023-01-27-at-10.44.13-1-768x772.jpeg 768w, https:\/\/morenoprimero.com.ar\/archivo\/wp-content\/uploads\/2023\/01\/WhatsApp-Image-2023-01-27-at-10.44.13-1.jpeg 1273w\" sizes=\"auto, (max-width: 1018px) 100vw, 1018px\" \/><\/a><\/figure>\n<\/figure>\n\n\n\n<p><\/p>\n\n\n\n<p>El mismo d\u00eda, a partir de las 18 horas, en el marco de las celebraciones de carnavales, se presentar\u00e1 la banda \u201cSuper Quinteto\u201d, en Folclorisimo, ubicado sobre Ruta 24, en la localidad de Cuartel V. Adem\u00e1s, la jornada contar\u00e1 con los shows en vivo de artistas y murgas locales: Jos\u00e9, El Rubio Sangre Rock, la orquesta Kaluque\u00f1a, Esperanza callejera, Los Dandi de Moreno, La que te importa, Derechos torcidos y Los embajadores del ritmo.<\/p>\n\n\n\n<p>Las celebraciones de los carnavales se realizar\u00e1n durante los fines de semana de enero y febrero, con m\u00e1s artistas y shows en vivo en distintas localidades del municipio.<\/p>\n\n\n\n<figure class=\"wp-block-gallery has-nested-images columns-default is-cropped wp-block-gallery-2 is-layout-flex wp-block-gallery-is-layout-flex\">\n<figure class=\"wp-block-image size-large\"><a href=\"https:\/\/morenoprimero.com.ar\/wp-content\/uploads\/2023\/01\/WhatsApp-Image-2023-01-27-at-10.44.14.jpeg\"><img loading=\"lazy\" decoding=\"async\" width=\"1024\" height=\"1024\" data-id=\"35927\" src=\"https:\/\/morenoprimero.com.ar\/wp-content\/uploads\/2023\/01\/WhatsApp-Image-2023-01-27-at-10.44.14-1024x1024.jpeg\" alt=\"\" class=\"wp-image-35927\" srcset=\"https:\/\/morenoprimero.com.ar\/archivo\/wp-content\/uploads\/2023\/01\/WhatsApp-Image-2023-01-27-at-10.44.14-1024x1024.jpeg 1024w, https:\/\/morenoprimero.com.ar\/archivo\/wp-content\/uploads\/2023\/01\/WhatsApp-Image-2023-01-27-at-10.44.14-300x300.jpeg 300w, https:\/\/morenoprimero.com.ar\/archivo\/wp-content\/uploads\/2023\/01\/WhatsApp-Image-2023-01-27-at-10.44.14-150x150.jpeg 150w, https:\/\/morenoprimero.com.ar\/archivo\/wp-content\/uploads\/2023\/01\/WhatsApp-Image-2023-01-27-at-10.44.14-768x768.jpeg 768w, https:\/\/morenoprimero.com.ar\/archivo\/wp-content\/uploads\/2023\/01\/WhatsApp-Image-2023-01-27-at-10.44.14.jpeg 1280w\" sizes=\"auto, (max-width: 1024px) 100vw, 1024px\" \/><\/a><\/figure>\n\n\n\n<figure class=\"wp-block-image size-large\"><a href=\"https:\/\/morenoprimero.com.ar\/wp-content\/uploads\/2023\/01\/WhatsApp-Image-2023-01-27-at-10.44.15.jpeg\"><img loading=\"lazy\" decoding=\"async\" width=\"1024\" height=\"1024\" data-id=\"35928\" src=\"https:\/\/morenoprimero.com.ar\/wp-content\/uploads\/2023\/01\/WhatsApp-Image-2023-01-27-at-10.44.15-1024x1024.jpeg\" alt=\"\" class=\"wp-image-35928\" srcset=\"https:\/\/morenoprimero.com.ar\/archivo\/wp-content\/uploads\/2023\/01\/WhatsApp-Image-2023-01-27-at-10.44.15-1024x1024.jpeg 1024w, https:\/\/morenoprimero.com.ar\/archivo\/wp-content\/uploads\/2023\/01\/WhatsApp-Image-2023-01-27-at-10.44.15-300x300.jpeg 300w, https:\/\/morenoprimero.com.ar\/archivo\/wp-content\/uploads\/2023\/01\/WhatsApp-Image-2023-01-27-at-10.44.15-150x150.jpeg 150w, https:\/\/morenoprimero.com.ar\/archivo\/wp-content\/uploads\/2023\/01\/WhatsApp-Image-2023-01-27-at-10.44.15-768x768.jpeg 768w, https:\/\/morenoprimero.com.ar\/archivo\/wp-content\/uploads\/2023\/01\/WhatsApp-Image-2023-01-27-at-10.44.15.jpeg 1280w\" sizes=\"auto, (max-width: 1024px) 100vw, 1024px\" \/><\/a><\/figure>\n<\/figure>\n\n\n\n<p><\/p>\n\n\n\n<p>El d\u00eda 28 tambi\u00e9n se podr\u00e1 recorrer la Peatonal Mitre de Moreno, desde las 17 hasta las 00 horas, un lugar ideal para pasear y disfrutar de los mejores espect\u00e1culos de arte callejero, de la feria artesanal, actividades recreativas, food trucks, kerm\u00e9s y el patio gastron\u00f3mico con propuestas para todos los gustos.<\/p>\n\n\n\n<p>A su vez, como todos los s\u00e1bados, domingos y feriados, de 9 a 18 horas, se puede visitar y disfrutar en familia del Predio Municipal Ferial, ubicado en Ruta 23 y O\u2019Brien. Donde se ofrece indumentaria, artesan\u00edas, bazar, antig\u00fcedades y juguetes. El espacio cuenta adem\u00e1s con patio de comidas y estacionamiento libre y gratuito.<\/p>\n\n\n\n<p>El domingo 22 de enero, desde las 19 horas, se realizar\u00e1 La Feria del Lago en la plaza Favaloro, ubicada en Benito Ju\u00e1rez y Bustos, donde se podr\u00e1 disfrutar en familia de platos gastron\u00f3micos, pasear por la feria de emprendedores y emprendedoras locales y participar de actividades culturales. Tambi\u00e9n se podr\u00e1 realizar la experiencia \u201cVuelo cautivo en Globo\u201d, la misma es con cupos limitados.<\/p>\n\n\n\n<figure class=\"wp-block-gallery has-nested-images columns-default is-cropped wp-block-gallery-3 is-layout-flex wp-block-gallery-is-layout-flex\">\n<figure class=\"wp-block-image size-large\"><a href=\"https:\/\/morenoprimero.com.ar\/wp-content\/uploads\/2023\/01\/WhatsApp-Image-2023-01-27-at-10.44.09.jpeg\"><img loading=\"lazy\" decoding=\"async\" width=\"1024\" height=\"1024\" data-id=\"35935\" src=\"https:\/\/morenoprimero.com.ar\/wp-content\/uploads\/2023\/01\/WhatsApp-Image-2023-01-27-at-10.44.09-1024x1024.jpeg\" alt=\"\" class=\"wp-image-35935\" srcset=\"https:\/\/morenoprimero.com.ar\/archivo\/wp-content\/uploads\/2023\/01\/WhatsApp-Image-2023-01-27-at-10.44.09-1024x1024.jpeg 1024w, https:\/\/morenoprimero.com.ar\/archivo\/wp-content\/uploads\/2023\/01\/WhatsApp-Image-2023-01-27-at-10.44.09-300x300.jpeg 300w, https:\/\/morenoprimero.com.ar\/archivo\/wp-content\/uploads\/2023\/01\/WhatsApp-Image-2023-01-27-at-10.44.09-150x150.jpeg 150w, https:\/\/morenoprimero.com.ar\/archivo\/wp-content\/uploads\/2023\/01\/WhatsApp-Image-2023-01-27-at-10.44.09-768x768.jpeg 768w, https:\/\/morenoprimero.com.ar\/archivo\/wp-content\/uploads\/2023\/01\/WhatsApp-Image-2023-01-27-at-10.44.09.jpeg 1280w\" sizes=\"auto, (max-width: 1024px) 100vw, 1024px\" \/><\/a><\/figure>\n\n\n\n<figure class=\"wp-block-image size-large\"><a href=\"https:\/\/morenoprimero.com.ar\/wp-content\/uploads\/2023\/01\/WhatsApp-Image-2023-01-27-at-10.44.08-1.jpeg\"><img loading=\"lazy\" decoding=\"async\" width=\"1024\" height=\"1024\" data-id=\"35939\" src=\"https:\/\/morenoprimero.com.ar\/wp-content\/uploads\/2023\/01\/WhatsApp-Image-2023-01-27-at-10.44.08-1-1024x1024.jpeg\" alt=\"\" class=\"wp-image-35939\" srcset=\"https:\/\/morenoprimero.com.ar\/archivo\/wp-content\/uploads\/2023\/01\/WhatsApp-Image-2023-01-27-at-10.44.08-1-1024x1024.jpeg 1024w, https:\/\/morenoprimero.com.ar\/archivo\/wp-content\/uploads\/2023\/01\/WhatsApp-Image-2023-01-27-at-10.44.08-1-300x300.jpeg 300w, https:\/\/morenoprimero.com.ar\/archivo\/wp-content\/uploads\/2023\/01\/WhatsApp-Image-2023-01-27-at-10.44.08-1-150x150.jpeg 150w, https:\/\/morenoprimero.com.ar\/archivo\/wp-content\/uploads\/2023\/01\/WhatsApp-Image-2023-01-27-at-10.44.08-1-768x768.jpeg 768w, https:\/\/morenoprimero.com.ar\/archivo\/wp-content\/uploads\/2023\/01\/WhatsApp-Image-2023-01-27-at-10.44.08-1.jpeg 1280w\" sizes=\"auto, (max-width: 1024px) 100vw, 1024px\" \/><\/a><\/figure>\n\n\n\n<figure class=\"wp-block-image size-large\"><a href=\"https:\/\/morenoprimero.com.ar\/wp-content\/uploads\/2023\/01\/WhatsApp-Image-2023-01-27-at-10.44.08.jpeg\"><img loading=\"lazy\" decoding=\"async\" width=\"1024\" height=\"1024\" data-id=\"35936\" src=\"https:\/\/morenoprimero.com.ar\/wp-content\/uploads\/2023\/01\/WhatsApp-Image-2023-01-27-at-10.44.08-1024x1024.jpeg\" alt=\"\" class=\"wp-image-35936\" srcset=\"https:\/\/morenoprimero.com.ar\/archivo\/wp-content\/uploads\/2023\/01\/WhatsApp-Image-2023-01-27-at-10.44.08-1024x1024.jpeg 1024w, https:\/\/morenoprimero.com.ar\/archivo\/wp-content\/uploads\/2023\/01\/WhatsApp-Image-2023-01-27-at-10.44.08-300x300.jpeg 300w, https:\/\/morenoprimero.com.ar\/archivo\/wp-content\/uploads\/2023\/01\/WhatsApp-Image-2023-01-27-at-10.44.08-150x150.jpeg 150w, https:\/\/morenoprimero.com.ar\/archivo\/wp-content\/uploads\/2023\/01\/WhatsApp-Image-2023-01-27-at-10.44.08-768x768.jpeg 768w, https:\/\/morenoprimero.com.ar\/archivo\/wp-content\/uploads\/2023\/01\/WhatsApp-Image-2023-01-27-at-10.44.08.jpeg 1280w\" sizes=\"auto, (max-width: 1024px) 100vw, 1024px\" \/><\/a><\/figure>\n<\/figure>\n\n\n\n<p><\/p>\n\n\n\n<p><strong>Reserva Natural Municipal \u201cLos Robles\u201d<\/strong><\/p>\n\n\n\n<p>La Reserva Natural Municipal \u201cLos Robles\u201d es una excelente alternativa para compartir en familia y disfrutar de las bondades de este espacio natural que hacen de \u00e9l un punto tur\u00edstico importante en la provincia de Buenos Aires. All\u00ed se puede dormir, acampar, disfrutar del sector gastron\u00f3mico, realizar caminatas guiadas, espacios de juegos libres y de lectura para la ni\u00f1ez, y muchas actividades m\u00e1s.<\/p>\n\n\n\n<p>Durante este fin de semana la reserva natural presenta una serie de actividades para disfrutar del espacio al aire libre.<\/p>\n\n\n\n<p>El d\u00eda s\u00e1bado 28, de 10 a 19 horas, se podr\u00e1 disfrutar del patio gastron\u00f3mico, y desde las 12 horas estar\u00e1 disponible la feria artesanal. A las 9 horas, habr\u00e1 una clase de Yoga en la zona de la biblioteca; a las 10 horas se desarrollar\u00e1 una clase de Yoga en la zona de la feria artesanal. Tanto a las 11 como a las 14 y a las 16 horas, se realizar\u00e1 la recorrida guiada por el Centro de Visitantes.<\/p>\n\n\n\n<p>Tambi\u00e9n a las 14 horas se dictar\u00e1 una clase de Yoga en la biblioteca, y a la misma hora se realizar\u00e1 la actividad \u201cConectarse con el pastizal\u201d, mediante inscripci\u00f3n previa por correo electr\u00f3nico a conectarconlosrobles@gmail.com. A las 16 horas habr\u00e1 una nueva clase de Yoga, y a las 16:30 horas, se llevar\u00e1 adelante la Caminata guiada por los senderos del bosque. Por \u00faltimo, a las 17 horas habr\u00e1 \u201cTarde de m\u00fasica en vivo\u00bb.<\/p>\n\n\n\n<figure class=\"wp-block-gallery has-nested-images columns-default is-cropped wp-block-gallery-4 is-layout-flex wp-block-gallery-is-layout-flex\">\n<figure class=\"wp-block-image size-large\"><a href=\"https:\/\/morenoprimero.com.ar\/wp-content\/uploads\/2023\/01\/WhatsApp-Image-2023-01-27-at-10.44.12.jpeg\"><img loading=\"lazy\" decoding=\"async\" width=\"1024\" height=\"1024\" data-id=\"35931\" src=\"https:\/\/morenoprimero.com.ar\/wp-content\/uploads\/2023\/01\/WhatsApp-Image-2023-01-27-at-10.44.12-1024x1024.jpeg\" alt=\"\" class=\"wp-image-35931\" srcset=\"https:\/\/morenoprimero.com.ar\/archivo\/wp-content\/uploads\/2023\/01\/WhatsApp-Image-2023-01-27-at-10.44.12-1024x1024.jpeg 1024w, https:\/\/morenoprimero.com.ar\/archivo\/wp-content\/uploads\/2023\/01\/WhatsApp-Image-2023-01-27-at-10.44.12-300x300.jpeg 300w, https:\/\/morenoprimero.com.ar\/archivo\/wp-content\/uploads\/2023\/01\/WhatsApp-Image-2023-01-27-at-10.44.12-150x150.jpeg 150w, https:\/\/morenoprimero.com.ar\/archivo\/wp-content\/uploads\/2023\/01\/WhatsApp-Image-2023-01-27-at-10.44.12-768x768.jpeg 768w, https:\/\/morenoprimero.com.ar\/archivo\/wp-content\/uploads\/2023\/01\/WhatsApp-Image-2023-01-27-at-10.44.12.jpeg 1280w\" sizes=\"auto, (max-width: 1024px) 100vw, 1024px\" \/><\/a><\/figure>\n\n\n\n<figure class=\"wp-block-image size-large\"><a href=\"https:\/\/morenoprimero.com.ar\/wp-content\/uploads\/2023\/01\/WhatsApp-Image-2023-01-27-at-10.44.09-1.jpeg\"><img loading=\"lazy\" decoding=\"async\" width=\"1024\" height=\"1024\" data-id=\"35934\" src=\"https:\/\/morenoprimero.com.ar\/wp-content\/uploads\/2023\/01\/WhatsApp-Image-2023-01-27-at-10.44.09-1-1024x1024.jpeg\" alt=\"\" class=\"wp-image-35934\" srcset=\"https:\/\/morenoprimero.com.ar\/archivo\/wp-content\/uploads\/2023\/01\/WhatsApp-Image-2023-01-27-at-10.44.09-1-1024x1024.jpeg 1024w, https:\/\/morenoprimero.com.ar\/archivo\/wp-content\/uploads\/2023\/01\/WhatsApp-Image-2023-01-27-at-10.44.09-1-300x300.jpeg 300w, https:\/\/morenoprimero.com.ar\/archivo\/wp-content\/uploads\/2023\/01\/WhatsApp-Image-2023-01-27-at-10.44.09-1-150x150.jpeg 150w, https:\/\/morenoprimero.com.ar\/archivo\/wp-content\/uploads\/2023\/01\/WhatsApp-Image-2023-01-27-at-10.44.09-1-768x768.jpeg 768w, https:\/\/morenoprimero.com.ar\/archivo\/wp-content\/uploads\/2023\/01\/WhatsApp-Image-2023-01-27-at-10.44.09-1.jpeg 1280w\" sizes=\"auto, (max-width: 1024px) 100vw, 1024px\" \/><\/a><\/figure>\n\n\n\n<figure class=\"wp-block-image size-large\"><a href=\"https:\/\/morenoprimero.com.ar\/wp-content\/uploads\/2023\/01\/WhatsApp-Image-2023-01-27-at-10.44.12-2.jpeg\"><img loading=\"lazy\" decoding=\"async\" width=\"1024\" height=\"1024\" data-id=\"35932\" src=\"https:\/\/morenoprimero.com.ar\/wp-content\/uploads\/2023\/01\/WhatsApp-Image-2023-01-27-at-10.44.12-2-1024x1024.jpeg\" alt=\"\" class=\"wp-image-35932\" srcset=\"https:\/\/morenoprimero.com.ar\/archivo\/wp-content\/uploads\/2023\/01\/WhatsApp-Image-2023-01-27-at-10.44.12-2-1024x1024.jpeg 1024w, https:\/\/morenoprimero.com.ar\/archivo\/wp-content\/uploads\/2023\/01\/WhatsApp-Image-2023-01-27-at-10.44.12-2-300x300.jpeg 300w, https:\/\/morenoprimero.com.ar\/archivo\/wp-content\/uploads\/2023\/01\/WhatsApp-Image-2023-01-27-at-10.44.12-2-150x150.jpeg 150w, https:\/\/morenoprimero.com.ar\/archivo\/wp-content\/uploads\/2023\/01\/WhatsApp-Image-2023-01-27-at-10.44.12-2-768x768.jpeg 768w, https:\/\/morenoprimero.com.ar\/archivo\/wp-content\/uploads\/2023\/01\/WhatsApp-Image-2023-01-27-at-10.44.12-2.jpeg 1280w\" sizes=\"auto, (max-width: 1024px) 100vw, 1024px\" \/><\/a><\/figure>\n\n\n\n<figure class=\"wp-block-image size-large\"><a href=\"https:\/\/morenoprimero.com.ar\/wp-content\/uploads\/2023\/01\/WhatsApp-Image-2023-01-27-at-10.44.12-1.jpeg\"><img loading=\"lazy\" decoding=\"async\" width=\"1024\" height=\"1024\" data-id=\"35937\" src=\"https:\/\/morenoprimero.com.ar\/wp-content\/uploads\/2023\/01\/WhatsApp-Image-2023-01-27-at-10.44.12-1-1024x1024.jpeg\" alt=\"\" class=\"wp-image-35937\" srcset=\"https:\/\/morenoprimero.com.ar\/archivo\/wp-content\/uploads\/2023\/01\/WhatsApp-Image-2023-01-27-at-10.44.12-1-1024x1024.jpeg 1024w, https:\/\/morenoprimero.com.ar\/archivo\/wp-content\/uploads\/2023\/01\/WhatsApp-Image-2023-01-27-at-10.44.12-1-300x300.jpeg 300w, https:\/\/morenoprimero.com.ar\/archivo\/wp-content\/uploads\/2023\/01\/WhatsApp-Image-2023-01-27-at-10.44.12-1-150x150.jpeg 150w, https:\/\/morenoprimero.com.ar\/archivo\/wp-content\/uploads\/2023\/01\/WhatsApp-Image-2023-01-27-at-10.44.12-1-768x768.jpeg 768w, https:\/\/morenoprimero.com.ar\/archivo\/wp-content\/uploads\/2023\/01\/WhatsApp-Image-2023-01-27-at-10.44.12-1.jpeg 1280w\" sizes=\"auto, (max-width: 1024px) 100vw, 1024px\" \/><\/a><\/figure>\n<\/figure>\n\n\n\n<p><\/p>\n\n\n\n<p>Para el domingo 29, de 10 a 19 horas, se podr\u00e1 disfrutar del patio gastron\u00f3mico, y desde las 12 horas estar\u00e1 disponible la feria artesanal. Mientras que a las 9, 10 y 14 horas, se llevar\u00e1n adelante clases de Yoga en la zona de la biblioteca. A las 11, 14 y 16 horas se realizar\u00e1 la actividad de recorrida guiada por el Centro de Visitantes. Tambi\u00e9n a las 16 horas se realizar\u00e1 la actividad \u201cConectarse con el pastizal\u201d, para participar deben inscribirse previamente por correo electr\u00f3nico a conectarconlosrobles@gmail.com. Y a la misma hora se podr\u00e1 realizar Yoga. A las 16.30 horas se podr\u00e1 hacer la caminata guiada por los senderos del bosque; y a las 17 horas se desarrollar\u00e1 el show de \u00abTarde de m\u00fasica en vivo\u00bb.<\/p>\n\n\n\n<figure class=\"wp-block-gallery has-nested-images columns-default is-cropped wp-block-gallery-5 is-layout-flex wp-block-gallery-is-layout-flex\">\n<figure class=\"wp-block-image size-large\"><a href=\"https:\/\/morenoprimero.com.ar\/wp-content\/uploads\/2023\/01\/WhatsApp-Image-2023-01-27-at-10.44.11.jpeg\"><img loading=\"lazy\" decoding=\"async\" width=\"1024\" height=\"1024\" data-id=\"35933\" src=\"https:\/\/morenoprimero.com.ar\/wp-content\/uploads\/2023\/01\/WhatsApp-Image-2023-01-27-at-10.44.11-1024x1024.jpeg\" alt=\"\" class=\"wp-image-35933\" srcset=\"https:\/\/morenoprimero.com.ar\/archivo\/wp-content\/uploads\/2023\/01\/WhatsApp-Image-2023-01-27-at-10.44.11-1024x1024.jpeg 1024w, https:\/\/morenoprimero.com.ar\/archivo\/wp-content\/uploads\/2023\/01\/WhatsApp-Image-2023-01-27-at-10.44.11-300x300.jpeg 300w, https:\/\/morenoprimero.com.ar\/archivo\/wp-content\/uploads\/2023\/01\/WhatsApp-Image-2023-01-27-at-10.44.11-150x150.jpeg 150w, https:\/\/morenoprimero.com.ar\/archivo\/wp-content\/uploads\/2023\/01\/WhatsApp-Image-2023-01-27-at-10.44.11-768x768.jpeg 768w, https:\/\/morenoprimero.com.ar\/archivo\/wp-content\/uploads\/2023\/01\/WhatsApp-Image-2023-01-27-at-10.44.11.jpeg 1280w\" sizes=\"auto, (max-width: 1024px) 100vw, 1024px\" \/><\/a><\/figure>\n\n\n\n<figure class=\"wp-block-image size-large\"><a href=\"https:\/\/morenoprimero.com.ar\/wp-content\/uploads\/2023\/01\/WhatsApp-Image-2023-01-27-at-10.44.10.jpeg\"><img loading=\"lazy\" decoding=\"async\" width=\"1024\" height=\"1024\" data-id=\"35938\" src=\"https:\/\/morenoprimero.com.ar\/wp-content\/uploads\/2023\/01\/WhatsApp-Image-2023-01-27-at-10.44.10-1024x1024.jpeg\" alt=\"\" class=\"wp-image-35938\" srcset=\"https:\/\/morenoprimero.com.ar\/archivo\/wp-content\/uploads\/2023\/01\/WhatsApp-Image-2023-01-27-at-10.44.10-1024x1024.jpeg 1024w, https:\/\/morenoprimero.com.ar\/archivo\/wp-content\/uploads\/2023\/01\/WhatsApp-Image-2023-01-27-at-10.44.10-300x300.jpeg 300w, https:\/\/morenoprimero.com.ar\/archivo\/wp-content\/uploads\/2023\/01\/WhatsApp-Image-2023-01-27-at-10.44.10-150x150.jpeg 150w, https:\/\/morenoprimero.com.ar\/archivo\/wp-content\/uploads\/2023\/01\/WhatsApp-Image-2023-01-27-at-10.44.10-768x768.jpeg 768w, https:\/\/morenoprimero.com.ar\/archivo\/wp-content\/uploads\/2023\/01\/WhatsApp-Image-2023-01-27-at-10.44.10.jpeg 1280w\" sizes=\"auto, (max-width: 1024px) 100vw, 1024px\" \/><\/a><\/figure>\n\n\n\n<figure class=\"wp-block-image size-large\"><a href=\"https:\/\/morenoprimero.com.ar\/wp-content\/uploads\/2023\/01\/WhatsApp-Image-2023-01-27-at-10.44.15-1.jpeg\"><img loading=\"lazy\" decoding=\"async\" width=\"1024\" height=\"1024\" data-id=\"35929\" src=\"https:\/\/morenoprimero.com.ar\/wp-content\/uploads\/2023\/01\/WhatsApp-Image-2023-01-27-at-10.44.15-1-1024x1024.jpeg\" alt=\"\" class=\"wp-image-35929\" srcset=\"https:\/\/morenoprimero.com.ar\/archivo\/wp-content\/uploads\/2023\/01\/WhatsApp-Image-2023-01-27-at-10.44.15-1-1024x1024.jpeg 1024w, https:\/\/morenoprimero.com.ar\/archivo\/wp-content\/uploads\/2023\/01\/WhatsApp-Image-2023-01-27-at-10.44.15-1-300x300.jpeg 300w, https:\/\/morenoprimero.com.ar\/archivo\/wp-content\/uploads\/2023\/01\/WhatsApp-Image-2023-01-27-at-10.44.15-1-150x150.jpeg 150w, https:\/\/morenoprimero.com.ar\/archivo\/wp-content\/uploads\/2023\/01\/WhatsApp-Image-2023-01-27-at-10.44.15-1-768x768.jpeg 768w, https:\/\/morenoprimero.com.ar\/archivo\/wp-content\/uploads\/2023\/01\/WhatsApp-Image-2023-01-27-at-10.44.15-1.jpeg 1280w\" sizes=\"auto, (max-width: 1024px) 100vw, 1024px\" \/><\/a><\/figure>\n<\/figure>\n\n\n\n<p><\/p>\n\n\n\n<p>En \u201cLos Robles\u201d se tiene la posibilidad de alquilar Posadas del Bosque y las reservas se pueden tramitar a trav\u00e9s del e-mail turismo@moreno.gov.ar, o por las siguientes plataformas: #Airbnb, #TripAdvisor y #Booking; as\u00ed como de manera presencial en la administraci\u00f3n de las caba\u00f1as.<\/p>\n\n\n\n<p>Para visitar la reserva no hace falta inscripci\u00f3n previa. Las visitas son por orden de llegada hasta completar la capacidad del lugar. El Municipio invita a disfrutar con conciencia este hermoso refugio de vida y naturaleza.<\/p>\n\n\n\n<p>Para llegar en transporte p\u00fablico, se encuentra disponible el recorrido 26 de La Perlita, cartel \u201cLos Robles\u201d. Los horarios de salida desde Moreno son: 7:35 horas \u2013 10:13 horas &#8211; 12:35 horas \u2013 13:40 horas &#8211; 14:40 horas \u2013 16:20 horas y 17:35 horas. Los de regreso desde Los Robles son: 8 horas \u2013 10:33 horas \u2013 13 horas \u2013 14:05 horas \u2013 15:05 horas &#8211; 16:45 horas y a las 18 horas.<\/p>\n\n\n\n<p><\/p>\n","protected":false},"excerpt":{"rendered":"<p>Como cada fin de semana, el Municipio brinda una variedad de propuestas culturales y tur\u00edsticas para que pueda disfrutar la comunidad local y provincial. Algunos de los eventos que estar\u00e1n d\u00e1ndose son la proyecci\u00f3n de la pel\u00edcula \u201cArgentina, 1985\u201d en &hellip; <a href=\"https:\/\/morenoprimero.com.ar\/archivo\/moreno-nuevas-propuestas-culturales-y-turismo-de-cercania-para-este-fin-de-semana-2\/\">Sigue leyendo <span class=\"meta-nav\">&rarr;<\/span><\/a><\/p>\n","protected":false},"author":6,"featured_media":35944,"comment_status":"closed","ping_status":"closed","sticky":false,"template":"","format":"standard","meta":{"footnotes":""},"categories":[2332],"tags":[162,1358],"class_list":["post-35925","post","type-post","status-publish","format-standard","has-post-thumbnail","hentry","category-cultura","tag-cultura-moreno","tag-turismo-moreno"],"_links":{"self":[{"href":"https:\/\/morenoprimero.com.ar\/archivo\/wp-json\/wp\/v2\/posts\/35925","targetHints":{"allow":["GET"]}}],"collection":[{"href":"https:\/\/morenoprimero.com.ar\/archivo\/wp-json\/wp\/v2\/posts"}],"about":[{"href":"https:\/\/morenoprimero.com.ar\/archivo\/wp-json\/wp\/v2\/types\/post"}],"author":[{"embeddable":true,"href":"https:\/\/morenoprimero.com.ar\/archivo\/wp-json\/wp\/v2\/users\/6"}],"replies":[{"embeddable":true,"href":"https:\/\/morenoprimero.com.ar\/archivo\/wp-json\/wp\/v2\/comments?post=35925"}],"version-history":[{"count":2,"href":"https:\/\/morenoprimero.com.ar\/archivo\/wp-json\/wp\/v2\/posts\/35925\/revisions"}],"predecessor-version":[{"id":35943,"href":"https:\/\/morenoprimero.com.ar\/archivo\/wp-json\/wp\/v2\/posts\/35925\/revisions\/35943"}],"wp:featuredmedia":[{"embeddable":true,"href":"https:\/\/morenoprimero.com.ar\/archivo\/wp-json\/wp\/v2\/media\/35944"}],"wp:attachment":[{"href":"https:\/\/morenoprimero.com.ar\/archivo\/wp-json\/wp\/v2\/media?parent=35925"}],"wp:term":[{"taxonomy":"category","embeddable":true,"href":"https:\/\/morenoprimero.com.ar\/archivo\/wp-json\/wp\/v2\/categories?post=35925"},{"taxonomy":"post_tag","embeddable":true,"href":"https:\/\/morenoprimero.com.ar\/archivo\/wp-json\/wp\/v2\/tags?post=35925"}],"curies":[{"name":"wp","href":"https:\/\/api.w.org\/{rel}","templated":true}]}}