{"id":35902,"date":"2023-01-26T08:58:16","date_gmt":"2023-01-26T11:58:16","guid":{"rendered":"https:\/\/morenoprimero.com.ar\/?p=35902"},"modified":"2023-01-26T08:58:17","modified_gmt":"2023-01-26T11:58:17","slug":"diputados-empieza-a-trabajar-el-juicio-politico-contra-la-corte-suprema-de-justicia","status":"publish","type":"post","link":"https:\/\/morenoprimero.com.ar\/archivo\/diputados-empieza-a-trabajar-el-juicio-politico-contra-la-corte-suprema-de-justicia\/","title":{"rendered":"Diputados empieza a trabajar el juicio pol\u00edtico contra la Corte Suprema de Justicia"},"content":{"rendered":"\n<p>La Comisi\u00f3n de Juicio Pol\u00edtico de la C\u00e1mara de Diputados empezar\u00e1 a tratar el jury contra los miembros de la Corte Suprema de Justicia de la Naci\u00f3n.<\/p>\n\n\n\n<p>La Comisi\u00f3n de Juicio Pol\u00edtico de la c\u00e1mara de Diputados de la Naci\u00f3n comenzar\u00e1 a trabajar hoy, desde las 11 del mediod\u00eda, el pedido que puede terminar con la destituci\u00f3n de los ministros de la Corte suprema de Justicia de la Naci\u00f3n.<\/p>\n\n\n\n<p>El pedido de remoci\u00f3n recae sobre Horacio Rosatti, Carlos Ronzenkrantz, Juan Carlos Maqueda y Ricardo Lorenzetti, acusados de \u00abmal desempe\u00f1o de sus funciones\u00bb y \u00abmanifiesta parcialidad\u00bb por parte del presidente Alberto Fern\u00e1ndez en conjunto con once gobernadores.<\/p>\n\n\n\n<p>Se trata del cuerpo que debe investigar y dictaminar en las causas de responsabilidad que se intenten contra los funcionarios p\u00fablicos sometidos a juicio pol\u00edtico por la Constituci\u00f3n y los previstos en la ley 24.946 y en las quejas o denuncias que contra ellos se presenten en la C\u00e1mara.<\/p>\n\n\n\n<p>Es importante marcar que al tratarse de una instancia pol\u00edtica, no corren las mismas reglas que para una acusaci\u00f3n que cursa en el \u00e1mbito judicial. Por eso pueden utilizarse como pruebas los chats que Comodoro Py desestim\u00f3 por haber sido obtenidos de manera ilegal.<\/p>\n\n\n\n<p>El protocolo se\u00f1ala que cuando el pedido de remoci\u00f3n se dirige contra un funcionario p\u00fablico no sujeto a juicio pol\u00edtico, la comisi\u00f3n podr\u00e1 disponer su archivo o remisi\u00f3n al \u00f3rgano competente. \u00c9sta comisi\u00f3n reglamentar\u00e1 el procedimiento a seguir en las causas sometidas a su dictamen.<\/p>\n\n\n\n<p>Ayer, en declaraciones radiales, Eduardo Vald\u00e9s, diputado nacional del Frente de Todos, sostuvo que hay pruebas \u00abcontundentes\u00bb de que existi\u00f3 \u00abun mal procedimiento de la Corte y nosotros no la podemos dejar pasar. Nuestra voluntad pol\u00edtica es comenzar el jueves con el juicio pol\u00edtico. Las pruebas ser\u00e1n contundentes y podemos terminar con una mayor\u00eda que apoye la remoci\u00f3n de los jueces de la Corte en el recinto\u00bb.<\/p>\n\n\n\n<p>\u00abLa corte avanza sobre el poder ejecutivo y el legislativo asi que tomamos uno de los 14 pedidos de juicio pol\u00edtico que hay sobre la Corte. A nuestro entender hay un mal desempe\u00f1o en la administraci\u00f3n p\u00fablica\u00bb, sostuvo por su parte el diputado Marcelo Casaretto, en declaraciones a Radio Provincia.<\/p>\n\n\n\n<p>Vald\u00e9s adelant\u00f3 adem\u00e1s que citar\u00e1n a declarar al ministro de Seguridad porte\u00f1o (en licencia), Marcelo D&#8217;Alessandro, y al vocero del presidente de la Corte Suprema, Silvio Robles, quienes se vieron envueltos en un esc\u00e1ndalo por la filtraci\u00f3n de sus conversaciones en las que arregalaban favores entre uno y otro.<\/p>\n\n\n\n<p>Al respecto, este mi\u00e9rcoles el gobernador bonaerense, Axel Kicillof, present\u00f3 una denuncia penal contra ambos por los delitos de tr\u00e1fico de influencias e incumplimiento de los deberes de funcionario p\u00fablico, al considerar a la Provincia como particular perjudiciada en el fallo de la Corte sobre la coparticipaci\u00f3n.<\/p>\n","protected":false},"excerpt":{"rendered":"<p>La Comisi\u00f3n de Juicio Pol\u00edtico de la C\u00e1mara de Diputados empezar\u00e1 a tratar el jury contra los miembros de la Corte Suprema de Justicia de la Naci\u00f3n. La Comisi\u00f3n de Juicio Pol\u00edtico de la c\u00e1mara de Diputados de la Naci\u00f3n &hellip; <a href=\"https:\/\/morenoprimero.com.ar\/archivo\/diputados-empieza-a-trabajar-el-juicio-politico-contra-la-corte-suprema-de-justicia\/\">Sigue leyendo <span class=\"meta-nav\">&rarr;<\/span><\/a><\/p>\n","protected":false},"author":6,"featured_media":35903,"comment_status":"closed","ping_status":"closed","sticky":false,"template":"","format":"standard","meta":{"footnotes":""},"categories":[2330],"tags":[],"class_list":["post-35902","post","type-post","status-publish","format-standard","has-post-thumbnail","hentry","category-nacional"],"_links":{"self":[{"href":"https:\/\/morenoprimero.com.ar\/archivo\/wp-json\/wp\/v2\/posts\/35902","targetHints":{"allow":["GET"]}}],"collection":[{"href":"https:\/\/morenoprimero.com.ar\/archivo\/wp-json\/wp\/v2\/posts"}],"about":[{"href":"https:\/\/morenoprimero.com.ar\/archivo\/wp-json\/wp\/v2\/types\/post"}],"author":[{"embeddable":true,"href":"https:\/\/morenoprimero.com.ar\/archivo\/wp-json\/wp\/v2\/users\/6"}],"replies":[{"embeddable":true,"href":"https:\/\/morenoprimero.com.ar\/archivo\/wp-json\/wp\/v2\/comments?post=35902"}],"version-history":[{"count":1,"href":"https:\/\/morenoprimero.com.ar\/archivo\/wp-json\/wp\/v2\/posts\/35902\/revisions"}],"predecessor-version":[{"id":35904,"href":"https:\/\/morenoprimero.com.ar\/archivo\/wp-json\/wp\/v2\/posts\/35902\/revisions\/35904"}],"wp:featuredmedia":[{"embeddable":true,"href":"https:\/\/morenoprimero.com.ar\/archivo\/wp-json\/wp\/v2\/media\/35903"}],"wp:attachment":[{"href":"https:\/\/morenoprimero.com.ar\/archivo\/wp-json\/wp\/v2\/media?parent=35902"}],"wp:term":[{"taxonomy":"category","embeddable":true,"href":"https:\/\/morenoprimero.com.ar\/archivo\/wp-json\/wp\/v2\/categories?post=35902"},{"taxonomy":"post_tag","embeddable":true,"href":"https:\/\/morenoprimero.com.ar\/archivo\/wp-json\/wp\/v2\/tags?post=35902"}],"curies":[{"name":"wp","href":"https:\/\/api.w.org\/{rel}","templated":true}]}}