{"id":35888,"date":"2023-01-25T16:11:38","date_gmt":"2023-01-25T19:11:38","guid":{"rendered":"https:\/\/morenoprimero.com.ar\/?p=35888"},"modified":"2023-01-26T08:24:38","modified_gmt":"2023-01-26T11:24:38","slug":"ya-se-asfaltaron-612-nuevas-cuadras-en-moreno","status":"publish","type":"post","link":"https:\/\/morenoprimero.com.ar\/archivo\/ya-se-asfaltaron-612-nuevas-cuadras-en-moreno\/","title":{"rendered":"Ya se asfaltaron 612 nuevas cuadras en Moreno"},"content":{"rendered":"\n<p>El Municipio de Moreno, a trav\u00e9s de la Secretar\u00eda de Obras y Servicios P\u00fablicos, ya asfalt\u00f3 612 nuevas cuadras en las distintas localidades que forman parte del distrito. La planta asf\u00e1ltica municipal permite mayor capacidad de trabajo y un aceleramiento notable en las obras.<\/p>\n\n\n\n<p>En Moreno Centro se asfalt\u00f3 la calle Camilli, entre Alsina y Sarmiento; en Moreno Norte 59 nuevas cuadras; en Moreno Sur 87 cuadras; en la localidad de La Reja se asfaltaron un total 48 cuadras; en Paso del Rey 41 nuevas cuadras; 72 cuadras en Francisco \u00c1lvarez; mientras que en la localidad de Trujui se realiz\u00f3 el asfaltado de 153 y en Cuartel V 151 cuadras.<\/p>\n\n\n\n<p>El asfaltado realizado hasta el momento, que concierne un total 365.849 metros, se realiz\u00f3 en tiempo r\u00e9cord gracias a una iniciativa de la intendenta Mariel Fern\u00e1ndez: la implementaci\u00f3n de la planta asf\u00e1ltica municipal, que permite mayor capacidad de trabajo y un aceleramiento notable en las obras, permitiendo asfaltar 5 cuadras por d\u00eda.<\/p>\n\n\n\n<p>Los trabajos de asfaltado forman parte de las obras integrales que tambi\u00e9n contemplan instalaci\u00f3n de luminarias, colocaci\u00f3n de c\u00e1maras de seguridad, y la renovaci\u00f3n y embellecimiento de espacios p\u00fablicos como plazas, lo que permite una mejora en los accesos de los barrios y mayor seguridad para las vecinas y vecinos morenenses.<\/p>\n\n\n\n<figure class=\"wp-block-image size-large\"><a href=\"https:\/\/morenoprimero.com.ar\/wp-content\/uploads\/2023\/01\/WhatsApp-Image-2023-01-25-at-15.34.54.jpeg\"><img loading=\"lazy\" decoding=\"async\" width=\"1024\" height=\"576\" src=\"https:\/\/morenoprimero.com.ar\/wp-content\/uploads\/2023\/01\/WhatsApp-Image-2023-01-25-at-15.34.54-1024x576.jpeg\" alt=\"\" class=\"wp-image-35889\" srcset=\"https:\/\/morenoprimero.com.ar\/archivo\/wp-content\/uploads\/2023\/01\/WhatsApp-Image-2023-01-25-at-15.34.54-1024x576.jpeg 1024w, https:\/\/morenoprimero.com.ar\/archivo\/wp-content\/uploads\/2023\/01\/WhatsApp-Image-2023-01-25-at-15.34.54-300x169.jpeg 300w, https:\/\/morenoprimero.com.ar\/archivo\/wp-content\/uploads\/2023\/01\/WhatsApp-Image-2023-01-25-at-15.34.54-768x432.jpeg 768w, https:\/\/morenoprimero.com.ar\/archivo\/wp-content\/uploads\/2023\/01\/WhatsApp-Image-2023-01-25-at-15.34.54.jpeg 1280w\" sizes=\"auto, (max-width: 1024px) 100vw, 1024px\" \/><\/a><\/figure>\n","protected":false},"excerpt":{"rendered":"<p>El Municipio de Moreno, a trav\u00e9s de la Secretar\u00eda de Obras y Servicios P\u00fablicos, ya asfalt\u00f3 612 nuevas cuadras en las distintas localidades que forman parte del distrito. La planta asf\u00e1ltica municipal permite mayor capacidad de trabajo y un aceleramiento &hellip; <a href=\"https:\/\/morenoprimero.com.ar\/archivo\/ya-se-asfaltaron-612-nuevas-cuadras-en-moreno\/\">Sigue leyendo <span class=\"meta-nav\">&rarr;<\/span><\/a><\/p>\n","protected":false},"author":6,"featured_media":35890,"comment_status":"closed","ping_status":"closed","sticky":false,"template":"","format":"standard","meta":{"footnotes":""},"categories":[3,2328],"tags":[6],"class_list":["post-35888","post","type-post","status-publish","format-standard","has-post-thumbnail","hentry","category-importantes","category-local","tag-moreno"],"_links":{"self":[{"href":"https:\/\/morenoprimero.com.ar\/archivo\/wp-json\/wp\/v2\/posts\/35888","targetHints":{"allow":["GET"]}}],"collection":[{"href":"https:\/\/morenoprimero.com.ar\/archivo\/wp-json\/wp\/v2\/posts"}],"about":[{"href":"https:\/\/morenoprimero.com.ar\/archivo\/wp-json\/wp\/v2\/types\/post"}],"author":[{"embeddable":true,"href":"https:\/\/morenoprimero.com.ar\/archivo\/wp-json\/wp\/v2\/users\/6"}],"replies":[{"embeddable":true,"href":"https:\/\/morenoprimero.com.ar\/archivo\/wp-json\/wp\/v2\/comments?post=35888"}],"version-history":[{"count":1,"href":"https:\/\/morenoprimero.com.ar\/archivo\/wp-json\/wp\/v2\/posts\/35888\/revisions"}],"predecessor-version":[{"id":35891,"href":"https:\/\/morenoprimero.com.ar\/archivo\/wp-json\/wp\/v2\/posts\/35888\/revisions\/35891"}],"wp:featuredmedia":[{"embeddable":true,"href":"https:\/\/morenoprimero.com.ar\/archivo\/wp-json\/wp\/v2\/media\/35890"}],"wp:attachment":[{"href":"https:\/\/morenoprimero.com.ar\/archivo\/wp-json\/wp\/v2\/media?parent=35888"}],"wp:term":[{"taxonomy":"category","embeddable":true,"href":"https:\/\/morenoprimero.com.ar\/archivo\/wp-json\/wp\/v2\/categories?post=35888"},{"taxonomy":"post_tag","embeddable":true,"href":"https:\/\/morenoprimero.com.ar\/archivo\/wp-json\/wp\/v2\/tags?post=35888"}],"curies":[{"name":"wp","href":"https:\/\/api.w.org\/{rel}","templated":true}]}}