{"id":35879,"date":"2023-01-27T10:35:50","date_gmt":"2023-01-27T13:35:50","guid":{"rendered":"https:\/\/morenoprimero.com.ar\/?p=35879"},"modified":"2023-01-27T10:35:51","modified_gmt":"2023-01-27T13:35:51","slug":"la-oficina-de-empleo-del-imdel-publico-nuevas-propuestas-laborales","status":"publish","type":"post","link":"https:\/\/morenoprimero.com.ar\/archivo\/la-oficina-de-empleo-del-imdel-publico-nuevas-propuestas-laborales\/","title":{"rendered":"La Oficina de Empleo del IMDEL public\u00f3 nuevas propuestas laborales"},"content":{"rendered":"\n<p>Desde el Municipio de Moreno se realiza un gran esfuerzo para poder generar empleo en el distrito. Es as\u00ed que, desde la Coordinaci\u00f3n General de Empleo y Capacitaci\u00f3n para el Trabajo, dependiente del IMDEL, llegaron al distrito distintos programas nacionales como es el caso de \u201cFomentar Empleo\u201d, a trav\u00e9s de la Agencia Territorial, encargada de articular las pol\u00edticas impulsadas por el Ministerio de Trabajo. <\/p>\n\n\n\n<p> Una de las entidades que trabajan constantemente para generar una creciente empleabilidad local es la Coordinaci\u00f3n General de Empleo y Capacitaci\u00f3n para el Trabajo, dependiente del Instituto Municipal de Desarrollo Econ\u00f3mico Local (IMDEL).&nbsp;La entidad aborda dos \u00e1mbitos. Por un lado, la intermediaci\u00f3n laboral donde, desde el IMDEL, se realizan las capacitaciones necesarias y se ofrecen herramientas de inserci\u00f3n laboral como, por ejemplo, la bolsa de empleo. Luego, se trabaja con las empresas del distrito para la generaci\u00f3n de est\u00edmulos y para que las mismas contraten personas de Moreno.&nbsp;&nbsp;&nbsp;<\/p>\n\n\n\n<p>As\u00ed las propuestas de empleo son una constante en el Municipio de Moreno, y actualmente publicaron diferentes propuestas de inserci\u00f3n laboral para vecinas y vecinos del distrito:&nbsp;<\/p>\n\n\n\n<p>&#8211;<strong>Auxiliar de tesorer\u00eda<\/strong>. Requiere contar con secundario completo, manejo de paquete de Office, experiencia en el puesto y tener residencia en Moreno.<\/p>\n\n\n\n<p>&#8211;<strong>Vendedor de sal\u00f3n<\/strong>. Requiere contar con secundario completo, experiencia en venta y postventa, y preferentemente tener experiencia en ventas de articulos para el hogar, manejo de PC y residir en Moreno.<\/p>\n\n\n\n<p>&#8211;<strong>Asistente administrativo\/a<\/strong>. Requiere conocimiento de excel, word y outlook e internet. Preferentemente que el aspirante este cursando la carrera de administraci\u00f3n de empresas, que ya haya tenido experiencia en puesto similar y residir en Moreno.<\/p>\n\n\n\n<figure class=\"wp-block-gallery has-nested-images columns-default is-cropped wp-block-gallery-1 is-layout-flex wp-block-gallery-is-layout-flex\">\n<figure class=\"wp-block-image size-large\"><a href=\"https:\/\/morenoprimero.com.ar\/wp-content\/uploads\/2023\/01\/WhatsApp-Image-2023-01-25-at-14.37.46.jpeg\"><img loading=\"lazy\" decoding=\"async\" width=\"1024\" height=\"1024\" data-id=\"35880\" src=\"https:\/\/morenoprimero.com.ar\/wp-content\/uploads\/2023\/01\/WhatsApp-Image-2023-01-25-at-14.37.46-1024x1024.jpeg\" alt=\"\" class=\"wp-image-35880\" srcset=\"https:\/\/morenoprimero.com.ar\/archivo\/wp-content\/uploads\/2023\/01\/WhatsApp-Image-2023-01-25-at-14.37.46-1024x1024.jpeg 1024w, https:\/\/morenoprimero.com.ar\/archivo\/wp-content\/uploads\/2023\/01\/WhatsApp-Image-2023-01-25-at-14.37.46-300x300.jpeg 300w, https:\/\/morenoprimero.com.ar\/archivo\/wp-content\/uploads\/2023\/01\/WhatsApp-Image-2023-01-25-at-14.37.46-150x150.jpeg 150w, https:\/\/morenoprimero.com.ar\/archivo\/wp-content\/uploads\/2023\/01\/WhatsApp-Image-2023-01-25-at-14.37.46-768x768.jpeg 768w, https:\/\/morenoprimero.com.ar\/archivo\/wp-content\/uploads\/2023\/01\/WhatsApp-Image-2023-01-25-at-14.37.46.jpeg 1080w\" sizes=\"auto, (max-width: 1024px) 100vw, 1024px\" \/><\/a><\/figure>\n\n\n\n<figure class=\"wp-block-image size-large\"><a href=\"https:\/\/morenoprimero.com.ar\/wp-content\/uploads\/2023\/01\/WhatsApp-Image-2023-01-25-at-14.37.45-3.jpeg\"><img loading=\"lazy\" decoding=\"async\" width=\"1024\" height=\"1024\" data-id=\"35881\" src=\"https:\/\/morenoprimero.com.ar\/wp-content\/uploads\/2023\/01\/WhatsApp-Image-2023-01-25-at-14.37.45-3-1024x1024.jpeg\" alt=\"\" class=\"wp-image-35881\" srcset=\"https:\/\/morenoprimero.com.ar\/archivo\/wp-content\/uploads\/2023\/01\/WhatsApp-Image-2023-01-25-at-14.37.45-3-1024x1024.jpeg 1024w, https:\/\/morenoprimero.com.ar\/archivo\/wp-content\/uploads\/2023\/01\/WhatsApp-Image-2023-01-25-at-14.37.45-3-300x300.jpeg 300w, https:\/\/morenoprimero.com.ar\/archivo\/wp-content\/uploads\/2023\/01\/WhatsApp-Image-2023-01-25-at-14.37.45-3-150x150.jpeg 150w, https:\/\/morenoprimero.com.ar\/archivo\/wp-content\/uploads\/2023\/01\/WhatsApp-Image-2023-01-25-at-14.37.45-3-768x768.jpeg 768w, https:\/\/morenoprimero.com.ar\/archivo\/wp-content\/uploads\/2023\/01\/WhatsApp-Image-2023-01-25-at-14.37.45-3.jpeg 1080w\" sizes=\"auto, (max-width: 1024px) 100vw, 1024px\" \/><\/a><\/figure>\n\n\n\n<figure class=\"wp-block-image size-large\"><a href=\"https:\/\/morenoprimero.com.ar\/wp-content\/uploads\/2023\/01\/WhatsApp-Image-2023-01-25-at-14.37.45-2.jpeg\"><img loading=\"lazy\" decoding=\"async\" width=\"1024\" height=\"1024\" data-id=\"35882\" src=\"https:\/\/morenoprimero.com.ar\/wp-content\/uploads\/2023\/01\/WhatsApp-Image-2023-01-25-at-14.37.45-2-1024x1024.jpeg\" alt=\"\" class=\"wp-image-35882\" srcset=\"https:\/\/morenoprimero.com.ar\/archivo\/wp-content\/uploads\/2023\/01\/WhatsApp-Image-2023-01-25-at-14.37.45-2-1024x1024.jpeg 1024w, https:\/\/morenoprimero.com.ar\/archivo\/wp-content\/uploads\/2023\/01\/WhatsApp-Image-2023-01-25-at-14.37.45-2-300x300.jpeg 300w, https:\/\/morenoprimero.com.ar\/archivo\/wp-content\/uploads\/2023\/01\/WhatsApp-Image-2023-01-25-at-14.37.45-2-150x150.jpeg 150w, https:\/\/morenoprimero.com.ar\/archivo\/wp-content\/uploads\/2023\/01\/WhatsApp-Image-2023-01-25-at-14.37.45-2-768x768.jpeg 768w, https:\/\/morenoprimero.com.ar\/archivo\/wp-content\/uploads\/2023\/01\/WhatsApp-Image-2023-01-25-at-14.37.45-2.jpeg 1080w\" sizes=\"auto, (max-width: 1024px) 100vw, 1024px\" \/><\/a><\/figure>\n<\/figure>\n\n\n\n<p>&#8211;<strong>Operario de deposito.<\/strong> Requiere contar con secundario completo, manejo de autoelevador, preferentemente que el aspirante cuente con experiencia en tareas similares.<\/p>\n\n\n\n<p>&#8211;<strong>Confeccionista para bolsas de residuos y consorcio<\/strong>. Requiere contar con experiencia comprobable en confecci\u00f3n de bolsas de polietileno, y residir en Moreno.<\/p>\n\n\n\n<figure class=\"wp-block-gallery has-nested-images columns-default is-cropped wp-block-gallery-2 is-layout-flex wp-block-gallery-is-layout-flex\">\n<figure class=\"wp-block-image size-large\"><a href=\"https:\/\/morenoprimero.com.ar\/wp-content\/uploads\/2023\/01\/WhatsApp-Image-2023-01-25-at-14.37.45-1.jpeg\"><img loading=\"lazy\" decoding=\"async\" width=\"1024\" height=\"1024\" data-id=\"35883\" src=\"https:\/\/morenoprimero.com.ar\/wp-content\/uploads\/2023\/01\/WhatsApp-Image-2023-01-25-at-14.37.45-1-1024x1024.jpeg\" alt=\"\" class=\"wp-image-35883\" srcset=\"https:\/\/morenoprimero.com.ar\/archivo\/wp-content\/uploads\/2023\/01\/WhatsApp-Image-2023-01-25-at-14.37.45-1-1024x1024.jpeg 1024w, https:\/\/morenoprimero.com.ar\/archivo\/wp-content\/uploads\/2023\/01\/WhatsApp-Image-2023-01-25-at-14.37.45-1-300x300.jpeg 300w, https:\/\/morenoprimero.com.ar\/archivo\/wp-content\/uploads\/2023\/01\/WhatsApp-Image-2023-01-25-at-14.37.45-1-150x150.jpeg 150w, https:\/\/morenoprimero.com.ar\/archivo\/wp-content\/uploads\/2023\/01\/WhatsApp-Image-2023-01-25-at-14.37.45-1-768x768.jpeg 768w, https:\/\/morenoprimero.com.ar\/archivo\/wp-content\/uploads\/2023\/01\/WhatsApp-Image-2023-01-25-at-14.37.45-1.jpeg 1080w\" sizes=\"auto, (max-width: 1024px) 100vw, 1024px\" \/><\/a><\/figure>\n\n\n\n<figure class=\"wp-block-image size-large\"><a href=\"https:\/\/morenoprimero.com.ar\/wp-content\/uploads\/2023\/01\/WhatsApp-Image-2023-01-25-at-14.37.45.jpeg\"><img loading=\"lazy\" decoding=\"async\" width=\"1024\" height=\"1024\" data-id=\"35884\" src=\"https:\/\/morenoprimero.com.ar\/wp-content\/uploads\/2023\/01\/WhatsApp-Image-2023-01-25-at-14.37.45-1024x1024.jpeg\" alt=\"\" class=\"wp-image-35884\" srcset=\"https:\/\/morenoprimero.com.ar\/archivo\/wp-content\/uploads\/2023\/01\/WhatsApp-Image-2023-01-25-at-14.37.45-1024x1024.jpeg 1024w, https:\/\/morenoprimero.com.ar\/archivo\/wp-content\/uploads\/2023\/01\/WhatsApp-Image-2023-01-25-at-14.37.45-300x300.jpeg 300w, https:\/\/morenoprimero.com.ar\/archivo\/wp-content\/uploads\/2023\/01\/WhatsApp-Image-2023-01-25-at-14.37.45-150x150.jpeg 150w, https:\/\/morenoprimero.com.ar\/archivo\/wp-content\/uploads\/2023\/01\/WhatsApp-Image-2023-01-25-at-14.37.45-768x768.jpeg 768w, https:\/\/morenoprimero.com.ar\/archivo\/wp-content\/uploads\/2023\/01\/WhatsApp-Image-2023-01-25-at-14.37.45.jpeg 1080w\" sizes=\"auto, (max-width: 1024px) 100vw, 1024px\" \/><\/a><\/figure>\n<\/figure>\n\n\n\n<p><\/p>\n\n\n\n<p>Quienes est\u00e9n interesados pueden enviar su Curr\u00edculum Vitae y una foto de su DNI de ambos lados.&nbsp; En el asunto, deben referenciar a qu\u00e9 puesto de trabajo se aspira, a trav\u00e9s del mail&nbsp;<a href=\"mailto:cvempleomoreno@moreno.gov.ar\" target=\"_blank\" rel=\"noreferrer noopener\">cvempleomoreno@moreno.gov.ar<\/a>, o presencialmente en la calle Merlo 2091, entre Corval\u00e1n y Vicente L\u00f3pez y Planes de lunes a viernes de 8:30 a 14:30 horas.&nbsp;<\/p>\n","protected":false},"excerpt":{"rendered":"<p>Desde el Municipio de Moreno se realiza un gran esfuerzo para poder generar empleo en el distrito. Es as\u00ed que, desde la Coordinaci\u00f3n General de Empleo y Capacitaci\u00f3n para el Trabajo, dependiente del IMDEL, llegaron al distrito distintos programas nacionales &hellip; <a href=\"https:\/\/morenoprimero.com.ar\/archivo\/la-oficina-de-empleo-del-imdel-publico-nuevas-propuestas-laborales\/\">Sigue leyendo <span class=\"meta-nav\">&rarr;<\/span><\/a><\/p>\n","protected":false},"author":6,"featured_media":35912,"comment_status":"closed","ping_status":"closed","sticky":false,"template":"","format":"standard","meta":{"footnotes":""},"categories":[2328],"tags":[242,1104],"class_list":["post-35879","post","type-post","status-publish","format-standard","has-post-thumbnail","hentry","category-local","tag-imdel","tag-trabajo"],"_links":{"self":[{"href":"https:\/\/morenoprimero.com.ar\/archivo\/wp-json\/wp\/v2\/posts\/35879","targetHints":{"allow":["GET"]}}],"collection":[{"href":"https:\/\/morenoprimero.com.ar\/archivo\/wp-json\/wp\/v2\/posts"}],"about":[{"href":"https:\/\/morenoprimero.com.ar\/archivo\/wp-json\/wp\/v2\/types\/post"}],"author":[{"embeddable":true,"href":"https:\/\/morenoprimero.com.ar\/archivo\/wp-json\/wp\/v2\/users\/6"}],"replies":[{"embeddable":true,"href":"https:\/\/morenoprimero.com.ar\/archivo\/wp-json\/wp\/v2\/comments?post=35879"}],"version-history":[{"count":2,"href":"https:\/\/morenoprimero.com.ar\/archivo\/wp-json\/wp\/v2\/posts\/35879\/revisions"}],"predecessor-version":[{"id":35913,"href":"https:\/\/morenoprimero.com.ar\/archivo\/wp-json\/wp\/v2\/posts\/35879\/revisions\/35913"}],"wp:featuredmedia":[{"embeddable":true,"href":"https:\/\/morenoprimero.com.ar\/archivo\/wp-json\/wp\/v2\/media\/35912"}],"wp:attachment":[{"href":"https:\/\/morenoprimero.com.ar\/archivo\/wp-json\/wp\/v2\/media?parent=35879"}],"wp:term":[{"taxonomy":"category","embeddable":true,"href":"https:\/\/morenoprimero.com.ar\/archivo\/wp-json\/wp\/v2\/categories?post=35879"},{"taxonomy":"post_tag","embeddable":true,"href":"https:\/\/morenoprimero.com.ar\/archivo\/wp-json\/wp\/v2\/tags?post=35879"}],"curies":[{"name":"wp","href":"https:\/\/api.w.org\/{rel}","templated":true}]}}