{"id":35874,"date":"2023-01-25T08:57:14","date_gmt":"2023-01-25T11:57:14","guid":{"rendered":"https:\/\/morenoprimero.com.ar\/?p=35874"},"modified":"2023-01-25T09:12:37","modified_gmt":"2023-01-25T12:12:37","slug":"comienza-el-torneo-recreativo-copa-por-los-derechos","status":"publish","type":"post","link":"https:\/\/morenoprimero.com.ar\/archivo\/comienza-el-torneo-recreativo-copa-por-los-derechos\/","title":{"rendered":"Comienza el torneo recreativo \u00abCopa por los Derechos\u00bb"},"content":{"rendered":"\n<p>El Municipio de Moreno, a trav\u00e9s de la Subsecretar\u00eda de Promoci\u00f3n y Protecci\u00f3n Integral de los Derechos de las Ni\u00f1eces y Adolescencias, ya comenz\u00f3 con el torneo recreativo \u201cCopa de los Derechos\u201d en el marco del programa \u201cJuegos Con Sentido\u201d. El torneo tiene como objetivo generar un espacio de encuentro, disfrute y aprendizaje entre j\u00f3venes y adolescentes.<\/p>\n\n\n\n<p>Se realiza con el objetivo de generar un espacio de encuentro, disfrute y aprendizaje sobre derechos y valores para j\u00f3venes y adolescentes y funcionar\u00e1 durante enero y febrero inclusive.<\/p>\n\n\n\n<p>El torneo contar\u00e1 con la participaci\u00f3n de distintas sedes barriales del distrito de Moreno con din\u00e1micas recreativas, como juegos de agua, piedra papel y tijera, el nudo, superaci\u00f3n de l\u00edmites y jenga, entre otros; y culminar\u00e1 con un campamento en la Reserva Natural Municipal \u201cLos Robles\u201d para las y los ganadores.<\/p>\n\n\n\n<p>Las y los j\u00f3venes y adolescentes de entre 12 a 21 a\u00f1os podr\u00e1n inscribirse v\u00eda email en <a href=\"mailto:torneo.copaporlosderechos@gmail.com\">torneo.copaporlosderechos@gmail.com<\/a> y las sedes disponibles ser\u00e1n:<\/p>\n\n\n\n<p>Casa Joven Cuartel V ,Vieytes y Livia Koppman, Lunes 23\/1 y 6\/2- 17 horas<\/p>\n\n\n\n<p>C.A.M Sagrada Familia, Franklin 663, Paso del Rey Martes 24\/1 y 6\/2 -17 horas<\/p>\n\n\n\n<p>Casa Joven Moreno Sur, Padre Fahy y San Jos\u00e9, Mi\u00e9rcoles 25\/1 y 8\/2- 17 horas<\/p>\n\n\n\n<p>El Tri\u00e1ngulo de N\u00e1poles, Diagonal N\u00e1poles entre Irlanda y S\u00f3focles, La Reja Jueves 26\/1 y 9\/2- 17 horas<\/p>\n\n\n\n<p>Polideportivo de San Carlos, Echeverr\u00eda 7549, Moreno Norte Viernes 27\/1 y 10\/2- 17horas<\/p>\n\n\n\n<figure class=\"wp-block-image size-full\"><a href=\"https:\/\/morenoprimero.com.ar\/wp-content\/uploads\/2023\/01\/WhatsApp-Image-2023-01-24-at-16.40.42.jpeg\"><img loading=\"lazy\" decoding=\"async\" width=\"837\" height=\"837\" src=\"https:\/\/morenoprimero.com.ar\/wp-content\/uploads\/2023\/01\/WhatsApp-Image-2023-01-24-at-16.40.42.jpeg\" alt=\"\" class=\"wp-image-35875\" srcset=\"https:\/\/morenoprimero.com.ar\/archivo\/wp-content\/uploads\/2023\/01\/WhatsApp-Image-2023-01-24-at-16.40.42.jpeg 837w, https:\/\/morenoprimero.com.ar\/archivo\/wp-content\/uploads\/2023\/01\/WhatsApp-Image-2023-01-24-at-16.40.42-300x300.jpeg 300w, https:\/\/morenoprimero.com.ar\/archivo\/wp-content\/uploads\/2023\/01\/WhatsApp-Image-2023-01-24-at-16.40.42-150x150.jpeg 150w, https:\/\/morenoprimero.com.ar\/archivo\/wp-content\/uploads\/2023\/01\/WhatsApp-Image-2023-01-24-at-16.40.42-768x768.jpeg 768w\" sizes=\"auto, (max-width: 837px) 100vw, 837px\" \/><\/a><\/figure>\n","protected":false},"excerpt":{"rendered":"<p>El Municipio de Moreno, a trav\u00e9s de la Subsecretar\u00eda de Promoci\u00f3n y Protecci\u00f3n Integral de los Derechos de las Ni\u00f1eces y Adolescencias, ya comenz\u00f3 con el torneo recreativo \u201cCopa de los Derechos\u201d en el marco del programa \u201cJuegos Con Sentido\u201d. &hellip; <a href=\"https:\/\/morenoprimero.com.ar\/archivo\/comienza-el-torneo-recreativo-copa-por-los-derechos\/\">Sigue leyendo <span class=\"meta-nav\">&rarr;<\/span><\/a><\/p>\n","protected":false},"author":6,"featured_media":35877,"comment_status":"closed","ping_status":"closed","sticky":false,"template":"","format":"standard","meta":{"footnotes":""},"categories":[673],"tags":[3650,4420,4421],"class_list":["post-35874","post","type-post","status-publish","format-standard","has-post-thumbnail","hentry","category-deporte","tag-secretaria-de-desarrollo-comunitario-2","tag-subsecretaria-de-promocion-y-proteccion-integral-de-los-derechos-de-las-nineces-y-adolescencias","tag-torneo-copa-de-los-derechos"],"_links":{"self":[{"href":"https:\/\/morenoprimero.com.ar\/archivo\/wp-json\/wp\/v2\/posts\/35874","targetHints":{"allow":["GET"]}}],"collection":[{"href":"https:\/\/morenoprimero.com.ar\/archivo\/wp-json\/wp\/v2\/posts"}],"about":[{"href":"https:\/\/morenoprimero.com.ar\/archivo\/wp-json\/wp\/v2\/types\/post"}],"author":[{"embeddable":true,"href":"https:\/\/morenoprimero.com.ar\/archivo\/wp-json\/wp\/v2\/users\/6"}],"replies":[{"embeddable":true,"href":"https:\/\/morenoprimero.com.ar\/archivo\/wp-json\/wp\/v2\/comments?post=35874"}],"version-history":[{"count":1,"href":"https:\/\/morenoprimero.com.ar\/archivo\/wp-json\/wp\/v2\/posts\/35874\/revisions"}],"predecessor-version":[{"id":35878,"href":"https:\/\/morenoprimero.com.ar\/archivo\/wp-json\/wp\/v2\/posts\/35874\/revisions\/35878"}],"wp:featuredmedia":[{"embeddable":true,"href":"https:\/\/morenoprimero.com.ar\/archivo\/wp-json\/wp\/v2\/media\/35877"}],"wp:attachment":[{"href":"https:\/\/morenoprimero.com.ar\/archivo\/wp-json\/wp\/v2\/media?parent=35874"}],"wp:term":[{"taxonomy":"category","embeddable":true,"href":"https:\/\/morenoprimero.com.ar\/archivo\/wp-json\/wp\/v2\/categories?post=35874"},{"taxonomy":"post_tag","embeddable":true,"href":"https:\/\/morenoprimero.com.ar\/archivo\/wp-json\/wp\/v2\/tags?post=35874"}],"curies":[{"name":"wp","href":"https:\/\/api.w.org\/{rel}","templated":true}]}}