{"id":35816,"date":"2023-01-20T13:33:05","date_gmt":"2023-01-20T16:33:05","guid":{"rendered":"https:\/\/morenoprimero.com.ar\/?p=35816"},"modified":"2023-01-20T13:47:25","modified_gmt":"2023-01-20T16:47:25","slug":"argentina-1985-cine-para-disfrutar-y-debatir-en-comunidad","status":"publish","type":"post","link":"https:\/\/morenoprimero.com.ar\/archivo\/argentina-1985-cine-para-disfrutar-y-debatir-en-comunidad\/","title":{"rendered":"Argentina, 1985: cine para disfrutar y debatir en comunidad"},"content":{"rendered":"\n<p>El municipio de Moreno, a trav\u00e9s de la Secretar\u00eda de Justicia y DDHH y la Secretar\u00eda de Cultura, Educaci\u00f3n y Deportes, dar\u00e1&nbsp; inicio en la tarde de hoy, viernes 20 de enero, al ciclo de cine \u00ab<strong>Moreno tiene Memoria<\/strong>\u00bb que se llevar\u00e1 a cabo de forma itinerante en los barrios del distrito.<\/p>\n\n\n\n<p>En esta oportunidad se proyectar\u00e1 la pel\u00edcula <strong>\u00abArgentina, 1985\u00bb<\/strong> en la Plaza 25 de mayo, Jacobo Watt y Lamadrid, Moreno Norte. De forma libre y gratuita. Los vecinos y vecinas podr\u00e1n pasar una tarde noche de verano disfrutando de la pel\u00edcula.<\/p>\n\n\n\n<p>Desde la Secretar\u00eda de Justicia y DDHH manifestaron sobre el inicio de esta propuesta: \u00ab<strong>En el marco del aniversario de los 40 a\u00f1os de democracia, damos inicio a este ciclo de cine, de forma conjunta entre la Secretar\u00eda de Justicia y la Secretar\u00eda de Cultura, Educaci\u00f3n y Deportes. La idea es poner llevar el cine a las plazas de los barrios, en todas las localidades, aprovechado el clima de verano, para que los vecinos y vecinas puedan disfrutar de una noche c\u00e1lida pero tambi\u00e9n para que podamos seguir haciendo memoria colectiva c\u00f3mo comunidad\u00bb&nbsp;<\/strong><\/p>\n\n\n\n<p>La pel\u00edcula \u00ab<strong>Argentina,1985<\/strong>\u00bb del director Santiago Mitre, fue distinguida c\u00f3mo mejor pel\u00edcula de habla no inglesa en la 80\u00b0 edici\u00f3n de los premios anuales Golden Globes, y recientemente nominada a los premios Bafta, en la misma terna, acerc\u00e1ndose as\u00ed a la posibilidad de competir por el pr\u00f3ximo premio Oscar.<\/p>\n\n\n\n<p>La pel\u00edcula que cuenta con las grandes actuaciones de Ricardo Dar\u00edn y Peter Lanzani, junto a un gran elenco, supo poner en debate p\u00fablico, de forma masiva y cercana, el proceso de enjuiciamiento a las c\u00fapulas militares responsables de la desaparici\u00f3n, tortura y muerte de 30.000 argentinos y argentinas durante los a\u00f1os de dictadura , y seguir generando conciencia sobre&nbsp; la importancia de continuar luchando por garantizar la permanencia de los logros obtenidos en materia&nbsp; democr\u00e1tica y de DDHH en nuestro pa\u00eds, sobretodo en un contexto no solo nacional, sino latinoamericano donde desde determinados sectores de derecha se intenta instalar un discurso de odio, anti democr\u00e1tico y violento.<\/p>\n\n\n\n<figure class=\"wp-block-image size-full\"><a href=\"https:\/\/morenoprimero.com.ar\/wp-content\/uploads\/2023\/01\/image-22.png\"><img loading=\"lazy\" decoding=\"async\" width=\"720\" height=\"721\" src=\"https:\/\/morenoprimero.com.ar\/wp-content\/uploads\/2023\/01\/image-22.png\" alt=\"\" class=\"wp-image-35819\" srcset=\"https:\/\/morenoprimero.com.ar\/archivo\/wp-content\/uploads\/2023\/01\/image-22.png 720w, https:\/\/morenoprimero.com.ar\/archivo\/wp-content\/uploads\/2023\/01\/image-22-300x300.png 300w, https:\/\/morenoprimero.com.ar\/archivo\/wp-content\/uploads\/2023\/01\/image-22-150x150.png 150w\" sizes=\"auto, (max-width: 720px) 100vw, 720px\" \/><\/a><\/figure>\n\n\n\n<p><\/p>\n","protected":false},"excerpt":{"rendered":"<p>El municipio de Moreno, a trav\u00e9s de la Secretar\u00eda de Justicia y DDHH y la Secretar\u00eda de Cultura, Educaci\u00f3n y Deportes, dar\u00e1&nbsp; inicio en la tarde de hoy, viernes 20 de enero, al ciclo de cine \u00abMoreno tiene Memoria\u00bb que &hellip; <a href=\"https:\/\/morenoprimero.com.ar\/archivo\/argentina-1985-cine-para-disfrutar-y-debatir-en-comunidad\/\">Sigue leyendo <span class=\"meta-nav\">&rarr;<\/span><\/a><\/p>\n","protected":false},"author":6,"featured_media":35818,"comment_status":"closed","ping_status":"closed","sticky":false,"template":"","format":"standard","meta":{"footnotes":""},"categories":[2332,3],"tags":[162,4417],"class_list":["post-35816","post","type-post","status-publish","format-standard","has-post-thumbnail","hentry","category-cultura","category-importantes","tag-cultura-moreno","tag-moreno-tiene-memoria"],"_links":{"self":[{"href":"https:\/\/morenoprimero.com.ar\/archivo\/wp-json\/wp\/v2\/posts\/35816","targetHints":{"allow":["GET"]}}],"collection":[{"href":"https:\/\/morenoprimero.com.ar\/archivo\/wp-json\/wp\/v2\/posts"}],"about":[{"href":"https:\/\/morenoprimero.com.ar\/archivo\/wp-json\/wp\/v2\/types\/post"}],"author":[{"embeddable":true,"href":"https:\/\/morenoprimero.com.ar\/archivo\/wp-json\/wp\/v2\/users\/6"}],"replies":[{"embeddable":true,"href":"https:\/\/morenoprimero.com.ar\/archivo\/wp-json\/wp\/v2\/comments?post=35816"}],"version-history":[{"count":3,"href":"https:\/\/morenoprimero.com.ar\/archivo\/wp-json\/wp\/v2\/posts\/35816\/revisions"}],"predecessor-version":[{"id":35821,"href":"https:\/\/morenoprimero.com.ar\/archivo\/wp-json\/wp\/v2\/posts\/35816\/revisions\/35821"}],"wp:featuredmedia":[{"embeddable":true,"href":"https:\/\/morenoprimero.com.ar\/archivo\/wp-json\/wp\/v2\/media\/35818"}],"wp:attachment":[{"href":"https:\/\/morenoprimero.com.ar\/archivo\/wp-json\/wp\/v2\/media?parent=35816"}],"wp:term":[{"taxonomy":"category","embeddable":true,"href":"https:\/\/morenoprimero.com.ar\/archivo\/wp-json\/wp\/v2\/categories?post=35816"},{"taxonomy":"post_tag","embeddable":true,"href":"https:\/\/morenoprimero.com.ar\/archivo\/wp-json\/wp\/v2\/tags?post=35816"}],"curies":[{"name":"wp","href":"https:\/\/api.w.org\/{rel}","templated":true}]}}