{"id":35809,"date":"2023-01-20T09:58:06","date_gmt":"2023-01-20T12:58:06","guid":{"rendered":"https:\/\/morenoprimero.com.ar\/?p=35809"},"modified":"2023-01-20T09:58:07","modified_gmt":"2023-01-20T12:58:07","slug":"el-gobierno-toma-medidas-para-seguir-bajando-el-riesgo-pais","status":"publish","type":"post","link":"https:\/\/morenoprimero.com.ar\/archivo\/el-gobierno-toma-medidas-para-seguir-bajando-el-riesgo-pais\/","title":{"rendered":"El Gobierno toma medidas para seguir bajando el riesgo pa\u00eds"},"content":{"rendered":"\n<p>El ministro de Econom\u00eda de la Naci\u00f3n, Sergio Massa, anunci\u00f3 que Argentina recomprar\u00e1 mil millones de d\u00f3lares de la deuda externa y afirm\u00f3 que con esta medida seguir\u00e1n bajando el riesgo pa\u00eds, que descendi\u00f3 mil puntos.<\/p>\n\n\n\n<p><strong>\u00abEn los ultimos 5 meses trabajamos en la normalizacion macroecon\u00f3mica para que la generacion de empleo y la recuperaci\u00f3n del consumo no se vean afectados por las medidas que tuvimos que tomar. Nos fijamos las metas de orden fiscal, acumulaci\u00f3n de reservas, crecimiento de las exportaciones y el crecimiento con inclusi\u00f3n; logramos acumular reservas a partir de medidas de promoci\u00f3n de exportaciones y en algunos sectores logramos r\u00e9cords\u00bb<\/strong>, coment\u00f3 Massa.<\/p>\n\n\n\n<p>En conferencia de prensa en el palacio de Hacienda, el funcionario marc\u00f3 que su cartera cerr\u00f3 con&nbsp;<strong>\u00abcumplimiento y sobrecumplimiento en lo fiscal y acumulaci\u00f3n de reservas, las proyecciones para 2023 se han visto modificadas, algunas por condiciones clim\u00e1ticas y otras por los menores niveles de importaci\u00f3n de energ\u00eda que va a tener que hacer Argentina\u00bb.<\/strong><\/p>\n\n\n\n<p><strong>\u00abEl orden fiscal tiene muy asociado lo que respecta a los pasivos. Hicimos un trabajao muy fuerte. Vimos una ca\u00edda de 1000 puntos o m\u00e1s del riesgo pa\u00eds, por eso vamos a llevar adelante un proceso de recompra de la deuda externa por mas de mil millones de d\u00f3lares que empieza hoy\u00bb<\/strong>, se\u00f1al\u00f3.<\/p>\n\n\n\n<p>Massa sostuvo que, a trav\u00e9s de esta medida, se<strong>&nbsp;\u00abautoriza o encomienda para la mayor transparencia al Banco Central de la Rep\u00fablica Argentina a que en nombre del Tesoro lleve adelante el proceso de recompra, a los efectos de seguir mejorando y bajar el riesgo pa\u00eds\u00bb.<\/strong><\/p>\n\n\n\n<p>As\u00ed, la idea es que mejoren las posibilidades de las empresas de acceder al mercado de capitales.&nbsp;<strong>\u00abSeguramente, a lo largo de los pr\u00f3ximos meses, acompa\u00f1ando a privados, es que llevemos adelante otras medidas como esta\u00bb, concluy\u00f3.<\/strong><\/p>\n","protected":false},"excerpt":{"rendered":"<p>El ministro de Econom\u00eda de la Naci\u00f3n, Sergio Massa, anunci\u00f3 que Argentina recomprar\u00e1 mil millones de d\u00f3lares de la deuda externa y afirm\u00f3 que con esta medida seguir\u00e1n bajando el riesgo pa\u00eds, que descendi\u00f3 mil puntos. \u00abEn los ultimos 5 &hellip; <a href=\"https:\/\/morenoprimero.com.ar\/archivo\/el-gobierno-toma-medidas-para-seguir-bajando-el-riesgo-pais\/\">Sigue leyendo <span class=\"meta-nav\">&rarr;<\/span><\/a><\/p>\n","protected":false},"author":6,"featured_media":35810,"comment_status":"closed","ping_status":"closed","sticky":false,"template":"","format":"standard","meta":{"footnotes":""},"categories":[2330],"tags":[],"class_list":["post-35809","post","type-post","status-publish","format-standard","has-post-thumbnail","hentry","category-nacional"],"_links":{"self":[{"href":"https:\/\/morenoprimero.com.ar\/archivo\/wp-json\/wp\/v2\/posts\/35809","targetHints":{"allow":["GET"]}}],"collection":[{"href":"https:\/\/morenoprimero.com.ar\/archivo\/wp-json\/wp\/v2\/posts"}],"about":[{"href":"https:\/\/morenoprimero.com.ar\/archivo\/wp-json\/wp\/v2\/types\/post"}],"author":[{"embeddable":true,"href":"https:\/\/morenoprimero.com.ar\/archivo\/wp-json\/wp\/v2\/users\/6"}],"replies":[{"embeddable":true,"href":"https:\/\/morenoprimero.com.ar\/archivo\/wp-json\/wp\/v2\/comments?post=35809"}],"version-history":[{"count":1,"href":"https:\/\/morenoprimero.com.ar\/archivo\/wp-json\/wp\/v2\/posts\/35809\/revisions"}],"predecessor-version":[{"id":35811,"href":"https:\/\/morenoprimero.com.ar\/archivo\/wp-json\/wp\/v2\/posts\/35809\/revisions\/35811"}],"wp:featuredmedia":[{"embeddable":true,"href":"https:\/\/morenoprimero.com.ar\/archivo\/wp-json\/wp\/v2\/media\/35810"}],"wp:attachment":[{"href":"https:\/\/morenoprimero.com.ar\/archivo\/wp-json\/wp\/v2\/media?parent=35809"}],"wp:term":[{"taxonomy":"category","embeddable":true,"href":"https:\/\/morenoprimero.com.ar\/archivo\/wp-json\/wp\/v2\/categories?post=35809"},{"taxonomy":"post_tag","embeddable":true,"href":"https:\/\/morenoprimero.com.ar\/archivo\/wp-json\/wp\/v2\/tags?post=35809"}],"curies":[{"name":"wp","href":"https:\/\/api.w.org\/{rel}","templated":true}]}}