{"id":35732,"date":"2023-01-23T19:10:40","date_gmt":"2023-01-23T22:10:40","guid":{"rendered":"https:\/\/morenoprimero.com.ar\/?p=35732"},"modified":"2023-01-23T19:10:40","modified_gmt":"2023-01-23T22:10:40","slug":"mariel-fernandez-visito-colonias-de-verano-municipales","status":"publish","type":"post","link":"https:\/\/morenoprimero.com.ar\/archivo\/mariel-fernandez-visito-colonias-de-verano-municipales\/","title":{"rendered":"Mariel Fern\u00e1ndez visit\u00f3 colonias de verano municipales"},"content":{"rendered":"\n<p>El Municipio, desde el d\u00eda 9 de enero, desarrolla las colonias de verano en distintas localidades de Moreno, a las que asisten m\u00e1s de tres mil personas: adultas y adultos mayores, ni\u00f1as y ni\u00f1os, y j\u00f3venes. En esta oportunidad, la intendenta Mariel Fern\u00e1ndez visit\u00f3 el Polideportivo de Paso del Rey, donde funciona una de las colonias de verano municipales que cuenta con la participaci\u00f3n, entre los turnos ma\u00f1ana y tarde, de m\u00e1s de 230 chicas y chicos.<\/p>\n\n\n\n<p>\u201cEspero que disfruten de este espacio, tanto como lo disfrutaba yo cuando era chica. Sepan que este lugar es para ustedes, que ac\u00e1 las y los profes est\u00e1n para jugar, cuidarlos y escucharlos siempre\u201d, expres\u00f3 la intendenta morenense.<\/p>\n\n\n\n<p>Tambi\u00e9n visit\u00f3 la colonia exclusiva para promotoras territoriales que se desarrolla en el Sindicato del Viajante, en la localidad de La Reja. M\u00e1s de 600 promotoras forman parte de dicha colonia que cuenta con actividades recreativas, como aqua gym, y aqua tango, as\u00ed como tambi\u00e9n con clases deportivas. Adem\u00e1s, durante las jornadas se realizan charlas, talleres de g\u00e9nero, cuidado y concientizaci\u00f3n para continuar con la formaci\u00f3n de las promotoras.<\/p>\n\n\n\n<figure class=\"wp-block-gallery has-nested-images columns-default is-cropped wp-block-gallery-1 is-layout-flex wp-block-gallery-is-layout-flex\">\n<figure class=\"wp-block-image size-large\"><a href=\"https:\/\/morenoprimero.com.ar\/wp-content\/uploads\/2023\/01\/image-20.png\"><img loading=\"lazy\" decoding=\"async\" width=\"1024\" height=\"682\" data-id=\"35736\" src=\"https:\/\/morenoprimero.com.ar\/wp-content\/uploads\/2023\/01\/image-20-1024x682.png\" alt=\"\" class=\"wp-image-35736\" srcset=\"https:\/\/morenoprimero.com.ar\/archivo\/wp-content\/uploads\/2023\/01\/image-20-1024x682.png 1024w, https:\/\/morenoprimero.com.ar\/archivo\/wp-content\/uploads\/2023\/01\/image-20-300x200.png 300w, https:\/\/morenoprimero.com.ar\/archivo\/wp-content\/uploads\/2023\/01\/image-20-768x512.png 768w, https:\/\/morenoprimero.com.ar\/archivo\/wp-content\/uploads\/2023\/01\/image-20.png 1280w\" sizes=\"auto, (max-width: 1024px) 100vw, 1024px\" \/><\/a><\/figure>\n\n\n\n<figure class=\"wp-block-image size-large\"><a href=\"https:\/\/morenoprimero.com.ar\/wp-content\/uploads\/2023\/01\/image-19.png\"><img loading=\"lazy\" decoding=\"async\" width=\"1024\" height=\"682\" data-id=\"35735\" src=\"https:\/\/morenoprimero.com.ar\/wp-content\/uploads\/2023\/01\/image-19-1024x682.png\" alt=\"\" class=\"wp-image-35735\" srcset=\"https:\/\/morenoprimero.com.ar\/archivo\/wp-content\/uploads\/2023\/01\/image-19-1024x682.png 1024w, https:\/\/morenoprimero.com.ar\/archivo\/wp-content\/uploads\/2023\/01\/image-19-300x200.png 300w, https:\/\/morenoprimero.com.ar\/archivo\/wp-content\/uploads\/2023\/01\/image-19-768x512.png 768w, https:\/\/morenoprimero.com.ar\/archivo\/wp-content\/uploads\/2023\/01\/image-19.png 1280w\" sizes=\"auto, (max-width: 1024px) 100vw, 1024px\" \/><\/a><\/figure>\n\n\n\n<figure class=\"wp-block-image size-large\"><a href=\"https:\/\/morenoprimero.com.ar\/wp-content\/uploads\/2023\/01\/image-18.png\"><img loading=\"lazy\" decoding=\"async\" width=\"1024\" height=\"682\" data-id=\"35734\" src=\"https:\/\/morenoprimero.com.ar\/wp-content\/uploads\/2023\/01\/image-18-1024x682.png\" alt=\"\" class=\"wp-image-35734\" srcset=\"https:\/\/morenoprimero.com.ar\/archivo\/wp-content\/uploads\/2023\/01\/image-18-1024x682.png 1024w, https:\/\/morenoprimero.com.ar\/archivo\/wp-content\/uploads\/2023\/01\/image-18-300x200.png 300w, https:\/\/morenoprimero.com.ar\/archivo\/wp-content\/uploads\/2023\/01\/image-18-768x512.png 768w, https:\/\/morenoprimero.com.ar\/archivo\/wp-content\/uploads\/2023\/01\/image-18.png 1280w\" sizes=\"auto, (max-width: 1024px) 100vw, 1024px\" \/><\/a><\/figure>\n\n\n\n<figure class=\"wp-block-image size-large\"><a href=\"https:\/\/morenoprimero.com.ar\/wp-content\/uploads\/2023\/01\/WhatsApp-Image-2023-01-17-at-16.13.58.jpeg\"><img loading=\"lazy\" decoding=\"async\" width=\"1024\" height=\"682\" data-id=\"35718\" src=\"https:\/\/morenoprimero.com.ar\/wp-content\/uploads\/2023\/01\/WhatsApp-Image-2023-01-17-at-16.13.58.jpeg\" alt=\"\" class=\"wp-image-35718\" srcset=\"https:\/\/morenoprimero.com.ar\/archivo\/wp-content\/uploads\/2023\/01\/WhatsApp-Image-2023-01-17-at-16.13.58.jpeg 1024w, https:\/\/morenoprimero.com.ar\/archivo\/wp-content\/uploads\/2023\/01\/WhatsApp-Image-2023-01-17-at-16.13.58-300x200.jpeg 300w, https:\/\/morenoprimero.com.ar\/archivo\/wp-content\/uploads\/2023\/01\/WhatsApp-Image-2023-01-17-at-16.13.58-768x512.jpeg 768w\" sizes=\"auto, (max-width: 1024px) 100vw, 1024px\" \/><\/a><\/figure>\n<\/figure>\n","protected":false},"excerpt":{"rendered":"<p>El Municipio, desde el d\u00eda 9 de enero, desarrolla las colonias de verano en distintas localidades de Moreno, a las que asisten m\u00e1s de tres mil personas: adultas y adultos mayores, ni\u00f1as y ni\u00f1os, y j\u00f3venes. En esta oportunidad, la &hellip; <a href=\"https:\/\/morenoprimero.com.ar\/archivo\/mariel-fernandez-visito-colonias-de-verano-municipales\/\">Sigue leyendo <span class=\"meta-nav\">&rarr;<\/span><\/a><\/p>\n","protected":false},"author":6,"featured_media":35733,"comment_status":"closed","ping_status":"closed","sticky":false,"template":"","format":"standard","meta":{"footnotes":""},"categories":[21],"tags":[3602],"class_list":["post-35732","post","type-post","status-publish","format-standard","has-post-thumbnail","hentry","category-interes-general","tag-colonias-de-verano"],"_links":{"self":[{"href":"https:\/\/morenoprimero.com.ar\/archivo\/wp-json\/wp\/v2\/posts\/35732","targetHints":{"allow":["GET"]}}],"collection":[{"href":"https:\/\/morenoprimero.com.ar\/archivo\/wp-json\/wp\/v2\/posts"}],"about":[{"href":"https:\/\/morenoprimero.com.ar\/archivo\/wp-json\/wp\/v2\/types\/post"}],"author":[{"embeddable":true,"href":"https:\/\/morenoprimero.com.ar\/archivo\/wp-json\/wp\/v2\/users\/6"}],"replies":[{"embeddable":true,"href":"https:\/\/morenoprimero.com.ar\/archivo\/wp-json\/wp\/v2\/comments?post=35732"}],"version-history":[{"count":4,"href":"https:\/\/morenoprimero.com.ar\/archivo\/wp-json\/wp\/v2\/posts\/35732\/revisions"}],"predecessor-version":[{"id":35852,"href":"https:\/\/morenoprimero.com.ar\/archivo\/wp-json\/wp\/v2\/posts\/35732\/revisions\/35852"}],"wp:featuredmedia":[{"embeddable":true,"href":"https:\/\/morenoprimero.com.ar\/archivo\/wp-json\/wp\/v2\/media\/35733"}],"wp:attachment":[{"href":"https:\/\/morenoprimero.com.ar\/archivo\/wp-json\/wp\/v2\/media?parent=35732"}],"wp:term":[{"taxonomy":"category","embeddable":true,"href":"https:\/\/morenoprimero.com.ar\/archivo\/wp-json\/wp\/v2\/categories?post=35732"},{"taxonomy":"post_tag","embeddable":true,"href":"https:\/\/morenoprimero.com.ar\/archivo\/wp-json\/wp\/v2\/tags?post=35732"}],"curies":[{"name":"wp","href":"https:\/\/api.w.org\/{rel}","templated":true}]}}