{"id":3571,"date":"2020-10-06T19:24:27","date_gmt":"2020-10-06T19:24:27","guid":{"rendered":"https:\/\/morenoprimero.com.ar\/?p=3571"},"modified":"2020-10-06T19:24:28","modified_gmt":"2020-10-06T19:24:28","slug":"victor-heredia-presentara-su-aclamado-album-taki-ongoy-por-streaming","status":"publish","type":"post","link":"https:\/\/morenoprimero.com.ar\/archivo\/victor-heredia-presentara-su-aclamado-album-taki-ongoy-por-streaming\/","title":{"rendered":"V\u00cdCTOR HEREDIA PRESENTAR\u00c1 SU ACLAMADO \u00c1LBUM \u00abTAKI ONGOY\u00bb POR STREAMING"},"content":{"rendered":"\n<h4 class=\"wp-block-heading\"><strong>El pr\u00f3ximo 11 de octubre a las 20 hrs, V\u00edctor Heredia dar\u00e1 una charla sobre su obra indigenista \u00abTaki Ongoy\u00bb, y se proyectar\u00e1 el hist\u00f3rico concierto con que se conmemor\u00f3 el vig\u00e9simo aniversario de la edici\u00f3n del \u00e1lbum, en 2006 y en el Teatro Opera de Buenos Aires.<\/strong><\/h4>\n\n\n\n<figure class=\"wp-block-image size-large\"><img loading=\"lazy\" decoding=\"async\" width=\"700\" height=\"525\" src=\"https:\/\/morenoprimero.com.ar\/wp-content\/uploads\/2020\/10\/V\u00cdCTOR.jpg\" alt=\"\" class=\"wp-image-3572\" srcset=\"https:\/\/morenoprimero.com.ar\/archivo\/wp-content\/uploads\/2020\/10\/V\u00cdCTOR.jpg 700w, https:\/\/morenoprimero.com.ar\/archivo\/wp-content\/uploads\/2020\/10\/V\u00cdCTOR-300x225.jpg 300w\" sizes=\"auto, (max-width: 700px) 100vw, 700px\" \/><\/figure>\n\n\n\n<p>El pr\u00f3ximo domingo 11 de octubre, fecha considerada por los&nbsp;<em>\u2018<\/em><strong><em>Pueblos Originarios de Am\u00e9rica\u2019<\/em>&nbsp;como su&nbsp;<em>\u00ab\u00faltimo d\u00eda de libertad\u00bb<\/em>&nbsp;antes de la Conquista<\/strong>, V\u00edctor Heredia dar\u00e1 una charla sobre su obra indigenista \u00abTaki Ongoy\u00bb y se proyectar\u00e1 el hist\u00f3rico concierto con que se conmemor\u00f3 el vig\u00e9simo aniversario de la edici\u00f3n del \u00e1lbum, en 2006 y en el Teatro Opera de Buenos Aires.<\/p>\n\n\n\n<p>\u00ab<strong>Taki Ongoy<\/strong>\u00bb (en quechua: \u00abLa enfermedad del canto\u00bb) es un \u00e1lbum editado en el a\u00f1o <strong>1986<\/strong> por el cantautor argentino <strong>V\u00edctor Heredia<\/strong>. Se trata de una obra conceptual que <strong>recuerda al movimiento ind\u00edgena pol\u00edtico y cultural del mismo nombre<\/strong> (tambi\u00e9n escrito Taki Unquy), <strong>surgido en los andes peruanos durante el siglo XVI contra la reciente invasi\u00f3n espa\u00f1ola<\/strong>.<\/p>\n\n\n\n<p>La obra alterna piezas musicales con narraciones que van describiendo la historia de los <strong>pueblos originarios de Am\u00e9rica<\/strong> desde la \u00e9poca precolombina hasta la actualidad, desde la perspectiva hist\u00f3rica de los <strong>ind\u00edgenas oprimidos<\/strong> en lucha por su identidad y su libertad.<\/p>\n\n\n\n<p>Seg\u00fan describe su autor por aquellos a\u00f1os, la obra fue mal recibida por la <strong>Iglesia cat\u00f3lica<\/strong>; el obispo de la ciudad bonaerense de <strong>Lomas de Zamora<\/strong>, <strong>Monse\u00f1or Desiderio Collino<\/strong>, pidi\u00f3 la <strong>excomuni\u00f3n del autor<\/strong>, mientras que el embajador espa\u00f1ol ante Argentina habr\u00eda sugerido al gobierno de Ra\u00fal Alfons\u00edn que la prohibiera.<\/p>\n\n\n\n<p><\/p>\n","protected":false},"excerpt":{"rendered":"<p>El pr\u00f3ximo 11 de octubre a las 20 hrs, V\u00edctor Heredia dar\u00e1 una charla sobre su obra indigenista \u00abTaki Ongoy\u00bb, y se proyectar\u00e1 el hist\u00f3rico concierto con que se conmemor\u00f3 el vig\u00e9simo aniversario de la edici\u00f3n del \u00e1lbum, en 2006 &hellip; <a href=\"https:\/\/morenoprimero.com.ar\/archivo\/victor-heredia-presentara-su-aclamado-album-taki-ongoy-por-streaming\/\">Sigue leyendo <span class=\"meta-nav\">&rarr;<\/span><\/a><\/p>\n","protected":false},"author":6,"featured_media":3573,"comment_status":"open","ping_status":"open","sticky":false,"template":"","format":"standard","meta":{"footnotes":""},"categories":[5,20],"tags":[864,863,862],"class_list":["post-3571","post","type-post","status-publish","format-standard","has-post-thumbnail","hentry","category-recomendadas","category-sociedad","tag-show-por-streaming","tag-taki-ongoy","tag-victor-heredia"],"_links":{"self":[{"href":"https:\/\/morenoprimero.com.ar\/archivo\/wp-json\/wp\/v2\/posts\/3571","targetHints":{"allow":["GET"]}}],"collection":[{"href":"https:\/\/morenoprimero.com.ar\/archivo\/wp-json\/wp\/v2\/posts"}],"about":[{"href":"https:\/\/morenoprimero.com.ar\/archivo\/wp-json\/wp\/v2\/types\/post"}],"author":[{"embeddable":true,"href":"https:\/\/morenoprimero.com.ar\/archivo\/wp-json\/wp\/v2\/users\/6"}],"replies":[{"embeddable":true,"href":"https:\/\/morenoprimero.com.ar\/archivo\/wp-json\/wp\/v2\/comments?post=3571"}],"version-history":[{"count":2,"href":"https:\/\/morenoprimero.com.ar\/archivo\/wp-json\/wp\/v2\/posts\/3571\/revisions"}],"predecessor-version":[{"id":3671,"href":"https:\/\/morenoprimero.com.ar\/archivo\/wp-json\/wp\/v2\/posts\/3571\/revisions\/3671"}],"wp:featuredmedia":[{"embeddable":true,"href":"https:\/\/morenoprimero.com.ar\/archivo\/wp-json\/wp\/v2\/media\/3573"}],"wp:attachment":[{"href":"https:\/\/morenoprimero.com.ar\/archivo\/wp-json\/wp\/v2\/media?parent=3571"}],"wp:term":[{"taxonomy":"category","embeddable":true,"href":"https:\/\/morenoprimero.com.ar\/archivo\/wp-json\/wp\/v2\/categories?post=3571"},{"taxonomy":"post_tag","embeddable":true,"href":"https:\/\/morenoprimero.com.ar\/archivo\/wp-json\/wp\/v2\/tags?post=3571"}],"curies":[{"name":"wp","href":"https:\/\/api.w.org\/{rel}","templated":true}]}}