{"id":35695,"date":"2023-01-24T09:53:50","date_gmt":"2023-01-24T12:53:50","guid":{"rendered":"https:\/\/morenoprimero.com.ar\/?p=35695"},"modified":"2023-01-24T10:00:20","modified_gmt":"2023-01-24T13:00:20","slug":"fines-2023-se-encuentra-abierta-la-inscripcion-para-finalizar-el-secundario","status":"publish","type":"post","link":"https:\/\/morenoprimero.com.ar\/archivo\/fines-2023-se-encuentra-abierta-la-inscripcion-para-finalizar-el-secundario\/","title":{"rendered":"FinEs 2023: se encuentra abierta la inscripci\u00f3n para finalizar el secundario\u00a0"},"content":{"rendered":"\n<p>El programa est\u00e1 dirigido a J\u00f3venes y adultos\/as mayores de 18 a\u00f1os que no hayan iniciado o finalizado el nivel primario o secundario, y para quienes cursaron el \u00faltimo a\u00f1o de la secundaria y adeudan materias. La inscripci\u00f3n se realiza los d\u00edas 25 y 27 de enero en la \u201cPlaza de las Carretas\u201d (Uruguay y Alcorta), de 18 a 20 horas. \u00a0\u00a0<\/p>\n\n\n\n<p>El referente de Educaci\u00f3n del Movimiento Evita, Nair G\u00f3mez, cont\u00f3 a Moreno Primero que los FinEs que llevan a cabo han \u201ccrecido exponencialmente\u201d y alcanzaron \u201cvarios centros que funcionan en escuelas, asociaciones, centros de jubilados, centros culturales, etc.\u201d. As\u00ed, pasaron de una experiencia de 100 estudiantes a estar cerca de los 1000 estudiantes que asistieron a clases en este 2022.&nbsp; &nbsp;<\/p>\n\n\n\n<p>En Moreno, los FinEs que se llevan a cabo han crecido de forma exponencial y alcanzaron varios centros que funcionan en escuelas, asociaciones, centros de jubilados, centros culturales, etc. Desde el Movimiento Evita Moreno desplegaron m\u00e1s de 20 sedes a lo largo y ancho de Moreno donde vecinos y vecinas pudieron finalizar sus estudios, y tal como indic\u00f3 a Moreno Primero Nair G\u00f3mez, referente en el \u00e1rea de educaci\u00f3n de la organizaci\u00f3n social, pasaron \u201cde una experiencia de 100 estudiantes a estar cerca de los 1000 estudiantes que asistieron a clases en el a\u00f1o 2022\u201d. &nbsp;<\/p>\n\n\n\n<p>Desde el \u00e1rea de Educaci\u00f3n del Movimiento Evita Moreno comunicaron que la inscripci\u00f3n para finalizar el secundario a trav\u00e9s del programa FinEs se encuentra abierta y alertaron: \u201cquedan pocos lugares\u201d. &nbsp;<\/p>\n\n\n\n<p><strong>Requisitos para FINES:<\/strong>&nbsp;&nbsp;<\/p>\n\n\n\n<p>-fotocopia del DNI&nbsp;&nbsp;&nbsp;<\/p>\n\n\n\n<p>-Fotocopia de la Partida de Nacimiento&nbsp;&nbsp;&nbsp;<\/p>\n\n\n\n<p>-Fotocopia del Certificado de culminaci\u00f3n del Nivel Primerio&nbsp;&nbsp;&nbsp;<\/p>\n\n\n\n<p>-Anal\u00edtico original de alg\u00fan a\u00f1o cursado en el Nivel Secundario (en su defecto Constancia firmada por autoridad competente del servicio educativo)&nbsp;&nbsp;&nbsp;<\/p>\n\n\n\n<p>-En el caso que faltara alguna documentaci\u00f3n que acredite estudios anteriores INGRESA a 1\u00ba A\u00f1o&nbsp;<\/p>\n\n\n\n<p>Para realizar la preinscripci\u00f3n al programa se debe ingresar <a href=\"https:\/\/docs.google.com\/forms\/d\/e\/1FAIpQLSe_aItlkZyzg_DHNSCsraPPH91BVXFz18OPB3SyYtFZ3Vrhzg\/viewform?vc=0&amp;c=0&amp;w=1&amp;flr=0\" target=\"_blank\" rel=\"noreferrer noopener\">AQU\u00cd<\/a> y llenar el formulario. &nbsp;<\/p>\n","protected":false},"excerpt":{"rendered":"<p>El programa est\u00e1 dirigido a J\u00f3venes y adultos\/as mayores de 18 a\u00f1os que no hayan iniciado o finalizado el nivel primario o secundario, y para quienes cursaron el \u00faltimo a\u00f1o de la secundaria y adeudan materias. La inscripci\u00f3n se realiza &hellip; <a href=\"https:\/\/morenoprimero.com.ar\/archivo\/fines-2023-se-encuentra-abierta-la-inscripcion-para-finalizar-el-secundario\/\">Sigue leyendo <span class=\"meta-nav\">&rarr;<\/span><\/a><\/p>\n","protected":false},"author":6,"featured_media":33877,"comment_status":"closed","ping_status":"closed","sticky":false,"template":"","format":"standard","meta":{"footnotes":""},"categories":[21],"tags":[1927,1916],"class_list":["post-35695","post","type-post","status-publish","format-standard","has-post-thumbnail","hentry","category-interes-general","tag-educacion-publica-2","tag-fines"],"_links":{"self":[{"href":"https:\/\/morenoprimero.com.ar\/archivo\/wp-json\/wp\/v2\/posts\/35695","targetHints":{"allow":["GET"]}}],"collection":[{"href":"https:\/\/morenoprimero.com.ar\/archivo\/wp-json\/wp\/v2\/posts"}],"about":[{"href":"https:\/\/morenoprimero.com.ar\/archivo\/wp-json\/wp\/v2\/types\/post"}],"author":[{"embeddable":true,"href":"https:\/\/morenoprimero.com.ar\/archivo\/wp-json\/wp\/v2\/users\/6"}],"replies":[{"embeddable":true,"href":"https:\/\/morenoprimero.com.ar\/archivo\/wp-json\/wp\/v2\/comments?post=35695"}],"version-history":[{"count":4,"href":"https:\/\/morenoprimero.com.ar\/archivo\/wp-json\/wp\/v2\/posts\/35695\/revisions"}],"predecessor-version":[{"id":35861,"href":"https:\/\/morenoprimero.com.ar\/archivo\/wp-json\/wp\/v2\/posts\/35695\/revisions\/35861"}],"wp:featuredmedia":[{"embeddable":true,"href":"https:\/\/morenoprimero.com.ar\/archivo\/wp-json\/wp\/v2\/media\/33877"}],"wp:attachment":[{"href":"https:\/\/morenoprimero.com.ar\/archivo\/wp-json\/wp\/v2\/media?parent=35695"}],"wp:term":[{"taxonomy":"category","embeddable":true,"href":"https:\/\/morenoprimero.com.ar\/archivo\/wp-json\/wp\/v2\/categories?post=35695"},{"taxonomy":"post_tag","embeddable":true,"href":"https:\/\/morenoprimero.com.ar\/archivo\/wp-json\/wp\/v2\/tags?post=35695"}],"curies":[{"name":"wp","href":"https:\/\/api.w.org\/{rel}","templated":true}]}}