{"id":35676,"date":"2023-01-13T11:11:03","date_gmt":"2023-01-13T14:11:03","guid":{"rendered":"https:\/\/morenoprimero.com.ar\/?p=35676"},"modified":"2023-01-13T11:11:04","modified_gmt":"2023-01-13T14:11:04","slug":"axel-kicillof-ya-alcanzamos-las-6-millones-de-visitas","status":"publish","type":"post","link":"https:\/\/morenoprimero.com.ar\/archivo\/axel-kicillof-ya-alcanzamos-las-6-millones-de-visitas\/","title":{"rendered":"Axel Kicillof: \u201cYa alcanzamos las 6 millones de visitas\u201d"},"content":{"rendered":"\n<p>El Gobernador de la provincia de Buenos Aires, Axel Kicillof encabez\u00f3 una nueva conferencia de verano en la localidad de Claromec\u00f3, en el distrito de Tres Arroyos. \u201cA partir de un diciembre r\u00e9cord, ya alcanzamos las 6 millones de visitas en nuestra provincia\u201d, afirm\u00f3 el mandatario provincial.<\/p>\n\n\n\n<p>\u201cA partir de todo el trabajo articulado con los municipios para sostener los resultados de la temporada anterior, hemos terminado el mejor diciembre de la historia y alcanzado desde entonces el r\u00e9cord de 6 millones de visitas en nuestra provincia\u201d, afirm\u00f3 este mi\u00e9rcoles el gobernador Axel Kicillof al encabezar una conferencia de verano en el municipio de Tres Arroyos.<\/p>\n\n\n\n<p>Fue en la sede de la Escuela Secundaria N\u00b0 10 de Claromec\u00f3, junto al intendente local, Carlos S\u00e1nchez; el ministro de Producci\u00f3n, Ciencia e Innovaci\u00f3n Tecnol\u00f3gica, Augusto Costa; la ministra de Gobierno, Cristina \u00c1lvarez Rodr\u00edguez; y la presidenta del Instituto Cultural, Florencia Saintout.<\/p>\n\n\n\n<p>6 MILLONES DE VISITAS EN LA PROVINCIA DE BUENOS AIRES<br>\u201cNos propusimos la meta de sostener e incluso mejorar los resultados obtenidos durante la temporada anterior: lo estamos haciendo y no es producto del azar, sino de la planificaci\u00f3n y el trabajo realizado durante todo el a\u00f1o\u201d, sostuvo Kicillof.<\/p>\n\n\n\n<p>Adem\u00e1s a\u00f1adi\u00f3: \u201cDispusimos un Operativo de Sol a Sol que incluye a m\u00e1s de 22 mil efectivos para garantizar un verano seguro, y sumamos despliegue sanitario y personal para el control del fuego en caso de incendios\u201d.<\/p>\n\n\n\n<p>El Gobernador se\u00f1al\u00f3 que \u201ccon los paradores ReCreo y las propuestas que se pueden ver a trav\u00e9s de la aplicaci\u00f3n, estamos promoviendo todos los destinos tur\u00edsticos, para todas las familias y los distintos presupuestos\u201d. \u201cInvitamos a todo el pueblo argentino para que este verano elija y disfrute de la provincia de Buenos Aires\u201d, remarc\u00f3.<\/p>\n\n\n\n<p>En tanto, Costa inform\u00f3 que \u201cenero est\u00e1 demostrando que hemos logrado sostener e incluso mejorar los niveles r\u00e9cord de turismo alcanzados el a\u00f1o pasado\u201d. \u201cEn la primera semana hubo 1.315.000 turistas que nos visitaron, y si contamos desde diciembre, ya se acumulan 6 millones\u201d, dijo y agreg\u00f3: \u201cEstas cifras, que est\u00e1n un 20% por encima del promedio de los \u00faltimos cinco a\u00f1os, consolidan una temporada que ser\u00e1 hist\u00f3rica, con niveles de ocupaci\u00f3n muy altos en todos los destinos tur\u00edsticos\u201d.<\/p>\n\n\n\n<p>Adem\u00e1s, Kicillof anunci\u00f3 la segunda convocatoria para la presentaci\u00f3n de proyectos del Fondo de Innovaci\u00f3n Tecnol\u00f3gica de Buenos Aires (FITBA), una iniciativa que destinar\u00e1 $700 millones para financiar proyectos tecnol\u00f3gicos que resuelvan problem\u00e1ticas de cooperativas y pymes, y fortalezcan las capacidades de gesti\u00f3n p\u00fablica provincial y municipal.<\/p>\n\n\n\n<p>Durante la jornada, el Gobernador encabez\u00f3 tambi\u00e9n una reuni\u00f3n de trabajo con representantes del sector productivo vinculados al turismo y la cultura.<\/p>\n\n\n\n<p>Adem\u00e1s, realiz\u00f3 la inauguraci\u00f3n formal de las obras de asfalto, rotonda y colocaci\u00f3n de luminarias sobre 23 kil\u00f3metros desde la intersecci\u00f3n de las rutas provinciales 72 y 73, hasta la Avenida 15.<\/p>\n\n\n\n<p>Con una inversi\u00f3n de $443 millones, impactar\u00e1 directamente en la log\u00edstica productiva y mejorar\u00e1 la seguridad vial en las conexiones entre Claromec\u00f3, Orense y San Francisco de Bellocq.<\/p>\n\n\n\n<p>Asimismo, las autoridades visitaron el camping de SUTEBA y recorrieron los avances de las obras hidr\u00e1ulicas para mejorar el acceso de agua potable en la zona; as\u00ed como tambi\u00e9n los trabajos de ampliaci\u00f3n del hospital local donde se est\u00e1n interviniendo las \u00e1reas de oncolog\u00eda y de formaci\u00f3n del personal.<\/p>\n\n\n\n<p>En ese sentido, el intendente S\u00e1nchez remarc\u00f3: \u201cDurante todo el d\u00eda recorrimos todas las obras que estamos realizando en el municipio con el aporte de la Provincia para mejorar la calidad de vida de nuestros vecinos y vecinas\u201d. \u201cSiempre faltan cosas por hacer, pero contamos con los proyectos y con un Gobierno provincial que est\u00e1 presente y brinda respuestas\u201d, dijo.<\/p>\n\n\n\n<p>\u201cHemos mantenido una reuni\u00f3n con sectores productivos y 15 intendentes de nuestra fuerza pol\u00edtica y de la oposici\u00f3n, con el \u00fanico objetivo de trabajar para la temporada y para dar respuesta a las necesidades de las y los bonaerenses\u201d, se\u00f1al\u00f3 Kicillof y concluy\u00f3: \u201cEsto es posible porque tanto aqu\u00ed, en Tres Arroyos, como en los 135 partidos, estamos llevando adelante las obras estructurales que mejoran la calidad de vida de nuestro pueblo\u201d.<\/p>\n\n\n\n<p>Participaron de las distintas actividades el jefe de Asesores del Gobernador, Carlos Bianco; los ministros de Seguridad, Sergio Berni; y de Desarrollo Agrario, Javier Rodr\u00edguez; las subsecretarias de Turismo, Soledad Mart\u00ednez; de Industrias, Pymes y Cooperativas, Mariela Bembi; de Promoci\u00f3n Sociocultural, Lorena Riesgo; los subsecretarios de Ciencia, Tecnolog\u00eda e Innovaci\u00f3n, Federico Ag\u00fcero, y de Desarrollo Comercial y Promoci\u00f3n de Inversiones, Ariel Aguilar; el legislador provincial Carlos \u201cCuto\u201d Moreno; las diputadas bonaerenses Luc\u00eda Ia\u00f1ez y Natalia S\u00e1nchez J\u00e1uregui; y los senadores Marcelo Feli\u00fa y Alfredo Fisher.<\/p>\n\n\n\n<p>Estuvieron presentes los intendentes de Adolfo Gonzales Chaves, Marcelo Santill\u00e1n; de Coronel Su\u00e1rez, Ricardo Moccero; de Monte Hermoso, Marcos Fern\u00e1ndez; de Laprida, Pablo Torres; de San Cayetano, Miguel \u00c1ngel Gargaglione; de Puan, Facundo Castelli; de Guamin\u00ed, Jos\u00e9 Nobre Ferreira; de Villa Gesell, Gustavo Barrera; de Salliquel\u00f3, Juan Miguel Nosetti; de Coronel Dorrego, Ra\u00fal Reyes; de Tres Lomas, Jorge Carrera; de La Madrid, Mart\u00edn Randazzo; de Benito Ju\u00e1rez, Julio Marini; y de Balcarce, Esteban Reino.<\/p>\n\n\n\n<p>Tambi\u00e9n se cont\u00f3 con la presencia de la presidenta del Consejo Nacional de Coordinaci\u00f3n de Pol\u00edticas Sociales, Marisol Merquel; los titulares de los consorcios de gesti\u00f3n de los puertos de Bah\u00eda Blanca, Federico Susbielles; y de Coronel Rosales, Rodrigo Aristimu\u00f1o; el secretario general de la CTA de la Provincia, Roberto Baradel; y el adjunto, Ra\u00fal Calamante; el jefe del Distrito 19 de Vialidad Nacional, Gustavo Trankels; el secretario local de Salud y Prevenci\u00f3n, Gabriel Guerra; los presidentes de la C\u00e1mara de Comercio, Industria y Servicios de Tres Arroyos, Augusto De Benedetto; de Metrogas, Osvaldo Barcelona; y del Concejo Deliberante de Salliquel\u00f3, Ariel Succurro; los concejales de Coronel Su\u00e1rez, Flavio Diez; de Coronel Rosales, Rodrigo Sartori; de Coronel Pringles, Jos\u00e9 Rivarola; de Patagones, Nicol\u00e1s Garc\u00eda y los dirigentes Roberto Fern\u00e1ndez y Gabriel Godoy.<\/p>\n","protected":false},"excerpt":{"rendered":"<p>El Gobernador de la provincia de Buenos Aires, Axel Kicillof encabez\u00f3 una nueva conferencia de verano en la localidad de Claromec\u00f3, en el distrito de Tres Arroyos. \u201cA partir de un diciembre r\u00e9cord, ya alcanzamos las 6 millones de visitas &hellip; <a href=\"https:\/\/morenoprimero.com.ar\/archivo\/axel-kicillof-ya-alcanzamos-las-6-millones-de-visitas\/\">Sigue leyendo <span class=\"meta-nav\">&rarr;<\/span><\/a><\/p>\n","protected":false},"author":6,"featured_media":35677,"comment_status":"closed","ping_status":"closed","sticky":false,"template":"","format":"standard","meta":{"footnotes":""},"categories":[2329],"tags":[132],"class_list":["post-35676","post","type-post","status-publish","format-standard","has-post-thumbnail","hentry","category-provincial","tag-axel-kicillof"],"_links":{"self":[{"href":"https:\/\/morenoprimero.com.ar\/archivo\/wp-json\/wp\/v2\/posts\/35676","targetHints":{"allow":["GET"]}}],"collection":[{"href":"https:\/\/morenoprimero.com.ar\/archivo\/wp-json\/wp\/v2\/posts"}],"about":[{"href":"https:\/\/morenoprimero.com.ar\/archivo\/wp-json\/wp\/v2\/types\/post"}],"author":[{"embeddable":true,"href":"https:\/\/morenoprimero.com.ar\/archivo\/wp-json\/wp\/v2\/users\/6"}],"replies":[{"embeddable":true,"href":"https:\/\/morenoprimero.com.ar\/archivo\/wp-json\/wp\/v2\/comments?post=35676"}],"version-history":[{"count":1,"href":"https:\/\/morenoprimero.com.ar\/archivo\/wp-json\/wp\/v2\/posts\/35676\/revisions"}],"predecessor-version":[{"id":35678,"href":"https:\/\/morenoprimero.com.ar\/archivo\/wp-json\/wp\/v2\/posts\/35676\/revisions\/35678"}],"wp:featuredmedia":[{"embeddable":true,"href":"https:\/\/morenoprimero.com.ar\/archivo\/wp-json\/wp\/v2\/media\/35677"}],"wp:attachment":[{"href":"https:\/\/morenoprimero.com.ar\/archivo\/wp-json\/wp\/v2\/media?parent=35676"}],"wp:term":[{"taxonomy":"category","embeddable":true,"href":"https:\/\/morenoprimero.com.ar\/archivo\/wp-json\/wp\/v2\/categories?post=35676"},{"taxonomy":"post_tag","embeddable":true,"href":"https:\/\/morenoprimero.com.ar\/archivo\/wp-json\/wp\/v2\/tags?post=35676"}],"curies":[{"name":"wp","href":"https:\/\/api.w.org\/{rel}","templated":true}]}}