{"id":3566,"date":"2020-10-05T17:51:03","date_gmt":"2020-10-05T17:51:03","guid":{"rendered":"https:\/\/morenoprimero.com.ar\/?p=3566"},"modified":"2020-10-05T17:51:04","modified_gmt":"2020-10-05T17:51:04","slug":"el-primer-parque-agrario-agroecologico-de-moreno-ya-tiene-fecha-de-inauguracion","status":"publish","type":"post","link":"https:\/\/morenoprimero.com.ar\/archivo\/el-primer-parque-agrario-agroecologico-de-moreno-ya-tiene-fecha-de-inauguracion\/","title":{"rendered":"EL PRIMER PARQUE AGRARIO AGROECOL\u00d3GICO DE MORENO YA TIENE FECHA DE INAUGURACI\u00d3N"},"content":{"rendered":"\n<h4 class=\"wp-block-heading\"><strong>Ma\u00f1ana martes 6 de octubre, a las 10 horas, se llevar\u00e1 a cabo la inauguraci\u00f3n del Primer Parque Agrario Agroecol\u00f3gico de Moreno, ubicado en Conscripto Bernardi y Nazca, Cuartel V<\/strong>.<\/h4>\n\n\n\n<p>La actividad contar\u00e1 con la presencia de la Intendenta de Moreno, <strong>Mariel Fern\u00e1ndez<\/strong>; la Administradora General del IMDEL, <strong>Mar\u00eda Gim\u00e9nez<\/strong>; la Administradora General del IDUAR, <strong>Carolina Amaya<\/strong>; y autoridades nacionales, provinciales, municipales y representantes de distintas organizaciones sociales.<\/p>\n\n\n\n<p><strong>Los Parques Agrarios Agroecol\u00f3gicos de Moreno<\/strong> (PAAM), creados por el gobierno local, <strong>son una herramienta de ordenamiento y desarrollo sustentable del territorio<\/strong>. Tienen la finalidad de preservar los espacios agrarios en las \u00e1reas periurbanas, protegiendo los recursos naturales y facilitando las actividades agr\u00edcolas ecol\u00f3gicas, para el incremento del empleo urbano y rural en <strong>Moreno<\/strong>.<\/p>\n\n\n\n<p>F<em>uente: Municipio de Moreno <\/em><\/p>\n","protected":false},"excerpt":{"rendered":"<p>Ma\u00f1ana martes 6 de octubre, a las 10 horas, se llevar\u00e1 a cabo la inauguraci\u00f3n del Primer Parque Agrario Agroecol\u00f3gico de Moreno, ubicado en Conscripto Bernardi y Nazca, Cuartel V. La actividad contar\u00e1 con la presencia de la Intendenta de &hellip; <a href=\"https:\/\/morenoprimero.com.ar\/archivo\/el-primer-parque-agrario-agroecologico-de-moreno-ya-tiene-fecha-de-inauguracion\/\">Sigue leyendo <span class=\"meta-nav\">&rarr;<\/span><\/a><\/p>\n","protected":false},"author":6,"featured_media":2924,"comment_status":"open","ping_status":"open","sticky":false,"template":"","format":"standard","meta":{"footnotes":""},"categories":[496,3,20],"tags":[6,664],"class_list":["post-3566","post","type-post","status-publish","format-standard","has-post-thumbnail","hentry","category-ambiente","category-importantes","category-sociedad","tag-moreno","tag-parque-agrario-agroecologico"],"_links":{"self":[{"href":"https:\/\/morenoprimero.com.ar\/archivo\/wp-json\/wp\/v2\/posts\/3566","targetHints":{"allow":["GET"]}}],"collection":[{"href":"https:\/\/morenoprimero.com.ar\/archivo\/wp-json\/wp\/v2\/posts"}],"about":[{"href":"https:\/\/morenoprimero.com.ar\/archivo\/wp-json\/wp\/v2\/types\/post"}],"author":[{"embeddable":true,"href":"https:\/\/morenoprimero.com.ar\/archivo\/wp-json\/wp\/v2\/users\/6"}],"replies":[{"embeddable":true,"href":"https:\/\/morenoprimero.com.ar\/archivo\/wp-json\/wp\/v2\/comments?post=3566"}],"version-history":[{"count":2,"href":"https:\/\/morenoprimero.com.ar\/archivo\/wp-json\/wp\/v2\/posts\/3566\/revisions"}],"predecessor-version":[{"id":3576,"href":"https:\/\/morenoprimero.com.ar\/archivo\/wp-json\/wp\/v2\/posts\/3566\/revisions\/3576"}],"wp:featuredmedia":[{"embeddable":true,"href":"https:\/\/morenoprimero.com.ar\/archivo\/wp-json\/wp\/v2\/media\/2924"}],"wp:attachment":[{"href":"https:\/\/morenoprimero.com.ar\/archivo\/wp-json\/wp\/v2\/media?parent=3566"}],"wp:term":[{"taxonomy":"category","embeddable":true,"href":"https:\/\/morenoprimero.com.ar\/archivo\/wp-json\/wp\/v2\/categories?post=3566"},{"taxonomy":"post_tag","embeddable":true,"href":"https:\/\/morenoprimero.com.ar\/archivo\/wp-json\/wp\/v2\/tags?post=3566"}],"curies":[{"name":"wp","href":"https:\/\/api.w.org\/{rel}","templated":true}]}}