{"id":3560,"date":"2020-10-05T17:50:31","date_gmt":"2020-10-05T17:50:31","guid":{"rendered":"https:\/\/morenoprimero.com.ar\/?p=3560"},"modified":"2020-10-05T17:50:32","modified_gmt":"2020-10-05T17:50:32","slug":"moreno-se-suma-a-la-apertura-de-bares-y-restaurantes","status":"publish","type":"post","link":"https:\/\/morenoprimero.com.ar\/archivo\/moreno-se-suma-a-la-apertura-de-bares-y-restaurantes\/","title":{"rendered":"MORENO SE SUMA A LA APERTURA DE BARES Y RESTAURANTES"},"content":{"rendered":"\n<h4 class=\"wp-block-heading\">Despu\u00e9s de 7 meses y bajo un estricto protocolo,\u00a0vuelve a funcionar el rubro gastron\u00f3mico. <\/h4>\n\n\n\n<p>\u00a0 Los due\u00f1os y las due\u00f1as de los bares de Moreno ya hab\u00edan expresado su necesidad de reabrir sus puertas para hacer frente a la crisis. Luego de la apertura de bares en municipios aleda\u00f1os como Ituzaing\u00f3, Merlo, San Miguel, General Rodr\u00edguez y Luj\u00e1n,<strong> el rubro gastron\u00f3mico reabre sus puertas en Moreno con un estricto protocolo.\u00a0<\/strong><\/p>\n\n\n\n<p>&nbsp; <strong>El servicio s\u00f3lo podr\u00e1 desarrollarse al aire libre, siempre y cuando los empleadores cuenten con permisos y seguros correspondientes. <\/strong>No podr\u00e1 brindarse servicio alguno en los salones internos de los establecimientos.&nbsp;&nbsp;&nbsp;<\/p>\n\n\n\n<p>\u00a0<strong> El protocolo cuenta con medidas de prevenci\u00f3n recomendadas durante toda la jornada de trabajo<\/strong>, entre otras,\u00a0 procurar que los ambientes se encuentren bien ventilados;\u00a0desinfectar con jab\u00f3n, detergente y\/o alcohol los objetos que se usan con frecuencia; en caso de presentar s\u00edntomas, aunque sean leves, no automedicarse e informar\u00a0inmediatamente a su superior.<\/p>\n\n\n\n<p>  <strong> En cuanto a la higiene personal de los empleados se contemplan tanto las medidas de prevenci\u00f3n en el traslado como las de permanencia en su lugar de trabajo.<\/strong> Al llegar, se les medir\u00e1 la fiebre y en caso de superar los 37,5 se acudir\u00e1 a las medidas establecidas por el protocolo.&nbsp;<\/p>\n\n\n\n<p>En cuanto a las medidas de higiene para la realizaci\u00f3n de la actividad respecto del p\u00fablico en general, se establece la colocaci\u00f3n de carteler\u00eda visible en el establecimiento con la informaci\u00f3n sobre m\u00e9todos de prevenci\u00f3n para el Covid-19. Adem\u00e1s, se debe poner a disposici\u00f3n del p\u00fablico, alcohol en gel o&nbsp;sanitizante&nbsp;en accesos a los establecimientos. Por \u00faltimo, se\u00f1alizar la cantidad m\u00e1xima de personas que pueden ingresar y controlar que no se supere la misma, cumpliendo las pautas de distanciamiento.&nbsp;&nbsp;&nbsp;<\/p>\n\n\n\n<p>&nbsp; El men\u00fa deber\u00e1 ser exhibido en carteles, atriles o pizarras en el exterior del local, presentar la carta en formato digital, descartable, o plastificada para facilitar su desinfecci\u00f3n. El uso de tapabocas en clientes es obligatorio antes y despu\u00e9s de comer.&nbsp;<\/p>\n\n\n\n<figure class=\"wp-block-image size-large\"><img loading=\"lazy\" decoding=\"async\" width=\"1024\" height=\"560\" src=\"https:\/\/morenoprimero.com.ar\/wp-content\/uploads\/2020\/10\/menu-qr-restaurante-1170x640-1-1024x560.jpg\" alt=\"\" class=\"wp-image-3567\" srcset=\"https:\/\/morenoprimero.com.ar\/archivo\/wp-content\/uploads\/2020\/10\/menu-qr-restaurante-1170x640-1-1024x560.jpg 1024w, https:\/\/morenoprimero.com.ar\/archivo\/wp-content\/uploads\/2020\/10\/menu-qr-restaurante-1170x640-1-300x164.jpg 300w, https:\/\/morenoprimero.com.ar\/archivo\/wp-content\/uploads\/2020\/10\/menu-qr-restaurante-1170x640-1-768x420.jpg 768w, https:\/\/morenoprimero.com.ar\/archivo\/wp-content\/uploads\/2020\/10\/menu-qr-restaurante-1170x640-1.jpg 1170w\" sizes=\"auto, (max-width: 1024px) 100vw, 1024px\" \/><\/figure>\n\n\n\n<p>La vajilla se lavar\u00e1 con agua caliente y detergente y una vez seca, se desinfectar\u00e1 con alcohol al 70%. S\u00f3lo se colocar\u00e1 en la mesa, junto a los insumos&nbsp;correspondientes&nbsp;al \u201cservicio de mesa\u201d al llegar los comensales. El personal de servicio deber\u00e1 suministrar a los comensales cuando ocupen la mesa, alcohol en gel para desinfecci\u00f3n de manos. La manteler\u00eda debe ser descartable y se recomienda el uso de individuales al ser de f\u00e1cil desinfecci\u00f3n.&nbsp;&nbsp;<\/p>\n\n\n\n<p>El encargado del lugar podr\u00e1, permitir el ingreso de un cliente por vez a los sanitarios, sin perjuicio de la cantidad de ba\u00f1os que posea dicho local, adoptando rigurosas medidas contempladas en el protocolo.&nbsp;&nbsp;&nbsp;<\/p>\n\n\n\n<p>La distancia entre las mesas deber\u00e1 ser como m\u00ednimo de 2 metros y la distancia, de ser posible, entre los comensales en cada mesa deber\u00e1 ser de 1,5 metros.&nbsp;Las mesas deber\u00e1n ser como m\u00e1ximo para una capacidad de (4) cuatro personas. Las mesas y superficies deber\u00e1n limpiarse y desinfectarse luego de que se retire cada comensal y previo a que se siente uno nuevo.&nbsp;&nbsp;&nbsp;<\/p>\n\n\n\n<figure class=\"wp-block-image size-large\"><img loading=\"lazy\" decoding=\"async\" width=\"1024\" height=\"562\" src=\"https:\/\/morenoprimero.com.ar\/wp-content\/uploads\/2020\/10\/WhatsApp_Image_2020-07-02_at_4.49.58_PM_1593719511-1024x562.jpeg\" alt=\"\" class=\"wp-image-3564\" srcset=\"https:\/\/morenoprimero.com.ar\/archivo\/wp-content\/uploads\/2020\/10\/WhatsApp_Image_2020-07-02_at_4.49.58_PM_1593719511-1024x562.jpeg 1024w, https:\/\/morenoprimero.com.ar\/archivo\/wp-content\/uploads\/2020\/10\/WhatsApp_Image_2020-07-02_at_4.49.58_PM_1593719511-300x165.jpeg 300w, https:\/\/morenoprimero.com.ar\/archivo\/wp-content\/uploads\/2020\/10\/WhatsApp_Image_2020-07-02_at_4.49.58_PM_1593719511-768x421.jpeg 768w, https:\/\/morenoprimero.com.ar\/archivo\/wp-content\/uploads\/2020\/10\/WhatsApp_Image_2020-07-02_at_4.49.58_PM_1593719511.jpeg 1072w\" sizes=\"auto, (max-width: 1024px) 100vw, 1024px\" \/><\/figure>\n\n\n\n<p>&nbsp;<strong> Tanto la cocina, como la recepci\u00f3n de mercader\u00eda y el pago de los servicios cuentan con respectivas recomendaciones previstas en el protocolo. Entre ellas, se recomienda el pago de servicios de forma&nbsp; electr\u00f3nica.&nbsp;<\/strong>&nbsp;<\/p>\n\n\n\n<p><strong>El horario de atenci\u00f3n ser\u00e1 de Domingo a jueves de 8 a 23 Hs y los d\u00edas Viernes y S\u00e1bados de 8 a 00 Hs.&nbsp;<\/strong><\/p>\n","protected":false},"excerpt":{"rendered":"<p>Despu\u00e9s de 7 meses y bajo un estricto protocolo,\u00a0vuelve a funcionar el rubro gastron\u00f3mico. \u00a0 Los due\u00f1os y las due\u00f1as de los bares de Moreno ya hab\u00edan expresado su necesidad de reabrir sus puertas para hacer frente a la crisis. &hellip; <a href=\"https:\/\/morenoprimero.com.ar\/archivo\/moreno-se-suma-a-la-apertura-de-bares-y-restaurantes\/\">Sigue leyendo <span class=\"meta-nav\">&rarr;<\/span><\/a><\/p>\n","protected":false},"author":6,"featured_media":3561,"comment_status":"open","ping_status":"open","sticky":false,"template":"","format":"standard","meta":{"footnotes":""},"categories":[21,5,20],"tags":[861,6,348],"class_list":["post-3560","post","type-post","status-publish","format-standard","has-post-thumbnail","hentry","category-interes-general","category-recomendadas","category-sociedad","tag-bares-y-restaurantes","tag-moreno","tag-protocolo-covid-19"],"_links":{"self":[{"href":"https:\/\/morenoprimero.com.ar\/archivo\/wp-json\/wp\/v2\/posts\/3560","targetHints":{"allow":["GET"]}}],"collection":[{"href":"https:\/\/morenoprimero.com.ar\/archivo\/wp-json\/wp\/v2\/posts"}],"about":[{"href":"https:\/\/morenoprimero.com.ar\/archivo\/wp-json\/wp\/v2\/types\/post"}],"author":[{"embeddable":true,"href":"https:\/\/morenoprimero.com.ar\/archivo\/wp-json\/wp\/v2\/users\/6"}],"replies":[{"embeddable":true,"href":"https:\/\/morenoprimero.com.ar\/archivo\/wp-json\/wp\/v2\/comments?post=3560"}],"version-history":[{"count":2,"href":"https:\/\/morenoprimero.com.ar\/archivo\/wp-json\/wp\/v2\/posts\/3560\/revisions"}],"predecessor-version":[{"id":3575,"href":"https:\/\/morenoprimero.com.ar\/archivo\/wp-json\/wp\/v2\/posts\/3560\/revisions\/3575"}],"wp:featuredmedia":[{"embeddable":true,"href":"https:\/\/morenoprimero.com.ar\/archivo\/wp-json\/wp\/v2\/media\/3561"}],"wp:attachment":[{"href":"https:\/\/morenoprimero.com.ar\/archivo\/wp-json\/wp\/v2\/media?parent=3560"}],"wp:term":[{"taxonomy":"category","embeddable":true,"href":"https:\/\/morenoprimero.com.ar\/archivo\/wp-json\/wp\/v2\/categories?post=3560"},{"taxonomy":"post_tag","embeddable":true,"href":"https:\/\/morenoprimero.com.ar\/archivo\/wp-json\/wp\/v2\/tags?post=3560"}],"curies":[{"name":"wp","href":"https:\/\/api.w.org\/{rel}","templated":true}]}}