{"id":3532,"date":"2020-10-05T17:52:39","date_gmt":"2020-10-05T17:52:39","guid":{"rendered":"https:\/\/morenoprimero.com.ar\/?p=3532"},"modified":"2020-10-05T17:52:39","modified_gmt":"2020-10-05T17:52:39","slug":"vuelven-las-actividades-religiosas-en-moreno","status":"publish","type":"post","link":"https:\/\/morenoprimero.com.ar\/archivo\/vuelven-las-actividades-religiosas-en-moreno\/","title":{"rendered":"VUELVEN LAS ACTIVIDADES RELIGIOSAS EN MORENO"},"content":{"rendered":"\n<h4 class=\"wp-block-heading\"> Las actividades religiosas podr\u00e1n realizarse a partir del 5 de octubre bajo un estricto protocolo.<\/h4>\n\n\n\n<p>&nbsp; <strong>Se podr\u00e1 realizar hasta dos reuniones por d\u00eda,<\/strong> una a la ma\u00f1ana y otra a la tarde \u2013como m\u00e1ximo hasta las 20 Hs), siempre en espacios al aire libre y en lugares de cercan\u00eda.&nbsp;<\/p>\n\n\n\n<p>&nbsp; Las reuniones <strong>no pueden durar m\u00e1s de 60 minutos y se debe cumplir con las medidas de prevenci\u00f3n<\/strong>: uso de tapabocas, distanciamiento de 2 metros y uso de alcohol en gel.&nbsp;<\/p>\n\n\n\n<p>&nbsp; &nbsp;Para m\u00e1s informaci\u00f3n, comunicarse con la Oficina de Consejo Religioso. Dr.&nbsp;Aseff&nbsp;91, 1\u00b0 piso. O bien llamar al 1161932374.&nbsp;<\/p>\n\n\n\n<p><\/p>\n","protected":false},"excerpt":{"rendered":"<p>Las actividades religiosas podr\u00e1n realizarse a partir del 5 de octubre bajo un estricto protocolo. &nbsp; Se podr\u00e1 realizar hasta dos reuniones por d\u00eda, una a la ma\u00f1ana y otra a la tarde \u2013como m\u00e1ximo hasta las 20 Hs), siempre &hellip; <a href=\"https:\/\/morenoprimero.com.ar\/archivo\/vuelven-las-actividades-religiosas-en-moreno\/\">Sigue leyendo <span class=\"meta-nav\">&rarr;<\/span><\/a><\/p>\n","protected":false},"author":6,"featured_media":3533,"comment_status":"open","ping_status":"open","sticky":false,"template":"","format":"standard","meta":{"footnotes":""},"categories":[21,5,20],"tags":[26,353,6,17],"class_list":["post-3532","post","type-post","status-publish","format-standard","has-post-thumbnail","hentry","category-interes-general","category-recomendadas","category-sociedad","tag-coronavirus","tag-iglesia","tag-moreno","tag-pandemia"],"_links":{"self":[{"href":"https:\/\/morenoprimero.com.ar\/archivo\/wp-json\/wp\/v2\/posts\/3532","targetHints":{"allow":["GET"]}}],"collection":[{"href":"https:\/\/morenoprimero.com.ar\/archivo\/wp-json\/wp\/v2\/posts"}],"about":[{"href":"https:\/\/morenoprimero.com.ar\/archivo\/wp-json\/wp\/v2\/types\/post"}],"author":[{"embeddable":true,"href":"https:\/\/morenoprimero.com.ar\/archivo\/wp-json\/wp\/v2\/users\/6"}],"replies":[{"embeddable":true,"href":"https:\/\/morenoprimero.com.ar\/archivo\/wp-json\/wp\/v2\/comments?post=3532"}],"version-history":[{"count":2,"href":"https:\/\/morenoprimero.com.ar\/archivo\/wp-json\/wp\/v2\/posts\/3532\/revisions"}],"predecessor-version":[{"id":3578,"href":"https:\/\/morenoprimero.com.ar\/archivo\/wp-json\/wp\/v2\/posts\/3532\/revisions\/3578"}],"wp:featuredmedia":[{"embeddable":true,"href":"https:\/\/morenoprimero.com.ar\/archivo\/wp-json\/wp\/v2\/media\/3533"}],"wp:attachment":[{"href":"https:\/\/morenoprimero.com.ar\/archivo\/wp-json\/wp\/v2\/media?parent=3532"}],"wp:term":[{"taxonomy":"category","embeddable":true,"href":"https:\/\/morenoprimero.com.ar\/archivo\/wp-json\/wp\/v2\/categories?post=3532"},{"taxonomy":"post_tag","embeddable":true,"href":"https:\/\/morenoprimero.com.ar\/archivo\/wp-json\/wp\/v2\/tags?post=3532"}],"curies":[{"name":"wp","href":"https:\/\/api.w.org\/{rel}","templated":true}]}}