{"id":35309,"date":"2022-12-28T13:56:26","date_gmt":"2022-12-28T16:56:26","guid":{"rendered":"https:\/\/morenoprimero.com.ar\/?p=35309"},"modified":"2022-12-28T13:56:27","modified_gmt":"2022-12-28T16:56:27","slug":"desarrollo-social-acordo-con-los-movimientos-sociales-el-pago-de-un-bono","status":"publish","type":"post","link":"https:\/\/morenoprimero.com.ar\/archivo\/desarrollo-social-acordo-con-los-movimientos-sociales-el-pago-de-un-bono\/","title":{"rendered":"Desarrollo Social acord\u00f3 con los Movimientos Sociales\u00a0el pago de un bono"},"content":{"rendered":"\n<p>Los Movimientos Sociales nucleados en la Uni\u00f3n de Trabajadores de la Econom\u00eda Popular (UTEP), entre los que se encuentra el Movimiento Evita, firmaron un acta de acuerdo de seis puntos con la ministra Tolosa Paz, entre los que se destaca el pago de un bono de $13.000 en el mes de marzo.&nbsp;<\/p>\n\n\n\n<p>El Ministerio de Desarrollo Social acord\u00f3 el pago de un bono a los titulares del programa Potenciar Trabajo que se cobrar\u00e1 en&nbsp;marzo del 2023, luego de un encuentro que mantuvo con integrantes de la Uni\u00f3n de Trabajadores y Trabajadoras de la Econom\u00eda Popular (UTEP), integrada por el Movimiento Evita, Somos Barrios de Pie, la Corriente Clasista Combativa (CCC), y el Movimiento de Trabajadores Excluidos (MTE).&nbsp;<\/p>\n\n\n\n<p>La ministra Victoria Tolosa Paz, acord\u00f3 con las y los dirigentes de los Movimientos Sociales, un acta de seis puntos en el que se destac\u00f3 el pago de $13.000 pesos para los beneficiarios, adem\u00e1s de la entrega de herramientas y maquinaria. &nbsp;<\/p>\n\n\n\n<p><strong>Los seis puntos de acuerdo entre Desarrollo Social y los Movimientos Sociales: &nbsp;<\/strong><\/p>\n\n\n\n<p>los seis puntos acordados con Tolosa Paz:&nbsp;<\/p>\n\n\n\n<p>-La entrega para confecci\u00f3n de guardapolvos y otros de compre estatal, para ser producidos por cooperativas textiles.&nbsp;<\/p>\n\n\n\n<p>-Un bono del mismo tenor al \u00faltimo abonado, a cobrarse junto al sueldo del mes de marzo de 2023 (para los beneficiarios del Potenciar Trabajo).&nbsp;<\/p>\n\n\n\n<p>&#8211; Pago de la totalidad de los expedientes (entrega de herramientas y m\u00e1quinas) a cobrarse con el presupuesto del corriente a\u00f1o.&nbsp;<\/p>\n\n\n\n<p>-La compra de bolsones de frutas y verduras producidas exclusivamente por cooperativas agrarias de manera mensual.&nbsp;<\/p>\n\n\n\n<p>-Desarrollo y construcci\u00f3n de m\u00f3dulos h\u00famedos (ba\u00f1os) en barrios populares.&nbsp;<\/p>\n\n\n\n<p>-Discusi\u00f3n, resoluci\u00f3n y reglamentaci\u00f3n del programa Potenciar Trabajo.&nbsp;<\/p>\n\n\n\n<figure class=\"wp-block-image size-full\"><a href=\"https:\/\/morenoprimero.com.ar\/wp-content\/uploads\/2022\/12\/image-11.png\"><img loading=\"lazy\" decoding=\"async\" width=\"768\" height=\"432\" src=\"https:\/\/morenoprimero.com.ar\/wp-content\/uploads\/2022\/12\/image-11.png\" alt=\"\" class=\"wp-image-35310\" srcset=\"https:\/\/morenoprimero.com.ar\/archivo\/wp-content\/uploads\/2022\/12\/image-11.png 768w, https:\/\/morenoprimero.com.ar\/archivo\/wp-content\/uploads\/2022\/12\/image-11-300x169.png 300w\" sizes=\"auto, (max-width: 768px) 100vw, 768px\" \/><\/a><\/figure>\n\n\n\n<p><\/p>\n","protected":false},"excerpt":{"rendered":"<p>Los Movimientos Sociales nucleados en la Uni\u00f3n de Trabajadores de la Econom\u00eda Popular (UTEP), entre los que se encuentra el Movimiento Evita, firmaron un acta de acuerdo de seis puntos con la ministra Tolosa Paz, entre los que se destaca &hellip; <a href=\"https:\/\/morenoprimero.com.ar\/archivo\/desarrollo-social-acordo-con-los-movimientos-sociales-el-pago-de-un-bono\/\">Sigue leyendo <span class=\"meta-nav\">&rarr;<\/span><\/a><\/p>\n","protected":false},"author":6,"featured_media":35311,"comment_status":"closed","ping_status":"closed","sticky":false,"template":"","format":"standard","meta":{"footnotes":""},"categories":[21],"tags":[1352,2774],"class_list":["post-35309","post","type-post","status-publish","format-standard","has-post-thumbnail","hentry","category-interes-general","tag-desarrollo-social","tag-movimientos-sociales"],"_links":{"self":[{"href":"https:\/\/morenoprimero.com.ar\/archivo\/wp-json\/wp\/v2\/posts\/35309","targetHints":{"allow":["GET"]}}],"collection":[{"href":"https:\/\/morenoprimero.com.ar\/archivo\/wp-json\/wp\/v2\/posts"}],"about":[{"href":"https:\/\/morenoprimero.com.ar\/archivo\/wp-json\/wp\/v2\/types\/post"}],"author":[{"embeddable":true,"href":"https:\/\/morenoprimero.com.ar\/archivo\/wp-json\/wp\/v2\/users\/6"}],"replies":[{"embeddable":true,"href":"https:\/\/morenoprimero.com.ar\/archivo\/wp-json\/wp\/v2\/comments?post=35309"}],"version-history":[{"count":5,"href":"https:\/\/morenoprimero.com.ar\/archivo\/wp-json\/wp\/v2\/posts\/35309\/revisions"}],"predecessor-version":[{"id":35318,"href":"https:\/\/morenoprimero.com.ar\/archivo\/wp-json\/wp\/v2\/posts\/35309\/revisions\/35318"}],"wp:featuredmedia":[{"embeddable":true,"href":"https:\/\/morenoprimero.com.ar\/archivo\/wp-json\/wp\/v2\/media\/35311"}],"wp:attachment":[{"href":"https:\/\/morenoprimero.com.ar\/archivo\/wp-json\/wp\/v2\/media?parent=35309"}],"wp:term":[{"taxonomy":"category","embeddable":true,"href":"https:\/\/morenoprimero.com.ar\/archivo\/wp-json\/wp\/v2\/categories?post=35309"},{"taxonomy":"post_tag","embeddable":true,"href":"https:\/\/morenoprimero.com.ar\/archivo\/wp-json\/wp\/v2\/tags?post=35309"}],"curies":[{"name":"wp","href":"https:\/\/api.w.org\/{rel}","templated":true}]}}