{"id":35186,"date":"2022-12-21T15:40:02","date_gmt":"2022-12-21T18:40:02","guid":{"rendered":"https:\/\/morenoprimero.com.ar\/?p=35186"},"modified":"2022-12-21T15:41:49","modified_gmt":"2022-12-21T18:41:49","slug":"se-realizo-el-cierre-de-ano-de-casa-pueblo-moreno","status":"publish","type":"post","link":"https:\/\/morenoprimero.com.ar\/archivo\/se-realizo-el-cierre-de-ano-de-casa-pueblo-moreno\/","title":{"rendered":"Se realiz\u00f3 el cierre de a\u00f1o de Casa Pueblo Moreno"},"content":{"rendered":"\n<p>El Municipio de Moreno, a trav\u00e9s de la Secretaria de Desarrollo Comunitario, realiz\u00f3 el cierre anual de Casa Pueblo Moreno bajo el lema \u201cConstruyendo Sue\u00f1os\u201d con la participaci\u00f3n de casi 600 chicos y chicas. Mas de 100 mil morenenses fueron asesorados en este espacio integral para personas y sus respectivas familias, atravesadas por el consumo de sustancias.<\/p>\n\n\n\n<p>En un evento deportivo y recreativo para los chicos, donde hubieron juegos de mesa, f\u00fatbol, v\u00f3ley, torneo de penales y otros juegos; entrega de trofeos, zapatillas y parlantes, y un reconocimiento a las y los referentes de cada dispositivo y a las autoridades de diferentes \u00e1reas que participaron en la actividad.<\/p>\n\n\n\n<p>Casa Pueblo es un espacio de abordaje integral y comunitario pensado para las personas y sus respectivas familias atravesadas por el consumo de sustancias. Comenz\u00f3 como organizaci\u00f3n social y hoy ya es una pol\u00edtica municipal que actualmente cuenta con 39 dispositivos de escucha, m\u00e1s de 900 personas acompa\u00f1adas y la ampliaci\u00f3n de jornadas de difusi\u00f3n y asesor\u00eda para m\u00e1s de 100 mil vecinos y vecinas de moreno.<\/p>\n\n\n\n<p>Cuenta con un equipo multidisciplinario con el que llega a cada espacio donde sea necesario problematizar y reflexionar sobre la tem\u00e1tica del consumo y las adicciones.<\/p>\n\n\n\n<p>Para cumplir con la meta de seguir ampliando estos espacios a partir de febrero de 2023 comenzaran las formaciones para preventores y preventoras, y las jornadas de capacitaci\u00f3n a vecinos y vecinas de la comunidad.<\/p>\n\n\n\n<p>De esta manera, el gobierno local implementa pol\u00edticas de cuidado comunitario para los y las vecinas de Moreno.<\/p>\n\n\n\n<p>Canales de Contacto Subsecretaria Casa Pueblo:<\/p>\n\n\n\n<p>Independencia 674, entre Belgrano y Espa\u00f1a<\/p>\n\n\n\n<p>Subsecretariacasapueblo.moreno@gmail.com<\/p>\n\n\n\n<p>Tel\u00e9fonos \u00datiles: (de Lunes a Viernes de 8 a 16hs)<\/p>\n\n\n\n<p>0237-4669122<\/p>\n\n\n\n<p>0237-4669100 Int: 1169\/1170<\/p>\n\n\n\n<p>Guardia 24hs: 11 39385056<\/p>\n\n\n\n<figure class=\"wp-block-gallery has-nested-images columns-default is-cropped wp-block-gallery-1 is-layout-flex wp-block-gallery-is-layout-flex\">\n<figure class=\"wp-block-image size-large\"><a href=\"https:\/\/morenoprimero.com.ar\/wp-content\/uploads\/2022\/12\/WhatsApp-Image-2022-12-19-at-17.26.14-3.jpeg\"><img loading=\"lazy\" decoding=\"async\" width=\"1024\" height=\"682\" data-id=\"35190\" src=\"https:\/\/morenoprimero.com.ar\/wp-content\/uploads\/2022\/12\/WhatsApp-Image-2022-12-19-at-17.26.14-3-1024x682.jpeg\" alt=\"\" class=\"wp-image-35190\" srcset=\"https:\/\/morenoprimero.com.ar\/archivo\/wp-content\/uploads\/2022\/12\/WhatsApp-Image-2022-12-19-at-17.26.14-3-1024x682.jpeg 1024w, https:\/\/morenoprimero.com.ar\/archivo\/wp-content\/uploads\/2022\/12\/WhatsApp-Image-2022-12-19-at-17.26.14-3-300x200.jpeg 300w, https:\/\/morenoprimero.com.ar\/archivo\/wp-content\/uploads\/2022\/12\/WhatsApp-Image-2022-12-19-at-17.26.14-3-768x512.jpeg 768w, https:\/\/morenoprimero.com.ar\/archivo\/wp-content\/uploads\/2022\/12\/WhatsApp-Image-2022-12-19-at-17.26.14-3.jpeg 1280w\" sizes=\"auto, (max-width: 1024px) 100vw, 1024px\" \/><\/a><\/figure>\n\n\n\n<figure class=\"wp-block-image size-large\"><a href=\"https:\/\/morenoprimero.com.ar\/wp-content\/uploads\/2022\/12\/WhatsApp-Image-2022-12-19-at-17.26.14-2.jpeg\"><img loading=\"lazy\" decoding=\"async\" width=\"1024\" height=\"682\" data-id=\"35192\" src=\"https:\/\/morenoprimero.com.ar\/wp-content\/uploads\/2022\/12\/WhatsApp-Image-2022-12-19-at-17.26.14-2-1024x682.jpeg\" alt=\"\" class=\"wp-image-35192\" srcset=\"https:\/\/morenoprimero.com.ar\/archivo\/wp-content\/uploads\/2022\/12\/WhatsApp-Image-2022-12-19-at-17.26.14-2-1024x682.jpeg 1024w, https:\/\/morenoprimero.com.ar\/archivo\/wp-content\/uploads\/2022\/12\/WhatsApp-Image-2022-12-19-at-17.26.14-2-300x200.jpeg 300w, https:\/\/morenoprimero.com.ar\/archivo\/wp-content\/uploads\/2022\/12\/WhatsApp-Image-2022-12-19-at-17.26.14-2-768x512.jpeg 768w, https:\/\/morenoprimero.com.ar\/archivo\/wp-content\/uploads\/2022\/12\/WhatsApp-Image-2022-12-19-at-17.26.14-2.jpeg 1280w\" sizes=\"auto, (max-width: 1024px) 100vw, 1024px\" \/><\/a><\/figure>\n\n\n\n<figure class=\"wp-block-image size-large\"><a href=\"https:\/\/morenoprimero.com.ar\/wp-content\/uploads\/2022\/12\/WhatsApp-Image-2022-12-19-at-17.26.14.jpeg\"><img loading=\"lazy\" decoding=\"async\" width=\"1024\" height=\"682\" data-id=\"35193\" src=\"https:\/\/morenoprimero.com.ar\/wp-content\/uploads\/2022\/12\/WhatsApp-Image-2022-12-19-at-17.26.14-1024x682.jpeg\" alt=\"\" class=\"wp-image-35193\" srcset=\"https:\/\/morenoprimero.com.ar\/archivo\/wp-content\/uploads\/2022\/12\/WhatsApp-Image-2022-12-19-at-17.26.14-1024x682.jpeg 1024w, https:\/\/morenoprimero.com.ar\/archivo\/wp-content\/uploads\/2022\/12\/WhatsApp-Image-2022-12-19-at-17.26.14-300x200.jpeg 300w, https:\/\/morenoprimero.com.ar\/archivo\/wp-content\/uploads\/2022\/12\/WhatsApp-Image-2022-12-19-at-17.26.14-768x512.jpeg 768w, https:\/\/morenoprimero.com.ar\/archivo\/wp-content\/uploads\/2022\/12\/WhatsApp-Image-2022-12-19-at-17.26.14.jpeg 1280w\" sizes=\"auto, (max-width: 1024px) 100vw, 1024px\" \/><\/a><\/figure>\n<\/figure>\n","protected":false},"excerpt":{"rendered":"<p>El Municipio de Moreno, a trav\u00e9s de la Secretaria de Desarrollo Comunitario, realiz\u00f3 el cierre anual de Casa Pueblo Moreno bajo el lema \u201cConstruyendo Sue\u00f1os\u201d con la participaci\u00f3n de casi 600 chicos y chicas. Mas de 100 mil morenenses fueron &hellip; <a href=\"https:\/\/morenoprimero.com.ar\/archivo\/se-realizo-el-cierre-de-ano-de-casa-pueblo-moreno\/\">Sigue leyendo <span class=\"meta-nav\">&rarr;<\/span><\/a><\/p>\n","protected":false},"author":6,"featured_media":35191,"comment_status":"closed","ping_status":"closed","sticky":false,"template":"","format":"standard","meta":{"footnotes":""},"categories":[2328],"tags":[4400],"class_list":["post-35186","post","type-post","status-publish","format-standard","has-post-thumbnail","hentry","category-local","tag-casa-pueblo-moreno"],"_links":{"self":[{"href":"https:\/\/morenoprimero.com.ar\/archivo\/wp-json\/wp\/v2\/posts\/35186","targetHints":{"allow":["GET"]}}],"collection":[{"href":"https:\/\/morenoprimero.com.ar\/archivo\/wp-json\/wp\/v2\/posts"}],"about":[{"href":"https:\/\/morenoprimero.com.ar\/archivo\/wp-json\/wp\/v2\/types\/post"}],"author":[{"embeddable":true,"href":"https:\/\/morenoprimero.com.ar\/archivo\/wp-json\/wp\/v2\/users\/6"}],"replies":[{"embeddable":true,"href":"https:\/\/morenoprimero.com.ar\/archivo\/wp-json\/wp\/v2\/comments?post=35186"}],"version-history":[{"count":4,"href":"https:\/\/morenoprimero.com.ar\/archivo\/wp-json\/wp\/v2\/posts\/35186\/revisions"}],"predecessor-version":[{"id":35214,"href":"https:\/\/morenoprimero.com.ar\/archivo\/wp-json\/wp\/v2\/posts\/35186\/revisions\/35214"}],"wp:featuredmedia":[{"embeddable":true,"href":"https:\/\/morenoprimero.com.ar\/archivo\/wp-json\/wp\/v2\/media\/35191"}],"wp:attachment":[{"href":"https:\/\/morenoprimero.com.ar\/archivo\/wp-json\/wp\/v2\/media?parent=35186"}],"wp:term":[{"taxonomy":"category","embeddable":true,"href":"https:\/\/morenoprimero.com.ar\/archivo\/wp-json\/wp\/v2\/categories?post=35186"},{"taxonomy":"post_tag","embeddable":true,"href":"https:\/\/morenoprimero.com.ar\/archivo\/wp-json\/wp\/v2\/tags?post=35186"}],"curies":[{"name":"wp","href":"https:\/\/api.w.org\/{rel}","templated":true}]}}