{"id":3516,"date":"2020-10-06T19:22:59","date_gmt":"2020-10-06T19:22:59","guid":{"rendered":"https:\/\/morenoprimero.com.ar\/?p=3516"},"modified":"2020-10-06T19:23:00","modified_gmt":"2020-10-06T19:23:00","slug":"en-octubre-habra-dos-remedios-nacionales-para-tratar-el-coronavirus","status":"publish","type":"post","link":"https:\/\/morenoprimero.com.ar\/archivo\/en-octubre-habra-dos-remedios-nacionales-para-tratar-el-coronavirus\/","title":{"rendered":"EN OCTUBRE HABR\u00c1 DOS REMEDIOS NACIONALES PARA TRATAR EL CORONAVIRUS"},"content":{"rendered":"\n<h4 class=\"wp-block-heading\"><strong>El ministro de Salud de la Naci\u00f3n, Gin\u00e9s Gonz\u00e1lez Garc\u00eda, asegur\u00f3 que este mes se pondr\u00e1n a disposici\u00f3n&nbsp;dos medicamentos de producci\u00f3n nacional contra el covid-19.<\/strong><\/h4>\n\n\n\n<figure class=\"wp-block-image size-large\"><img loading=\"lazy\" decoding=\"async\" width=\"1024\" height=\"576\" src=\"https:\/\/morenoprimero.com.ar\/wp-content\/uploads\/2020\/10\/GONZA-1024x576.jpg\" alt=\"\" class=\"wp-image-3517\" srcset=\"https:\/\/morenoprimero.com.ar\/archivo\/wp-content\/uploads\/2020\/10\/GONZA-1024x576.jpg 1024w, https:\/\/morenoprimero.com.ar\/archivo\/wp-content\/uploads\/2020\/10\/GONZA-300x169.jpg 300w, https:\/\/morenoprimero.com.ar\/archivo\/wp-content\/uploads\/2020\/10\/GONZA-768x432.jpg 768w, https:\/\/morenoprimero.com.ar\/archivo\/wp-content\/uploads\/2020\/10\/GONZA.jpg 1200w\" sizes=\"auto, (max-width: 1024px) 100vw, 1024px\" \/><\/figure>\n\n\n\n<p><strong>Gin\u00e9s Gonz\u00e1lez Garc\u00eda<\/strong>, ministro de salud, asegur\u00f3 que este mes se pondr\u00e1 a disposici\u00f3n dos medicamentos de producci\u00f3n nacional para tratar el covid-19. Seg\u00fan detall\u00f3 en una entrevista a <strong>LM Neuqu\u00e9n<\/strong>, los f\u00e1rmacos \u00ab<strong>no son espec\u00edficos<\/strong>\u00bb para el coronavirus pero son utilizados en un tratamiento contra esta enfermedad que&nbsp;<strong>\u00abfunciona muy bien\u00bb<\/strong>.<\/p>\n\n\n\n<p>Para la&nbsp;<strong>vacuna<\/strong>, aclar\u00f3, habr\u00e1 que esperar a \u00ab<strong>fin de a\u00f1o o principios del a\u00f1o que viene<\/strong>\u00ab. \u00abCon las vacunas quiero ser claro: nosotros estamos&nbsp;<strong>negociando con todos los proveedores<\/strong>, l\u00f3gicamente con la exigencia de que la vacuna tenga los est\u00e1ndares de aprobaci\u00f3n exigidos a nivel mundial, no hay ninguna vacuna que haya logrado esto todav\u00eda\u201d, advirti\u00f3 durante la entrevista.<\/p>\n\n\n\n<p>Por otro lado, el ministro insisti\u00f3 en que \u00ablo m\u00e1s importante es la prevenci\u00f3n\u00bb y sostuvo que \u00ab<strong>ahora no necesitamos insumos ni faltan elementos, como respiradores. Lo que falta es recurso humano<\/strong>\u00ab.<\/p>\n\n\n\n<p>Por eso, insisti\u00f3, \u00ab<strong>hay que cuidarlo mucho, porque es dif\u00edcil de hacer, demora a\u00f1os en formarse, porque tiene m\u00e1s exposici\u00f3n al riesgo que el resto<\/strong>\u201d.<\/p>\n","protected":false},"excerpt":{"rendered":"<p>El ministro de Salud de la Naci\u00f3n, Gin\u00e9s Gonz\u00e1lez Garc\u00eda, asegur\u00f3 que este mes se pondr\u00e1n a disposici\u00f3n&nbsp;dos medicamentos de producci\u00f3n nacional contra el covid-19. Gin\u00e9s Gonz\u00e1lez Garc\u00eda, ministro de salud, asegur\u00f3 que este mes se pondr\u00e1 a disposici\u00f3n dos &hellip; <a href=\"https:\/\/morenoprimero.com.ar\/archivo\/en-octubre-habra-dos-remedios-nacionales-para-tratar-el-coronavirus\/\">Sigue leyendo <span class=\"meta-nav\">&rarr;<\/span><\/a><\/p>\n","protected":false},"author":6,"featured_media":3522,"comment_status":"open","ping_status":"open","sticky":false,"template":"","format":"standard","meta":{"footnotes":""},"categories":[5,536,20],"tags":[26,854,853],"class_list":["post-3516","post","type-post","status-publish","format-standard","has-post-thumbnail","hentry","category-recomendadas","category-salud","category-sociedad","tag-coronavirus","tag-medicamentos-de-produccion-nacional","tag-ministerio-de-salud-de-la-nacion"],"_links":{"self":[{"href":"https:\/\/morenoprimero.com.ar\/archivo\/wp-json\/wp\/v2\/posts\/3516","targetHints":{"allow":["GET"]}}],"collection":[{"href":"https:\/\/morenoprimero.com.ar\/archivo\/wp-json\/wp\/v2\/posts"}],"about":[{"href":"https:\/\/morenoprimero.com.ar\/archivo\/wp-json\/wp\/v2\/types\/post"}],"author":[{"embeddable":true,"href":"https:\/\/morenoprimero.com.ar\/archivo\/wp-json\/wp\/v2\/users\/6"}],"replies":[{"embeddable":true,"href":"https:\/\/morenoprimero.com.ar\/archivo\/wp-json\/wp\/v2\/comments?post=3516"}],"version-history":[{"count":3,"href":"https:\/\/morenoprimero.com.ar\/archivo\/wp-json\/wp\/v2\/posts\/3516\/revisions"}],"predecessor-version":[{"id":3669,"href":"https:\/\/morenoprimero.com.ar\/archivo\/wp-json\/wp\/v2\/posts\/3516\/revisions\/3669"}],"wp:featuredmedia":[{"embeddable":true,"href":"https:\/\/morenoprimero.com.ar\/archivo\/wp-json\/wp\/v2\/media\/3522"}],"wp:attachment":[{"href":"https:\/\/morenoprimero.com.ar\/archivo\/wp-json\/wp\/v2\/media?parent=3516"}],"wp:term":[{"taxonomy":"category","embeddable":true,"href":"https:\/\/morenoprimero.com.ar\/archivo\/wp-json\/wp\/v2\/categories?post=3516"},{"taxonomy":"post_tag","embeddable":true,"href":"https:\/\/morenoprimero.com.ar\/archivo\/wp-json\/wp\/v2\/tags?post=3516"}],"curies":[{"name":"wp","href":"https:\/\/api.w.org\/{rel}","templated":true}]}}