{"id":35135,"date":"2022-12-19T11:04:16","date_gmt":"2022-12-19T14:04:16","guid":{"rendered":"https:\/\/morenoprimero.com.ar\/?p=35135"},"modified":"2022-12-19T11:04:17","modified_gmt":"2022-12-19T14:04:17","slug":"argentina-ya-salio-campeon-y-todo-el-pueblo-de-moreno-celebro","status":"publish","type":"post","link":"https:\/\/morenoprimero.com.ar\/archivo\/argentina-ya-salio-campeon-y-todo-el-pueblo-de-moreno-celebro\/","title":{"rendered":"Argentina ya sali\u00f3 campe\u00f3n, y todo el pueblo de Moreno celebr\u00f3\u00a0"},"content":{"rendered":"\n<p>La selecci\u00f3n argentina de f\u00fatbol gan\u00f3 por penales a Francia la final de la copa del Mundo. Miles de morenenses coparon las calles c\u00e9ntricas de la ciudad para celebrar.&nbsp;<\/p>\n\n\n\n<p>La final del mundo tuvo sus momentos de m\u00e1xima tensi\u00f3n: Luego de un primer tiempo donde el conjunto argentino se fue con ventaja de dos goles al vestuario, los franceses empataron en el segundo tiempo. En el alarge, la selecci\u00f3n se puso en ventaja por un gol, y al final del partido los franceses lo empataron de nuevo. &nbsp;<\/p>\n\n\n\n<p>Sin embargo, la albiceleste fue superior en todos los aspectos. Totalmente merecida, Argentina se qued\u00f3&nbsp;con la copa del mundo en la tanda de penales al imponerse por 4-2 ante Les Blues. Se hizo justicia, Argentina gan\u00f3 el Mundial Qatar 2022.&nbsp;<\/p>\n\n\n\n<p>Por tercera vez en su historia, Argentina es campe\u00f3n mundial y lo celebraron en todo el mundo. Todo el pueblo morenense sali\u00f3 a celebrar a la zona c\u00e9ntrica de la ciudad, con familia, con amigos, con vecinos y vecinas del barrio, Moreno fue pura alegr\u00eda. &nbsp;<\/p>\n\n\n\n<figure class=\"wp-block-gallery has-nested-images columns-default is-cropped wp-block-gallery-1 is-layout-flex wp-block-gallery-is-layout-flex\">\n<figure class=\"wp-block-image size-full\"><a href=\"https:\/\/morenoprimero.com.ar\/wp-content\/uploads\/2022\/12\/Argentina-Campeon.jpg\"><img loading=\"lazy\" decoding=\"async\" width=\"720\" height=\"819\" data-id=\"35139\" src=\"https:\/\/morenoprimero.com.ar\/wp-content\/uploads\/2022\/12\/Argentina-Campeon.jpg\" alt=\"\" class=\"wp-image-35139\" srcset=\"https:\/\/morenoprimero.com.ar\/archivo\/wp-content\/uploads\/2022\/12\/Argentina-Campeon.jpg 720w, https:\/\/morenoprimero.com.ar\/archivo\/wp-content\/uploads\/2022\/12\/Argentina-Campeon-264x300.jpg 264w\" sizes=\"auto, (max-width: 720px) 100vw, 720px\" \/><\/a><\/figure>\n\n\n\n<figure class=\"wp-block-image size-large\"><a href=\"https:\/\/morenoprimero.com.ar\/wp-content\/uploads\/2022\/12\/Argentina-campeon-3.jpg\"><img loading=\"lazy\" decoding=\"async\" width=\"720\" height=\"883\" data-id=\"35136\" src=\"https:\/\/morenoprimero.com.ar\/wp-content\/uploads\/2022\/12\/Argentina-campeon-3.jpg\" alt=\"\" class=\"wp-image-35136\" srcset=\"https:\/\/morenoprimero.com.ar\/archivo\/wp-content\/uploads\/2022\/12\/Argentina-campeon-3.jpg 720w, https:\/\/morenoprimero.com.ar\/archivo\/wp-content\/uploads\/2022\/12\/Argentina-campeon-3-245x300.jpg 245w\" sizes=\"auto, (max-width: 720px) 100vw, 720px\" \/><\/a><\/figure>\n\n\n\n<figure class=\"wp-block-image size-large\"><a href=\"https:\/\/morenoprimero.com.ar\/wp-content\/uploads\/2022\/12\/Argentina-campeon-5.jpg\"><img loading=\"lazy\" decoding=\"async\" width=\"634\" height=\"881\" data-id=\"35138\" src=\"https:\/\/morenoprimero.com.ar\/wp-content\/uploads\/2022\/12\/Argentina-campeon-5.jpg\" alt=\"\" class=\"wp-image-35138\" srcset=\"https:\/\/morenoprimero.com.ar\/archivo\/wp-content\/uploads\/2022\/12\/Argentina-campeon-5.jpg 634w, https:\/\/morenoprimero.com.ar\/archivo\/wp-content\/uploads\/2022\/12\/Argentina-campeon-5-216x300.jpg 216w\" sizes=\"auto, (max-width: 634px) 100vw, 634px\" \/><\/a><\/figure>\n<\/figure>\n","protected":false},"excerpt":{"rendered":"<p>La selecci\u00f3n argentina de f\u00fatbol gan\u00f3 por penales a Francia la final de la copa del Mundo. Miles de morenenses coparon las calles c\u00e9ntricas de la ciudad para celebrar.&nbsp; La final del mundo tuvo sus momentos de m\u00e1xima tensi\u00f3n: Luego &hellip; <a href=\"https:\/\/morenoprimero.com.ar\/archivo\/argentina-ya-salio-campeon-y-todo-el-pueblo-de-moreno-celebro\/\">Sigue leyendo <span class=\"meta-nav\">&rarr;<\/span><\/a><\/p>\n","protected":false},"author":6,"featured_media":35137,"comment_status":"open","ping_status":"open","sticky":false,"template":"","format":"standard","meta":{"footnotes":""},"categories":[1],"tags":[],"class_list":["post-35135","post","type-post","status-publish","format-standard","has-post-thumbnail","hentry","category-sin-categoria"],"_links":{"self":[{"href":"https:\/\/morenoprimero.com.ar\/archivo\/wp-json\/wp\/v2\/posts\/35135","targetHints":{"allow":["GET"]}}],"collection":[{"href":"https:\/\/morenoprimero.com.ar\/archivo\/wp-json\/wp\/v2\/posts"}],"about":[{"href":"https:\/\/morenoprimero.com.ar\/archivo\/wp-json\/wp\/v2\/types\/post"}],"author":[{"embeddable":true,"href":"https:\/\/morenoprimero.com.ar\/archivo\/wp-json\/wp\/v2\/users\/6"}],"replies":[{"embeddable":true,"href":"https:\/\/morenoprimero.com.ar\/archivo\/wp-json\/wp\/v2\/comments?post=35135"}],"version-history":[{"count":3,"href":"https:\/\/morenoprimero.com.ar\/archivo\/wp-json\/wp\/v2\/posts\/35135\/revisions"}],"predecessor-version":[{"id":35144,"href":"https:\/\/morenoprimero.com.ar\/archivo\/wp-json\/wp\/v2\/posts\/35135\/revisions\/35144"}],"wp:featuredmedia":[{"embeddable":true,"href":"https:\/\/morenoprimero.com.ar\/archivo\/wp-json\/wp\/v2\/media\/35137"}],"wp:attachment":[{"href":"https:\/\/morenoprimero.com.ar\/archivo\/wp-json\/wp\/v2\/media?parent=35135"}],"wp:term":[{"taxonomy":"category","embeddable":true,"href":"https:\/\/morenoprimero.com.ar\/archivo\/wp-json\/wp\/v2\/categories?post=35135"},{"taxonomy":"post_tag","embeddable":true,"href":"https:\/\/morenoprimero.com.ar\/archivo\/wp-json\/wp\/v2\/tags?post=35135"}],"curies":[{"name":"wp","href":"https:\/\/api.w.org\/{rel}","templated":true}]}}