{"id":35069,"date":"2022-12-16T08:19:24","date_gmt":"2022-12-16T11:19:24","guid":{"rendered":"https:\/\/morenoprimero.com.ar\/?p=35069"},"modified":"2022-12-16T08:21:07","modified_gmt":"2022-12-16T11:21:07","slug":"el-avance-de-las-obras-publicas-trae-mejoras-en-la-ciudad-y-en-la-calidad-de-vida-de-las-y-los-vecinos","status":"publish","type":"post","link":"https:\/\/morenoprimero.com.ar\/archivo\/el-avance-de-las-obras-publicas-trae-mejoras-en-la-ciudad-y-en-la-calidad-de-vida-de-las-y-los-vecinos\/","title":{"rendered":"El avance de las obras p\u00fablicas trae mejoras en la ciudad y en la calidad de vida de las y los vecinos"},"content":{"rendered":"\n<p>A trav\u00e9s de la Secretar\u00eda de Obras y Servicios P\u00fablicos municipal, se llevaron a cabo, durante las \u00faltimas semanas, distintas actividades y tareas de manutenci\u00f3n en las distintas localidades de la ciudad, en articulaci\u00f3n con beneficiarias y beneficiarios del programa Potenciar Trabajo, atendiendo las demandas de la comunidad morenense.<\/p>\n\n\n\n<p>El Gobierno municipal puso en marcha una serie de proyectos entre las que se encuentran las obras de pavimentaci\u00f3n y perfilado de calles (que se vienen efectuando desde hace unos meses), la recolecci\u00f3n de mont\u00edculos de ramas, barrido de calles, corte de pasto en espacios verdes, erradicaci\u00f3n de basurales, y operativos de luminaria. A su vez, en articulaci\u00f3n con la Secretar\u00eda de Desarrollo Comunitario se desarrollaron distintas actividades recreativas para la comunidad morenense en relaci\u00f3n al mes de Promoci\u00f3n de los Derechos de las Personas con Discapacidad. Y adem\u00e1s, en todo el distrito comenz\u00f3 el programa Comprar Barato, en el cual la comunidad podr\u00e1 acceder a precios justos de distintos cortes de carne.<\/p>\n\n\n\n<p>Desde Moreno Norte se realizaron tareas de mantenimiento, junto a la Agrupaci\u00f3n Fuerza Unida, de corte de pasto, y marcaci\u00f3n de cord\u00f3n y vereda en Storni, en la Plaza 25 de Mayo, como la colocaci\u00f3n de luminarias, para que las y los vecinos puedan transitar de una manera segura, y recolecci\u00f3n de mont\u00edculos de ramas en el barrio 2000 Norte. A su vez, se llevo a cabo la Expo de Trabajos 2022, donde se presentaron distintas producciones de las y los estudiantes del Centro de Formaci\u00f3n Profesional Municipal \u00abLa Agraria\u00bb. Por otro lado, se realizaron tareas de mantenimiento de la Escuela N\u00ba 50 del Barrio Lomas.<\/p>\n\n\n\n<p>Desde Moreno Sur, se asfalt\u00f3 la calle Diagonal del Ca\u00f1\u00f3n a trav\u00e9s del material producido en la asfaltera municipal y las maquinarias, junto al personal de la Secretaria de Obras y Servicios P\u00fablicos. Ademas, se realiz\u00f3 el Festival Tradicionalista de Cascallares 2022 que cont\u00f3 con la presencia de artistas y bandas locales. <\/p>\n\n\n\n<p>Desde la delegacion de Moreno Centro se acompa\u00f1\u00f3 al Pre Cosquin 2023, durante 3 dias consecutivos, en el club recreativo Los Indios, que cont\u00f3 con la tarea de armado de los pisos, mantenimiento y limpieza de ba\u00f1os y pisos entre la entrada y salida de cada participante y el desarmado del mismo. Por otra parte, se realizaron tareas de limpieza y embellecimiento en la Av. Victorica, desde Av. Piovano hasta Colectora, y de la plazoleta Soldado Cuevas. Y se realiz\u00f3 la limpieza y erradicacion de los escombros que hab\u00eda en Plaza Mariano Moreno, la limpieza en la Escuela Belgrano, el corte de pasto en Boulevard Evita desde la calle Belgrano hasta Rivadavia, se barrio la calle Emilio Mitre desde la calle Doctor Vera hasta Mart\u00ednez Melo.<\/p>\n\n\n\n<p>La delegacion de La Reja, junto a las cuadrillas descentralizadas, llevaron adelante una jornada en conjunto de limpieza, corte de pasto y erradicaci\u00f3n de microbasurales en el barrio procrear de ampliaci\u00f3n Reja Grande. A su vez, en Reja Grande, se recuper\u00f3 una antig\u00fca propiedad que pronto ser\u00e1 un espacio recreativo para la comunidad, gracias al trabajo articulado entre las y los vecinos, el estado municipal y el HCD. Por otro lado, se realiz\u00f3 un nuevo operativo con presencia de las distintas \u00e1reas muncipales \u00abAmor Por el Barrio\u00bb en la Plaza Comunitaria del B\u00b0 Cortejarena. Y adem\u00e1s, se dio comienzo a la obra de ampliaci\u00f3n en la EP N\u00b029 de Reja Grande. Con esta obra se contar\u00e1 con seis nuevas aulas compartidas con la ES 35 y sanitarios nuevos.<\/p>\n\n\n\n<p>Desde la delegacion de Paso del Rey, se llevaron a cabo&nbsp;distintos trabajos de recolecci\u00f3n de ramas, basurales y escombros, desmalezamiemtos y embellecimiento de plazas ,salitas, jard\u00edn y escuelas. Y se hicieron entrega de los periodicos locales con el fin de informar a la comunidad sobre los avances que se vienen dando.<\/p>\n\n\n\n<p>Desde la delegacion de Trujui, junto con el trabajo de compa\u00f1eras y compa\u00f1eros del Potenciar Trabajo del Movimiento Evita, realizaron la limpieza y recolecci\u00f3n de ramas en la plaza del barrio Las Catonas. A su vez, alli se colocaron nuevas luminarias LED.<\/p>\n\n\n\n<p>Y desde Cuartel V se llev\u00f3 adelante la reparaci\u00f3n de luminarias en los siguientes Barrios: Milenio, San Norberto, Irigoin, Mayor del pino, Anderson, Namuncura, M\u00e1ximo y Jos\u00e9 c Paz; como el corte de pasto mantenimiento y limpieza Sobre Ruta 25 desde Lavalle hasta San Diego. Tambi\u00e9n se realiz\u00f3 el mantenimiento del centro de Salud 6 de Enero, la Capilla de Lourdes y E.E.S N\u00b05 Alfredo Palacio. Por otro lado, junto a la cuadrilla de Obras y Servicios P\u00fablicos, se llevo a cabo 100 metros perfilado, cuneteo y colocaci\u00f3n de material estabilizado sobre Luis Agote desde Discepolo hasta La Pampa. Adem\u00e1s, se desarroll\u00f3 el mantenimiento y corte de pasto en el Polideportivo municipal de Cuartel V, sobre Ruta 24 desde Conscripto Bernardi hasta Araucanos.<\/p>\n\n\n\n<p><\/p>\n\n\n\n<p> <\/p>\n\n\n\n<p><\/p>\n","protected":false},"excerpt":{"rendered":"<p>A trav\u00e9s de la Secretar\u00eda de Obras y Servicios P\u00fablicos municipal, se llevaron a cabo, durante las \u00faltimas semanas, distintas actividades y tareas de manutenci\u00f3n en las distintas localidades de la ciudad, en articulaci\u00f3n con beneficiarias y beneficiarios del programa &hellip; <a href=\"https:\/\/morenoprimero.com.ar\/archivo\/el-avance-de-las-obras-publicas-trae-mejoras-en-la-ciudad-y-en-la-calidad-de-vida-de-las-y-los-vecinos\/\">Sigue leyendo <span class=\"meta-nav\">&rarr;<\/span><\/a><\/p>\n","protected":false},"author":6,"featured_media":35107,"comment_status":"closed","ping_status":"closed","sticky":false,"template":"","format":"standard","meta":{"footnotes":""},"categories":[3,2328],"tags":[],"class_list":["post-35069","post","type-post","status-publish","format-standard","has-post-thumbnail","hentry","category-importantes","category-local"],"_links":{"self":[{"href":"https:\/\/morenoprimero.com.ar\/archivo\/wp-json\/wp\/v2\/posts\/35069","targetHints":{"allow":["GET"]}}],"collection":[{"href":"https:\/\/morenoprimero.com.ar\/archivo\/wp-json\/wp\/v2\/posts"}],"about":[{"href":"https:\/\/morenoprimero.com.ar\/archivo\/wp-json\/wp\/v2\/types\/post"}],"author":[{"embeddable":true,"href":"https:\/\/morenoprimero.com.ar\/archivo\/wp-json\/wp\/v2\/users\/6"}],"replies":[{"embeddable":true,"href":"https:\/\/morenoprimero.com.ar\/archivo\/wp-json\/wp\/v2\/comments?post=35069"}],"version-history":[{"count":7,"href":"https:\/\/morenoprimero.com.ar\/archivo\/wp-json\/wp\/v2\/posts\/35069\/revisions"}],"predecessor-version":[{"id":35111,"href":"https:\/\/morenoprimero.com.ar\/archivo\/wp-json\/wp\/v2\/posts\/35069\/revisions\/35111"}],"wp:featuredmedia":[{"embeddable":true,"href":"https:\/\/morenoprimero.com.ar\/archivo\/wp-json\/wp\/v2\/media\/35107"}],"wp:attachment":[{"href":"https:\/\/morenoprimero.com.ar\/archivo\/wp-json\/wp\/v2\/media?parent=35069"}],"wp:term":[{"taxonomy":"category","embeddable":true,"href":"https:\/\/morenoprimero.com.ar\/archivo\/wp-json\/wp\/v2\/categories?post=35069"},{"taxonomy":"post_tag","embeddable":true,"href":"https:\/\/morenoprimero.com.ar\/archivo\/wp-json\/wp\/v2\/tags?post=35069"}],"curies":[{"name":"wp","href":"https:\/\/api.w.org\/{rel}","templated":true}]}}