{"id":34918,"date":"2022-12-07T18:24:01","date_gmt":"2022-12-07T21:24:01","guid":{"rendered":"https:\/\/morenoprimero.com.ar\/?p=34918"},"modified":"2022-12-07T18:25:13","modified_gmt":"2022-12-07T21:25:13","slug":"moreno-conoce-todas-las-propuestas-culturales-y-turismo-de-cercania-para-este-fin-de-semana-xxl","status":"publish","type":"post","link":"https:\/\/morenoprimero.com.ar\/archivo\/moreno-conoce-todas-las-propuestas-culturales-y-turismo-de-cercania-para-este-fin-de-semana-xxl\/","title":{"rendered":"Moreno: conoc\u00e9 todas las propuestas culturales y turismo de cercan\u00eda para este fin de semana XXL"},"content":{"rendered":"\n<p>Como cada fin de semana, el Municipio brinda una variedad de propuestas culturales y tur\u00edsticas para que pueda disfrutar la comunidad local y provincial. Algunos de los eventos que estar\u00e1n son \u00abMoreno pinta\u00bb; la presentaci\u00f3n de Rocambole en el Museo Municipal de Bellas Artes \u00abManuel Belgrano\u00bb, la \u00abGran fiesta tradicionalista 2022\u201d; la Feria de Artesanos del Museo \u201cAmancio Alcorta\u201d; \u201cPatio Pe\u00f1ero en la Buj\u00e1n\u00bb ; entre otras. Y como siempre, las actividades recreativas que brinda La Reserva Municipal Los Robles.<\/p>\n\n\n\n<p>El mi\u00e9rcoles 7 de diciembre, a las 18 horas, se inaugurar\u00e1 el mural dedicado a \u201cRemedios del Valle\u201d, realizado por los artistas Gustavo Calvet, Alejandra Oba, Fabiana Altamira y Alejandro D&#8217;alessandro, en la Sociedad de Fomento J.A. Roca, ubicada en Av. Caveri 1335 -ex Cervantes- Cruce Castelar, de Trujui. Adem\u00e1s, en el marco de Moreno Sagrado se desarrollar\u00e1 la actividad \u201cMoreno pinta\u201d y disertar\u00e1 sobre \u201cEsclavitud y Afrodescendientes, la otra cara del genocidio americano\u201d, Marcelo Valco.<\/p>\n\n\n\n<p>Tambi\u00e9n el mi\u00e9rcoles 7 de diciembre, a las 18 horas, se presentar\u00e1 en el Museo Municipal de Bellas Artes \u201cManuel Belgrano\u201d, ubicado en Doctor Vera 249, el reconocido artista Rocambole, realizador de arte visual de la reconocida banda Patricio Rey y sus Redonditos de Ricota, quien expondr\u00e1 su charla \u00abUn cruce significativo entre Arte y M\u00fasica\u00bb. La entrada es libre y gratuita.<\/p>\n\n\n\n<p>El jueves 8 de diciembre, desde las 15 horas se desarrollar\u00e1 la \u201cGran fiesta tradicionalista 2022\u201d en Argentinidad y San Nicol\u00e1s, barrio Cascallares, en Moreno Sur. Habr\u00e1 artistas invitados, bandas locales y el cierre musical estar\u00e1 a cargo del Super Quinteto. La entrada es libre y gratuita.<\/p>\n\n\n\n<figure class=\"wp-block-gallery has-nested-images columns-default is-cropped wp-block-gallery-1 is-layout-flex wp-block-gallery-is-layout-flex\">\n<figure class=\"wp-block-image size-large\"><a href=\"https:\/\/morenoprimero.com.ar\/wp-content\/uploads\/2022\/12\/WhatsApp-Image-2022-12-07-at-15.37.41-1.jpeg\"><img loading=\"lazy\" decoding=\"async\" width=\"900\" height=\"899\" data-id=\"34923\" src=\"https:\/\/morenoprimero.com.ar\/wp-content\/uploads\/2022\/12\/WhatsApp-Image-2022-12-07-at-15.37.41-1.jpeg\" alt=\"\" class=\"wp-image-34923\" srcset=\"https:\/\/morenoprimero.com.ar\/archivo\/wp-content\/uploads\/2022\/12\/WhatsApp-Image-2022-12-07-at-15.37.41-1.jpeg 900w, https:\/\/morenoprimero.com.ar\/archivo\/wp-content\/uploads\/2022\/12\/WhatsApp-Image-2022-12-07-at-15.37.41-1-300x300.jpeg 300w, https:\/\/morenoprimero.com.ar\/archivo\/wp-content\/uploads\/2022\/12\/WhatsApp-Image-2022-12-07-at-15.37.41-1-150x150.jpeg 150w, https:\/\/morenoprimero.com.ar\/archivo\/wp-content\/uploads\/2022\/12\/WhatsApp-Image-2022-12-07-at-15.37.41-1-768x767.jpeg 768w\" sizes=\"auto, (max-width: 900px) 100vw, 900px\" \/><\/a><\/figure>\n\n\n\n<figure class=\"wp-block-image size-large\"><a href=\"https:\/\/morenoprimero.com.ar\/wp-content\/uploads\/2022\/12\/WhatsApp-Image-2022-12-07-at-15.37.41.jpeg\"><img loading=\"lazy\" decoding=\"async\" width=\"900\" height=\"900\" data-id=\"34921\" src=\"https:\/\/morenoprimero.com.ar\/wp-content\/uploads\/2022\/12\/WhatsApp-Image-2022-12-07-at-15.37.41.jpeg\" alt=\"\" class=\"wp-image-34921\" srcset=\"https:\/\/morenoprimero.com.ar\/archivo\/wp-content\/uploads\/2022\/12\/WhatsApp-Image-2022-12-07-at-15.37.41.jpeg 900w, https:\/\/morenoprimero.com.ar\/archivo\/wp-content\/uploads\/2022\/12\/WhatsApp-Image-2022-12-07-at-15.37.41-300x300.jpeg 300w, https:\/\/morenoprimero.com.ar\/archivo\/wp-content\/uploads\/2022\/12\/WhatsApp-Image-2022-12-07-at-15.37.41-150x150.jpeg 150w, https:\/\/morenoprimero.com.ar\/archivo\/wp-content\/uploads\/2022\/12\/WhatsApp-Image-2022-12-07-at-15.37.41-768x768.jpeg 768w\" sizes=\"auto, (max-width: 900px) 100vw, 900px\" \/><\/a><\/figure>\n\n\n\n<figure class=\"wp-block-image size-full\"><a href=\"https:\/\/morenoprimero.com.ar\/wp-content\/uploads\/2022\/12\/WhatsApp-Image-2022-12-07-at-15.37.41-2.jpeg\"><img loading=\"lazy\" decoding=\"async\" width=\"900\" height=\"900\" data-id=\"34922\" src=\"https:\/\/morenoprimero.com.ar\/wp-content\/uploads\/2022\/12\/WhatsApp-Image-2022-12-07-at-15.37.41-2.jpeg\" alt=\"\" class=\"wp-image-34922\" srcset=\"https:\/\/morenoprimero.com.ar\/archivo\/wp-content\/uploads\/2022\/12\/WhatsApp-Image-2022-12-07-at-15.37.41-2.jpeg 900w, https:\/\/morenoprimero.com.ar\/archivo\/wp-content\/uploads\/2022\/12\/WhatsApp-Image-2022-12-07-at-15.37.41-2-300x300.jpeg 300w, https:\/\/morenoprimero.com.ar\/archivo\/wp-content\/uploads\/2022\/12\/WhatsApp-Image-2022-12-07-at-15.37.41-2-150x150.jpeg 150w, https:\/\/morenoprimero.com.ar\/archivo\/wp-content\/uploads\/2022\/12\/WhatsApp-Image-2022-12-07-at-15.37.41-2-768x768.jpeg 768w\" sizes=\"auto, (max-width: 900px) 100vw, 900px\" \/><\/a><\/figure>\n<\/figure>\n\n\n\n<p>Adem\u00e1s, el jueves 8 de diciembre, a las 19 horas se invita a toda la comunidad a la celebraci\u00f3n por \u201cEl d\u00eda de la Virgen\u201d, que se realizar\u00e1 en la localidad de Cuartel V, en la Ruta 24 y Baigorria, donde se encender\u00e1n las luces del \u00e1rbol navide\u00f1o y tambi\u00e9n habr\u00e1 shows, m\u00fasica, sorteos y diversi\u00f3n.<\/p>\n\n\n\n<p>Todos los s\u00e1bados, domingos y feriados, de 9 a 18 horas, se puede visitar y disfrutar en familia del Predio Municipal Ferial, Ruta 23 y O\u2019Brien, donde se ofrece indumentaria, artesan\u00edas, bazar, antig\u00fcedades y juguetes. El espacio cuenta adem\u00e1s con patio de comidas y estacionamiento libre y gratuito.<\/p>\n\n\n\n<p>El s\u00e1bado 10 de diciembre, de 16 a 21 horas, se podr\u00e1 disfrutaren familia de la Feria de Artesanos del Museo \u201cAmancio Alcorta\u201d, ubicado en la rotonda Coleta Palacio 1992 en Paso del Rey. Habr\u00e1 espect\u00e1culos y homenaje a \u201cMartin Fierro\u201d. La entrada es libre y gratuita.<\/p>\n\n\n\n<p>Asimismo, el domingo 11 de diciembre, a partir de las 16 horas, se desarrollar\u00e1 el \u201cPatio Pe\u00f1ero en la Buj\u00e1n\u00bb. Un encuentro de m\u00fasica y baile folkl\u00f3rico, en la plaza Doctor Buj\u00e1n, ubicada en Justo Daract y Arribe\u00f1os, Paso del Rey. Adem\u00e1s, se har\u00e1n los cierres de los talleres de danza y m\u00fasica de Moreno Sagrado y Florece Folklore.<\/p>\n\n\n\n<figure class=\"wp-block-gallery has-nested-images columns-default is-cropped wp-block-gallery-2 is-layout-flex wp-block-gallery-is-layout-flex\">\n<figure class=\"wp-block-image size-large\"><a href=\"https:\/\/morenoprimero.com.ar\/wp-content\/uploads\/2022\/12\/WhatsApp-Image-2022-12-07-at-15.37.40.jpeg\"><img loading=\"lazy\" decoding=\"async\" width=\"900\" height=\"897\" data-id=\"34926\" src=\"https:\/\/morenoprimero.com.ar\/wp-content\/uploads\/2022\/12\/WhatsApp-Image-2022-12-07-at-15.37.40.jpeg\" alt=\"\" class=\"wp-image-34926\" srcset=\"https:\/\/morenoprimero.com.ar\/archivo\/wp-content\/uploads\/2022\/12\/WhatsApp-Image-2022-12-07-at-15.37.40.jpeg 900w, https:\/\/morenoprimero.com.ar\/archivo\/wp-content\/uploads\/2022\/12\/WhatsApp-Image-2022-12-07-at-15.37.40-300x300.jpeg 300w, https:\/\/morenoprimero.com.ar\/archivo\/wp-content\/uploads\/2022\/12\/WhatsApp-Image-2022-12-07-at-15.37.40-150x150.jpeg 150w, https:\/\/morenoprimero.com.ar\/archivo\/wp-content\/uploads\/2022\/12\/WhatsApp-Image-2022-12-07-at-15.37.40-768x765.jpeg 768w\" sizes=\"auto, (max-width: 900px) 100vw, 900px\" \/><\/a><\/figure>\n\n\n\n<figure class=\"wp-block-image size-large\"><a href=\"https:\/\/morenoprimero.com.ar\/wp-content\/uploads\/2022\/12\/WhatsApp-Image-2022-12-07-at-15.37.40-2.jpeg\"><img loading=\"lazy\" decoding=\"async\" width=\"900\" height=\"900\" data-id=\"34924\" src=\"https:\/\/morenoprimero.com.ar\/wp-content\/uploads\/2022\/12\/WhatsApp-Image-2022-12-07-at-15.37.40-2.jpeg\" alt=\"\" class=\"wp-image-34924\" srcset=\"https:\/\/morenoprimero.com.ar\/archivo\/wp-content\/uploads\/2022\/12\/WhatsApp-Image-2022-12-07-at-15.37.40-2.jpeg 900w, https:\/\/morenoprimero.com.ar\/archivo\/wp-content\/uploads\/2022\/12\/WhatsApp-Image-2022-12-07-at-15.37.40-2-300x300.jpeg 300w, https:\/\/morenoprimero.com.ar\/archivo\/wp-content\/uploads\/2022\/12\/WhatsApp-Image-2022-12-07-at-15.37.40-2-150x150.jpeg 150w, https:\/\/morenoprimero.com.ar\/archivo\/wp-content\/uploads\/2022\/12\/WhatsApp-Image-2022-12-07-at-15.37.40-2-768x768.jpeg 768w\" sizes=\"auto, (max-width: 900px) 100vw, 900px\" \/><\/a><\/figure>\n\n\n\n<figure class=\"wp-block-image size-large\"><a href=\"https:\/\/morenoprimero.com.ar\/wp-content\/uploads\/2022\/12\/WhatsApp-Image-2022-12-07-at-15.37.40-1.jpeg\"><img loading=\"lazy\" decoding=\"async\" width=\"900\" height=\"734\" data-id=\"34925\" src=\"https:\/\/morenoprimero.com.ar\/wp-content\/uploads\/2022\/12\/WhatsApp-Image-2022-12-07-at-15.37.40-1.jpeg\" alt=\"\" class=\"wp-image-34925\" srcset=\"https:\/\/morenoprimero.com.ar\/archivo\/wp-content\/uploads\/2022\/12\/WhatsApp-Image-2022-12-07-at-15.37.40-1.jpeg 900w, https:\/\/morenoprimero.com.ar\/archivo\/wp-content\/uploads\/2022\/12\/WhatsApp-Image-2022-12-07-at-15.37.40-1-300x245.jpeg 300w, https:\/\/morenoprimero.com.ar\/archivo\/wp-content\/uploads\/2022\/12\/WhatsApp-Image-2022-12-07-at-15.37.40-1-768x626.jpeg 768w\" sizes=\"auto, (max-width: 900px) 100vw, 900px\" \/><\/a><\/figure>\n<\/figure>\n\n\n\n<p><\/p>\n\n\n\n<p><strong>Reserva municipal \u201cLos Robles\u201d<\/strong><\/p>\n\n\n\n<p>La Reserva Natural Municipal \u201cLos Robles\u201d es una excelente alternativa para compartir en familia y disfrutar de las bondades de este espacio natural que hacen de \u00e9l un punto tur\u00edstico importante en la provincia de Buenos Aires. All\u00ed se puede dormir, acampar, disfrutar del sector gastron\u00f3mico, realizar caminatas guiadas, espacios de juegos libres y de lectura para la ni\u00f1ez, y diversas actividades m\u00e1s.<\/p>\n\n\n\n<p>Durante este fin de semana la reserva natural presenta una serie de actividades para disfrutar del espacio al aire libre.<\/p>\n\n\n\n<p>El s\u00e1bado 10, desde las 10 y hasta las 17 horas, se podr\u00e1 disfrutar del patio gastron\u00f3mico, y desde las 12 horas estar\u00e1 disponible la feria artesanal. A las 10.30 horas habr\u00e1 yoga para todas las edades; mientras que a las 15.30 horas, se realizar\u00e1 un encuentro de celebraci\u00f3n con Radio abierta, donde habr\u00e1 muestra de arte, charlas, exposiciones y mucho m\u00e1s. A las 16 horas, en la biblioteca, se desarrollar\u00e1 la actividad Sonidos Bot\u00e1nicos, que contar\u00e1 con mates y zapada musical.<\/p>\n\n\n\n<p>El domingo 11, desde las 10 se podr\u00e1 disfrutar del patio gastron\u00f3mico y, a partir de las 12 horas, estar\u00e1 disponible la feria artesanal. A las 11 horas se llevar\u00e1 a cabo la actividad Moreno Zen. A las 15.30 horas habr\u00e1 clases abiertas de milonga; y a las 16 horas se realizar\u00e1 la caminata guiada por los senderos del bosque.<\/p>\n\n\n\n<p>En \u201cLos Robles\u201d se tiene la posibilidad de alquilar Posadas del Bosque y las reservas se pueden tramitar a trav\u00e9s del e-mail <a href=\"mailto:turismo@moreno.gov.ar\">turismo@moreno.gov.ar<\/a>, o por las siguientes plataformas: #Airbnb, #TripAdvisor y #Booking; as\u00ed como de manera presencial en la administraci\u00f3n de las caba\u00f1as.<\/p>\n\n\n\n<p>Para visitar la reserva no hace falta inscripci\u00f3n previa. Las visitas son por orden de llegada hasta completar la capacidad del lugar. El Municipio invita a disfrutar con conciencia este hermoso refugio de vida y naturaleza.<\/p>\n\n\n\n<p>Para llegar en transporte p\u00fablico, se encuentra disponible el recorrido 26 de La Perlita, cartel \u201cLos Robles\u201d. Los horarios de salida desde Moreno son: 7:35 horas \u2013 10:13 horas &#8211; 12:35 horas \u2013 13:40 horas &#8211; 14:40 horas \u2013 16:20 horas y 17:35 horas. Los de regreso desde Los Robles son: 8 horas \u2013 10:33 horas \u2013 13 horas \u2013 14:05 horas \u2013 15:05 horas &#8211; 16:45 horas y a las 18 horas.<\/p>\n\n\n\n<figure class=\"wp-block-gallery has-nested-images columns-default is-cropped wp-block-gallery-3 is-layout-flex wp-block-gallery-is-layout-flex\">\n<figure class=\"wp-block-image size-large\"><a href=\"https:\/\/morenoprimero.com.ar\/wp-content\/uploads\/2022\/12\/WhatsApp-Image-2022-12-07-at-15.37.42.jpeg\"><img loading=\"lazy\" decoding=\"async\" width=\"576\" height=\"1024\" data-id=\"34920\" src=\"https:\/\/morenoprimero.com.ar\/wp-content\/uploads\/2022\/12\/WhatsApp-Image-2022-12-07-at-15.37.42-576x1024.jpeg\" alt=\"\" class=\"wp-image-34920\" srcset=\"https:\/\/morenoprimero.com.ar\/archivo\/wp-content\/uploads\/2022\/12\/WhatsApp-Image-2022-12-07-at-15.37.42-576x1024.jpeg 576w, https:\/\/morenoprimero.com.ar\/archivo\/wp-content\/uploads\/2022\/12\/WhatsApp-Image-2022-12-07-at-15.37.42-169x300.jpeg 169w, https:\/\/morenoprimero.com.ar\/archivo\/wp-content\/uploads\/2022\/12\/WhatsApp-Image-2022-12-07-at-15.37.42.jpeg 720w\" sizes=\"auto, (max-width: 576px) 100vw, 576px\" \/><\/a><\/figure>\n\n\n\n<figure class=\"wp-block-image size-large\"><a href=\"https:\/\/morenoprimero.com.ar\/wp-content\/uploads\/2022\/12\/WhatsApp-Image-2022-12-07-at-15.37.41-3.jpeg\"><img loading=\"lazy\" decoding=\"async\" width=\"576\" height=\"1024\" data-id=\"34919\" src=\"https:\/\/morenoprimero.com.ar\/wp-content\/uploads\/2022\/12\/WhatsApp-Image-2022-12-07-at-15.37.41-3-576x1024.jpeg\" alt=\"\" class=\"wp-image-34919\" srcset=\"https:\/\/morenoprimero.com.ar\/archivo\/wp-content\/uploads\/2022\/12\/WhatsApp-Image-2022-12-07-at-15.37.41-3-576x1024.jpeg 576w, https:\/\/morenoprimero.com.ar\/archivo\/wp-content\/uploads\/2022\/12\/WhatsApp-Image-2022-12-07-at-15.37.41-3-169x300.jpeg 169w, https:\/\/morenoprimero.com.ar\/archivo\/wp-content\/uploads\/2022\/12\/WhatsApp-Image-2022-12-07-at-15.37.41-3.jpeg 720w\" sizes=\"auto, (max-width: 576px) 100vw, 576px\" \/><\/a><\/figure>\n<\/figure>\n","protected":false},"excerpt":{"rendered":"<p>Como cada fin de semana, el Municipio brinda una variedad de propuestas culturales y tur\u00edsticas para que pueda disfrutar la comunidad local y provincial. Algunos de los eventos que estar\u00e1n son \u00abMoreno pinta\u00bb; la presentaci\u00f3n de Rocambole en el Museo &hellip; <a href=\"https:\/\/morenoprimero.com.ar\/archivo\/moreno-conoce-todas-las-propuestas-culturales-y-turismo-de-cercania-para-este-fin-de-semana-xxl\/\">Sigue leyendo <span class=\"meta-nav\">&rarr;<\/span><\/a><\/p>\n","protected":false},"author":6,"featured_media":34946,"comment_status":"closed","ping_status":"closed","sticky":false,"template":"","format":"standard","meta":{"footnotes":""},"categories":[21],"tags":[162,2539,1358],"class_list":["post-34918","post","type-post","status-publish","format-standard","has-post-thumbnail","hentry","category-interes-general","tag-cultura-moreno","tag-reserva-municipal-los-robles","tag-turismo-moreno"],"_links":{"self":[{"href":"https:\/\/morenoprimero.com.ar\/archivo\/wp-json\/wp\/v2\/posts\/34918","targetHints":{"allow":["GET"]}}],"collection":[{"href":"https:\/\/morenoprimero.com.ar\/archivo\/wp-json\/wp\/v2\/posts"}],"about":[{"href":"https:\/\/morenoprimero.com.ar\/archivo\/wp-json\/wp\/v2\/types\/post"}],"author":[{"embeddable":true,"href":"https:\/\/morenoprimero.com.ar\/archivo\/wp-json\/wp\/v2\/users\/6"}],"replies":[{"embeddable":true,"href":"https:\/\/morenoprimero.com.ar\/archivo\/wp-json\/wp\/v2\/comments?post=34918"}],"version-history":[{"count":1,"href":"https:\/\/morenoprimero.com.ar\/archivo\/wp-json\/wp\/v2\/posts\/34918\/revisions"}],"predecessor-version":[{"id":34928,"href":"https:\/\/morenoprimero.com.ar\/archivo\/wp-json\/wp\/v2\/posts\/34918\/revisions\/34928"}],"wp:featuredmedia":[{"embeddable":true,"href":"https:\/\/morenoprimero.com.ar\/archivo\/wp-json\/wp\/v2\/media\/34946"}],"wp:attachment":[{"href":"https:\/\/morenoprimero.com.ar\/archivo\/wp-json\/wp\/v2\/media?parent=34918"}],"wp:term":[{"taxonomy":"category","embeddable":true,"href":"https:\/\/morenoprimero.com.ar\/archivo\/wp-json\/wp\/v2\/categories?post=34918"},{"taxonomy":"post_tag","embeddable":true,"href":"https:\/\/morenoprimero.com.ar\/archivo\/wp-json\/wp\/v2\/tags?post=34918"}],"curies":[{"name":"wp","href":"https:\/\/api.w.org\/{rel}","templated":true}]}}