{"id":34778,"date":"2022-12-02T13:22:02","date_gmt":"2022-12-02T16:22:02","guid":{"rendered":"https:\/\/morenoprimero.com.ar\/?p=34778"},"modified":"2022-12-12T18:03:42","modified_gmt":"2022-12-12T21:03:42","slug":"silvina-sanchez-los-jardines-comunitarios-nunca-recibieron-nada-de-nadie-hoy-el-estado-municipal-esta-presente","status":"publish","type":"post","link":"https:\/\/morenoprimero.com.ar\/archivo\/silvina-sanchez-los-jardines-comunitarios-nunca-recibieron-nada-de-nadie-hoy-el-estado-municipal-esta-presente\/","title":{"rendered":"Silvina S\u00e1nchez: \u00abLos jardines comunitarios nunca recibieron nada de nadie, hoy el Estado municipal est\u00e1 presente\u00bb"},"content":{"rendered":"\n<p>En Moreno hay 34 jardines comunitarios con 4500 ni\u00f1os y ni\u00f1as. Entre ellos, 5 fueron impulsados por el Movimiento Evita. Silvina S\u00e1nchez fue educadora popular y coordinadora de uno de ellos. Con la gesti\u00f3n municipal de Mariel Fern\u00e1ndez, la experiencia comunitaria se transforma en pol\u00edtica p\u00fablica, y S\u00e1nchez, como directora de Educaci\u00f3n Comunitaria y Popular acompa\u00f1a su crecimiento y puesta en valor. \u201cSiempre fueron bancados a pulm\u00f3n, hoy el Estado Local est\u00e1 presente\u201d, expresa. Adem\u00e1s, reflexiona sobre la importancia de las educadoras populares y el reconocimiento de sus derechos. &nbsp;<\/p>\n\n\n\n<p>Los jardines comunitarios nacen al calor de la problem\u00e1tica social y los conflictos que caracterizaron a la Argentina de los a\u00f1os 90. Por aquellos a\u00f1os, las protestas sociales coexistieron con el surgimiento de nuevas experiencias colectivas y con impronta propia&nbsp;que perduraron en el tiempo.&nbsp;<\/p>\n\n\n\n<p>La autogesti\u00f3n da cuenta del esfuerzo comunitario para construir y llevar adelante estos espacios de la primera infancia&nbsp;\u201ca pulm\u00f3n\u201d, y a veces atraviesan serias dificultades, como la necesidad de mejoras edilicias, o artefactos que permitan acceder a necesidades b\u00e1sicas. &nbsp;<\/p>\n\n\n\n<p>En Moreno, la gesti\u00f3n de Mariel Fern\u00e1ndez transform\u00f3 varias experiencias comunitarias de gran importancia en pol\u00edticas p\u00fablicas, y los jardines comunitarios es un ejemplo de ello. &nbsp;<\/p>\n\n\n\n<p>Desde Moreno Primero nos comunicamos con <strong>Silvina S\u00e1nchez<\/strong>, directora de Educaci\u00f3n Comunitaria y Popular del Municipio de Moreno, cuya funci\u00f3n es llevada adelante con una larga experiencia en estos espacios como educadora popular, llegando a coordinar tambi\u00e9n un jard\u00edn comunitario. &nbsp;<\/p>\n\n\n\n<p>S\u00e1nchez explica que \u201c<strong>los jardines comunitarios nacieron como respuesta ante un estado que no daba abasto<\/strong>\u201d. Y, fueron <strong>\u201clas mujeres de los barrios\u201d quienes \u201cabrieron las puertas de sus casas para recibir a esos ni\u00f1os y ni\u00f1as que no ingresaron&nbsp;en el sistema educativo\u201d.<\/strong>&nbsp;<\/p>\n\n\n\n<p>La directora de Educaci\u00f3n Comunitaria y Popular remarc\u00f3 que&nbsp;\u201c<strong>siempre fueron&nbsp;mujeres las que estuvieron al frente de estos espacios educativos, de entre 21 y 50 a\u00f1os<\/strong>\u201d, adem\u00e1s, hizo hincapi\u00e9 en que \u201c<strong>muchas compa\u00f1eras han hecho el profesorado de Educaci\u00f3n Inicial y siguen trabajando en estos espacios, y a su vez en el Estado<\/strong>\u201d. &nbsp;<\/p>\n\n\n\n<p>Sin embargo,&nbsp;los jardines del Estado est\u00e1n bajo la \u00f3rbita de la Direcci\u00f3n General de Escuela mientras que \u201c<strong>los jardines comunitarios no est\u00e1n reconocidos por el Estado, y las compa\u00f1eras que laburan en ellos no est\u00e1n reconocidas como docentes\u201d, aunque \u201chay organismos que acompa\u00f1an la ni\u00f1ez en su desarrollo<\/strong>\u201d.&nbsp;<\/p>\n\n\n\n<p>El <strong>Movimiento Evita<\/strong> cuenta con diferentes jardines comunitarios en Moreno: <strong>Jard\u00edn Poyi Cardenas , EPI Villa Mandarina, Mi Peque\u00f1o Arco\u00edris y Los Horneritos<\/strong>. Silvina S\u00e1nchez, militante dentro de la organizaci\u00f3n social,&nbsp;tiene experiencia en jardines comunitarios, como educadora popular y como coordinadora en uno de ellos, y puede dar cuenta de la complejidad que conlleva ejercer la funci\u00f3n. &nbsp;<\/p>\n\n\n\n<p>\u201c<strong>Los jardines comunitarios siempre fueron bancados a pulm\u00f3n, por la comunidad, por las familias que participan y colaboran mucho en los espacios, por lo que se genera una muy buena relaci\u00f3n<\/strong>\u201d, explica. &nbsp;<\/p>\n\n\n\n<p>Silvina S\u00e1nchez, que se encuentra estudiando el profesorado de Educaci\u00f3n Inicial, asegura que \u201c<strong>se nota mucho la diferencia de trabajo entre las educadoras comunitarias y las educadoras del Estado, en cuanto al v\u00ednculo con las familias<\/strong>\u201d, y recuerda que \u201c<strong>como educadora, ven\u00eda una familia con una situaci\u00f3n problem\u00e1tica, y me sentaba y hablaba con ella para poder resolverla en conjunto, es decir, el v\u00ednculo que se va generando es muy rico y se puede ayudar\u201d. \u201cEs algo que siempre hizo el Movimiento Evita, y hoy somos Estado, y nos permite colaborar de otra forma<\/strong>\u201d, asevera la militante de la organizaci\u00f3n social. &nbsp;<\/p>\n\n\n\n<figure class=\"wp-block-gallery has-nested-images columns-default is-cropped wp-block-gallery-1 is-layout-flex wp-block-gallery-is-layout-flex\">\n<figure class=\"wp-block-image size-large\"><a href=\"https:\/\/morenoprimero.com.ar\/wp-content\/uploads\/2022\/12\/jardines-comunitarios-1-1.jpg\"><img loading=\"lazy\" decoding=\"async\" width=\"559\" height=\"490\" data-id=\"34785\" src=\"https:\/\/morenoprimero.com.ar\/wp-content\/uploads\/2022\/12\/jardines-comunitarios-1-1.jpg\" alt=\"\" class=\"wp-image-34785\" srcset=\"https:\/\/morenoprimero.com.ar\/archivo\/wp-content\/uploads\/2022\/12\/jardines-comunitarios-1-1.jpg 559w, https:\/\/morenoprimero.com.ar\/archivo\/wp-content\/uploads\/2022\/12\/jardines-comunitarios-1-1-300x263.jpg 300w\" sizes=\"auto, (max-width: 559px) 100vw, 559px\" \/><\/a><\/figure>\n\n\n\n<figure class=\"wp-block-image size-large\"><a href=\"https:\/\/morenoprimero.com.ar\/wp-content\/uploads\/2022\/12\/Jardines-comunitarios-2-1.jpg\"><img loading=\"lazy\" decoding=\"async\" width=\"1024\" height=\"864\" data-id=\"34786\" src=\"https:\/\/morenoprimero.com.ar\/wp-content\/uploads\/2022\/12\/Jardines-comunitarios-2-1-1024x864.jpg\" alt=\"\" class=\"wp-image-34786\" srcset=\"https:\/\/morenoprimero.com.ar\/archivo\/wp-content\/uploads\/2022\/12\/Jardines-comunitarios-2-1-1024x864.jpg 1024w, https:\/\/morenoprimero.com.ar\/archivo\/wp-content\/uploads\/2022\/12\/Jardines-comunitarios-2-1-300x253.jpg 300w, https:\/\/morenoprimero.com.ar\/archivo\/wp-content\/uploads\/2022\/12\/Jardines-comunitarios-2-1-768x648.jpg 768w, https:\/\/morenoprimero.com.ar\/archivo\/wp-content\/uploads\/2022\/12\/Jardines-comunitarios-2-1.jpg 1157w\" sizes=\"auto, (max-width: 1024px) 100vw, 1024px\" \/><\/a><\/figure>\n<\/figure>\n\n\n\n<p><\/p>\n\n\n\n<p><strong>El Municipio de Moreno, bajo la gesti\u00f3n de Mariel Fern\u00e1ndez, transform\u00f3 experiencias comunitarias que fueron enriquecedoras, en pol\u00edticas p\u00fablicas. <\/strong>Tal es el caso de las <a href=\"https:\/\/morenoprimero.com.ar\/orquestas-de-musica-popular-de-experiencia-comunitaria-a-politica-publica-municipal\/\">orquestas de m\u00fasica popular<\/a> Ra\u00edces, o del abordaje integral y comunitario para personas que atraviesan consumo problem\u00e1tico, Casa Pueblo. Los jardines comunitarios son otro ejemplo concreto. &nbsp;<\/p>\n\n\n\n<p>En la actualidad, \u201c<strong>en Moreno contamos con 34 jardines comunitarios, distribuidos en distintos territorios, donde asisten m\u00e1s de 4500 ni\u00f1os y ni\u00f1as, desde los 45 d\u00edas a los 5 a\u00f1os<\/strong>\u201d, indic\u00f3 S\u00e1nchez, y prosigui\u00f3, \u201c<strong>desde el Municipio acompa\u00f1amos a estos espacios, en articulaci\u00f3n con diferentes secretar\u00edas y organismos:<\/strong> la Direcci\u00f3n de Experiencias de Educaci\u00f3n Cooperativa y Comunitaria del Ministerio de Educaci\u00f3n de la Naci\u00f3n; la Direcci\u00f3n de Unidades de Desarrollo Infantil, del Ministerio de Desarrollo de la comunidad de la Provincia de Buenos Aires, la&nbsp;Secretaria Nacional de Ni\u00f1ez , adolescencia y familia (SENAF), la Secretaria de Educaci\u00f3n del Movimiento Evita y distintas&nbsp;\u00e1reas municipales.&nbsp;<\/p>\n\n\n\n<p>\u201c<strong>Desde el Municipio podemos acceder a diferentes recursos que nos permiten acompa\u00f1ar a los jardines comunitarios, por ejemplo, el acompa\u00f1amiento en la conformaci\u00f3n de estos en Asociaciones Civiles, que les garantiza poder acceder a programas provinciales o nacionales<\/strong>\u201d, cont\u00f3 la funcionaria municipal. &nbsp;<\/p>\n\n\n\n<p>M\u00e1s a\u00fan, \u201c<strong>hace aproximadamente un a\u00f1o pudimos articular con el Ministerio de Desarrollo de la comunidad. Con los programas UDI, que otorgan recursos para poder comprar alimentos para los espacios, para que las compa\u00f1eras tengan un incentivo, para poder comprar material para llevar adelante actividades que llevan las educadoras, poder arreglar la infraestructura de estos lugares, y poder equiparlos con electrodom\u00e9sticos que les permitan cosas b\u00e1sicas como cocinar, o tener agua fresca los d\u00edas de mucho calor<\/strong>\u201d, detall\u00f3. &nbsp;<\/p>\n\n\n\n<p>All\u00ed radica la importancia de constituir los jardines comunitarios en una pol\u00edtica p\u00fablica, que les permiti\u00f3 \u201c<strong>acompa\u00f1ar y darles todas las herramientas que ellos necesitan para poder llevar adelante sus actividades, todo lo que necesiten<\/strong>\u201d y frente a un pasado donde \u201c<strong>los jardines comunitarios nunca recibieron nada de nadie<\/strong>\u201d, la directora de Educaci\u00f3n Popular y Comunitaria asegura que \u201c<strong>hoy el Estado Municipal est\u00e1 presente acompa\u00f1ando esos espacios<\/strong>\u201d.&nbsp;<\/p>\n\n\n\n<p>Adem\u00e1s, indica: \u201c<strong>Nosotros como equipo hacemos mucho territorio, estamos acostumbrados a esto, vamos siempre, y el recibimiento de los jardines comunitarios hacia nosotros como Estado es excelente, justamente por eso, porque luego de una ausencia de muchos a\u00f1os, hay un nivel de respuesta r\u00e1pido por parte de un Estado Municipal que asesora, que acompa\u00f1a, y esa presencia es agradecida<\/strong>\u201d.&nbsp;En este sentido, Silvina afirma, \u201c<strong>nosotros estuvimos del otro lado, y no queremos que a ning\u00fan pibe le falte algo<\/strong>\u201d. &nbsp;<\/p>\n\n\n\n<p>Para finalizar, la militante social expresa: <strong>\u201cSabemos que falta, y queremos solucionar todos los problemas<\/strong>\u201d, es por eso que ya proyectan su trabajo para el a\u00f1o 2023:&nbsp;<\/p>\n\n\n\n<p>\u201c<strong>Con respecto al a\u00f1o pr\u00f3ximo, queremos continuar acompa\u00f1ando la formaci\u00f3n de las educadoras, y tambi\u00e9n, tenemos en cuenta algo que hace mucho tiempo piden y necesitan, que es el reconocimiento de sus derechos laborales, porque no tienen un sueldo como docentes, sino que tienen un incentivo, o el salario complementario, que es lo m\u00e1s b\u00e1sico de todo\u201d explica S\u00e1nchez, y asegura que \u201cesto pondr\u00eda en valor este compromiso que tienen ellas hace tantos a\u00f1os\u201d<\/strong>. En ese camino, tambi\u00e9n se proponen \u201c<strong>lograr la regularizaci\u00f3n de los espacios comunitarios, y a su vez, fortalecer y potenciar las experiencias educativas comunitarias<\/strong>\u201d. &nbsp;<\/p>\n","protected":false},"excerpt":{"rendered":"<p>En Moreno hay 34 jardines comunitarios con 4500 ni\u00f1os y ni\u00f1as. Entre ellos, 5 fueron impulsados por el Movimiento Evita. Silvina S\u00e1nchez fue educadora popular y coordinadora de uno de ellos. Con la gesti\u00f3n municipal de Mariel Fern\u00e1ndez, la experiencia &hellip; <a href=\"https:\/\/morenoprimero.com.ar\/archivo\/silvina-sanchez-los-jardines-comunitarios-nunca-recibieron-nada-de-nadie-hoy-el-estado-municipal-esta-presente\/\">Sigue leyendo <span class=\"meta-nav\">&rarr;<\/span><\/a><\/p>\n","protected":false},"author":6,"featured_media":34988,"comment_status":"closed","ping_status":"closed","sticky":false,"template":"","format":"standard","meta":{"footnotes":""},"categories":[2,2328],"tags":[177,291,4114],"class_list":["post-34778","post","type-post","status-publish","format-standard","has-post-thumbnail","hentry","category-destacadas","category-local","tag-jardines-comunitarios","tag-movimiento-evita","tag-silvina-sanchez"],"_links":{"self":[{"href":"https:\/\/morenoprimero.com.ar\/archivo\/wp-json\/wp\/v2\/posts\/34778","targetHints":{"allow":["GET"]}}],"collection":[{"href":"https:\/\/morenoprimero.com.ar\/archivo\/wp-json\/wp\/v2\/posts"}],"about":[{"href":"https:\/\/morenoprimero.com.ar\/archivo\/wp-json\/wp\/v2\/types\/post"}],"author":[{"embeddable":true,"href":"https:\/\/morenoprimero.com.ar\/archivo\/wp-json\/wp\/v2\/users\/6"}],"replies":[{"embeddable":true,"href":"https:\/\/morenoprimero.com.ar\/archivo\/wp-json\/wp\/v2\/comments?post=34778"}],"version-history":[{"count":6,"href":"https:\/\/morenoprimero.com.ar\/archivo\/wp-json\/wp\/v2\/posts\/34778\/revisions"}],"predecessor-version":[{"id":34985,"href":"https:\/\/morenoprimero.com.ar\/archivo\/wp-json\/wp\/v2\/posts\/34778\/revisions\/34985"}],"wp:featuredmedia":[{"embeddable":true,"href":"https:\/\/morenoprimero.com.ar\/archivo\/wp-json\/wp\/v2\/media\/34988"}],"wp:attachment":[{"href":"https:\/\/morenoprimero.com.ar\/archivo\/wp-json\/wp\/v2\/media?parent=34778"}],"wp:term":[{"taxonomy":"category","embeddable":true,"href":"https:\/\/morenoprimero.com.ar\/archivo\/wp-json\/wp\/v2\/categories?post=34778"},{"taxonomy":"post_tag","embeddable":true,"href":"https:\/\/morenoprimero.com.ar\/archivo\/wp-json\/wp\/v2\/tags?post=34778"}],"curies":[{"name":"wp","href":"https:\/\/api.w.org\/{rel}","templated":true}]}}