{"id":34774,"date":"2022-12-02T14:18:35","date_gmt":"2022-12-02T17:18:35","guid":{"rendered":"https:\/\/morenoprimero.com.ar\/?p=34774"},"modified":"2022-12-02T14:18:36","modified_gmt":"2022-12-02T17:18:36","slug":"axel-kicillof-puso-el-hombro-y-se-aplico-quinta-dosis-contra-el-covid-19","status":"publish","type":"post","link":"https:\/\/morenoprimero.com.ar\/archivo\/axel-kicillof-puso-el-hombro-y-se-aplico-quinta-dosis-contra-el-covid-19\/","title":{"rendered":"Axel Kicillof puso el hombro y se aplic\u00f3 quinta dosis contra el Covid-19"},"content":{"rendered":"\n<p>En medio de la escalada de contagios, el gobernador Axel Kicillof recibi\u00f3 la quinta dosis de la vacuna contra el Covid-19. Alertan sobre un aumento significativo de los casos.<\/p>\n\n\n\n<p>Con una estrategia similar a la utilizada al comienzo de la campa\u00f1a de la vacunaci\u00f3n- donde se pon\u00eda en duda la eficacia de la vacuna- el gobernador&nbsp;<strong>Axel Kicillof<\/strong>&nbsp;decidi\u00f3 ser uno de los primeros dirigentes en predicar con el ejemplo y se aplic\u00f3 la quinta dosis (tercer refuerzo) de la vacuna contra el Covid-19<\/p>\n\n\n\n<p>El mandatario bonaerense acudi\u00f3 al Hospital Subzonal Especializado Elina de la Serna de la ciudad de La Plata.<\/p>\n\n\n\n<p>En el contexto epidemiol\u00f3gico actual, donde se observa&nbsp;un aumento significativo de los casos de Covid-19, desde el Ministerio de Salud bonaerense recomendaron a toda la poblaci\u00f3n completar sus esquemas de vacunaci\u00f3n, incluidas las dosis de refuerzo.<\/p>\n\n\n\n<p><strong>Vacuna contra el COVID-19: \u00bfQuienes deben aplicarse las dosis de refuerzo?<\/strong><\/p>\n\n\n\n<p><strong>Ni\u00f1as y ni\u00f1os de entre 6 meses y dos a\u00f1os deben contar con un esquema completo de dos dosis; entre 3 y 17 a\u00f1os un esquema primario de dos dosis m\u00e1s un refuerzo (tres dosis en total); todos los mayores de 18 a\u00f1os deben aplicarse dos refuerzos (cuatro dosis en total).<\/strong>&nbsp;Desde provincia se hizo hincapi\u00e9 en la primera franja etaria, en medio de&nbsp;la pol\u00e9mica resoluci\u00f3n de un juez federal de Mar del Plata contra la campa\u00f1a de vacunaci\u00f3n.<\/p>\n\n\n\n<p>En tanto, autoridades de salud bonaerense recordaron que las personas mayores de 50 a\u00f1os, personal de salud y personas mayores de 18 a\u00f1os con condiciones de riesgo deben aplicarse 5 dosis (esquema primario m\u00e1s tres refuerzos); en tanto que mayores de 12 a\u00f1os inmunocomprometidas y mayores de 50 que hayan recibido Sinopharm como sus primeras dos aplicaciones deben recibir en total 6 dosis.<\/p>\n\n\n\n<p>En todos los casos deben pasar 4 semanas entre las aplicaciones del esquema primario y 4 meses entre refuerzos. En la Provincia la vacuna es libre y federal y los vacunatorios pueden consultarse en el&nbsp;<a href=\"https:\/\/portal-coronavirus.gba.gob.ar\/vacunatorios-de-la-campana-covid-19\" target=\"_blank\" rel=\"noreferrer noopener\">siguiente link<\/a>.<\/p>\n\n\n\n<p>Axel Kicillof estuvo acompa\u00f1ado por la subsecretaria de Gesti\u00f3n de la Informaci\u00f3n, Educaci\u00f3n Permanente y Fiscalizaci\u00f3n del Ministerio de Salud,&nbsp;<strong>Leticia Ceriani<\/strong>; y el director ejecutivo de la instituci\u00f3n,&nbsp;<strong>Juan Pablo Cocozzella<\/strong>.<\/p>\n\n\n\n<p><a href=\"https:\/\/media.infocielo.com\/p\/18cb90e5184eda834fe374e4860e02a6\/adjuntos\/299\/imagenes\/001\/549\/0001549216\/kicillofvacunajpg.jpg\"><\/a><\/p>\n","protected":false},"excerpt":{"rendered":"<p>En medio de la escalada de contagios, el gobernador Axel Kicillof recibi\u00f3 la quinta dosis de la vacuna contra el Covid-19. Alertan sobre un aumento significativo de los casos. Con una estrategia similar a la utilizada al comienzo de la &hellip; <a href=\"https:\/\/morenoprimero.com.ar\/archivo\/axel-kicillof-puso-el-hombro-y-se-aplico-quinta-dosis-contra-el-covid-19\/\">Sigue leyendo <span class=\"meta-nav\">&rarr;<\/span><\/a><\/p>\n","protected":false},"author":6,"featured_media":34776,"comment_status":"closed","ping_status":"closed","sticky":false,"template":"","format":"standard","meta":{"footnotes":""},"categories":[2329],"tags":[94,169],"class_list":["post-34774","post","type-post","status-publish","format-standard","has-post-thumbnail","hentry","category-provincial","tag-covid-19","tag-vacunacion"],"_links":{"self":[{"href":"https:\/\/morenoprimero.com.ar\/archivo\/wp-json\/wp\/v2\/posts\/34774","targetHints":{"allow":["GET"]}}],"collection":[{"href":"https:\/\/morenoprimero.com.ar\/archivo\/wp-json\/wp\/v2\/posts"}],"about":[{"href":"https:\/\/morenoprimero.com.ar\/archivo\/wp-json\/wp\/v2\/types\/post"}],"author":[{"embeddable":true,"href":"https:\/\/morenoprimero.com.ar\/archivo\/wp-json\/wp\/v2\/users\/6"}],"replies":[{"embeddable":true,"href":"https:\/\/morenoprimero.com.ar\/archivo\/wp-json\/wp\/v2\/comments?post=34774"}],"version-history":[{"count":1,"href":"https:\/\/morenoprimero.com.ar\/archivo\/wp-json\/wp\/v2\/posts\/34774\/revisions"}],"predecessor-version":[{"id":34777,"href":"https:\/\/morenoprimero.com.ar\/archivo\/wp-json\/wp\/v2\/posts\/34774\/revisions\/34777"}],"wp:featuredmedia":[{"embeddable":true,"href":"https:\/\/morenoprimero.com.ar\/archivo\/wp-json\/wp\/v2\/media\/34776"}],"wp:attachment":[{"href":"https:\/\/morenoprimero.com.ar\/archivo\/wp-json\/wp\/v2\/media?parent=34774"}],"wp:term":[{"taxonomy":"category","embeddable":true,"href":"https:\/\/morenoprimero.com.ar\/archivo\/wp-json\/wp\/v2\/categories?post=34774"},{"taxonomy":"post_tag","embeddable":true,"href":"https:\/\/morenoprimero.com.ar\/archivo\/wp-json\/wp\/v2\/tags?post=34774"}],"curies":[{"name":"wp","href":"https:\/\/api.w.org\/{rel}","templated":true}]}}