{"id":3475,"date":"2020-10-03T09:00:55","date_gmt":"2020-10-03T09:00:55","guid":{"rendered":"https:\/\/morenoprimero.com.ar\/?p=3475"},"modified":"2020-10-03T13:42:36","modified_gmt":"2020-10-03T13:42:36","slug":"una-infectologa-del-hospital-de-moreno-recibio-un-premio-internacional","status":"publish","type":"post","link":"https:\/\/morenoprimero.com.ar\/archivo\/una-infectologa-del-hospital-de-moreno-recibio-un-premio-internacional\/","title":{"rendered":"UNA INFECT\u00d3LOGA DEL HOSPITAL DE MORENO RECIBI\u00d3 UN PREMIO INTERNACIONAL"},"content":{"rendered":"\n<h4 class=\"wp-block-heading\">\u00a0La m\u00e9dica\u00a0infect\u00f3loga Dra. Natalia D\u00edaz recibi\u00f3 el premio internacional por <strong>mejor caso cl\u00ednico de interacciones farmacol\u00f3gicas en complejo cuadro de VIH y\u00a0transplante\u00a0renal<\/strong>.<\/h4>\n\n\n\n<p>&nbsp; Recibi\u00f3 un<strong> premio internaciona<\/strong>l en el \u201cAntiviral PK Workshop\u201d por <strong>mejor caso cl\u00ednico de interacciones farmacol\u00f3gicas en complejo cuadro de VIH y&nbsp;transplante&nbsp;renal <\/strong>presentado ante \u201cClinical&nbsp;cases DDIS\u201d.&nbsp;<\/p>\n\n\n\n<p>&nbsp; Desde la p\u00e1gina oficial del Hospital le hicieron llegar sus felicitaciones a trav\u00e9s de un comunicado.&nbsp; <strong>\u201cEs un orgullo que forme parte de nuestro equipo\u201d<\/strong>, aseguran desde el Hospital.&nbsp;<\/p>\n","protected":false},"excerpt":{"rendered":"<p>\u00a0La m\u00e9dica\u00a0infect\u00f3loga Dra. Natalia D\u00edaz recibi\u00f3 el premio internacional por mejor caso cl\u00ednico de interacciones farmacol\u00f3gicas en complejo cuadro de VIH y\u00a0transplante\u00a0renal. &nbsp; Recibi\u00f3 un premio internacional en el \u201cAntiviral PK Workshop\u201d por mejor caso cl\u00ednico de interacciones farmacol\u00f3gicas en &hellip; <a href=\"https:\/\/morenoprimero.com.ar\/archivo\/una-infectologa-del-hospital-de-moreno-recibio-un-premio-internacional\/\">Sigue leyendo <span class=\"meta-nav\">&rarr;<\/span><\/a><\/p>\n","protected":false},"author":6,"featured_media":3471,"comment_status":"open","ping_status":"open","sticky":false,"template":"","format":"standard","meta":{"footnotes":""},"categories":[21,5,20],"tags":[139],"class_list":["post-3475","post","type-post","status-publish","format-standard","has-post-thumbnail","hentry","category-interes-general","category-recomendadas","category-sociedad","tag-hospital-mariano-y-luciano-de-la-vega"],"_links":{"self":[{"href":"https:\/\/morenoprimero.com.ar\/archivo\/wp-json\/wp\/v2\/posts\/3475","targetHints":{"allow":["GET"]}}],"collection":[{"href":"https:\/\/morenoprimero.com.ar\/archivo\/wp-json\/wp\/v2\/posts"}],"about":[{"href":"https:\/\/morenoprimero.com.ar\/archivo\/wp-json\/wp\/v2\/types\/post"}],"author":[{"embeddable":true,"href":"https:\/\/morenoprimero.com.ar\/archivo\/wp-json\/wp\/v2\/users\/6"}],"replies":[{"embeddable":true,"href":"https:\/\/morenoprimero.com.ar\/archivo\/wp-json\/wp\/v2\/comments?post=3475"}],"version-history":[{"count":2,"href":"https:\/\/morenoprimero.com.ar\/archivo\/wp-json\/wp\/v2\/posts\/3475\/revisions"}],"predecessor-version":[{"id":3505,"href":"https:\/\/morenoprimero.com.ar\/archivo\/wp-json\/wp\/v2\/posts\/3475\/revisions\/3505"}],"wp:featuredmedia":[{"embeddable":true,"href":"https:\/\/morenoprimero.com.ar\/archivo\/wp-json\/wp\/v2\/media\/3471"}],"wp:attachment":[{"href":"https:\/\/morenoprimero.com.ar\/archivo\/wp-json\/wp\/v2\/media?parent=3475"}],"wp:term":[{"taxonomy":"category","embeddable":true,"href":"https:\/\/morenoprimero.com.ar\/archivo\/wp-json\/wp\/v2\/categories?post=3475"},{"taxonomy":"post_tag","embeddable":true,"href":"https:\/\/morenoprimero.com.ar\/archivo\/wp-json\/wp\/v2\/tags?post=3475"}],"curies":[{"name":"wp","href":"https:\/\/api.w.org\/{rel}","templated":true}]}}