{"id":34691,"date":"2022-11-29T20:02:45","date_gmt":"2022-11-29T23:02:45","guid":{"rendered":"https:\/\/morenoprimero.com.ar\/?p=34691"},"modified":"2022-11-29T20:03:19","modified_gmt":"2022-11-29T23:03:19","slug":"un-nuevo-caso-de-gatillo-facil-casi-le-cuesta-la-vida-a-un-joven-en-la-ciudad-de-buenos-aires","status":"publish","type":"post","link":"https:\/\/morenoprimero.com.ar\/archivo\/un-nuevo-caso-de-gatillo-facil-casi-le-cuesta-la-vida-a-un-joven-en-la-ciudad-de-buenos-aires\/","title":{"rendered":"Un nuevo caso de gatillo f\u00e1cil casi le cuesta la vida a un joven en la ciudad de Buenos Aires"},"content":{"rendered":"\n<p>Gabriel Mastrangelo es un joven de 26 a\u00f1os, militante del Movimiento Evita, que entrena a los pibes del barrio en la Escuela de F\u00fatbol Diego Armando Maradona. Cuando se dirig\u00eda a la casa de su t\u00eda, en el barrio de Balvanera, el oficial Garro le dispar\u00f3 tres tiros por la espalda. Uno le entr\u00f3 por la cintura, y los otros dos pegaron en la moto. Hoy lucha por su vida y contin\u00faa internado.<\/p>\n\n\n\n<p>El d\u00eda que le dispararon, no se detuvo frente a una voz de alto, porque como explican sus compa\u00f1eros: \u201c<strong>Ya sabemos c\u00f3mo nos trata la polic\u00eda ac\u00e1<\/strong>\u201d. Tuvo miedo, como la mayor\u00eda de los pibes en los barrios de la ciudad de Buenos Aires, que saben de la gran cantidad de casos de gatillo f\u00e1cil y violencia policial que ocurre en la ciudad m\u00e1s rica del pa\u00eds.<\/p>\n\n\n\n<p>El pedido de Justicia por Diego form\u00f3 parte de las consignas y reclamos en la Marcha de la Gorra que se realiz\u00f3 hoy en CABA, C\u00f3rdoba, y Mar del Plata, como todos los 29 de noviembre, es esta oportunidad bajo la consigna principal: \u201c<strong>No somos descartables. Ni palos ni represi\u00f3n. Para les pibis, Trabajo, Salud y Educaci\u00f3n\u201d. <\/strong>De la misma participaron movimientos sociales, referentes de los Derechos Humanos, y organizaciones pol\u00edticas.<\/p>\n\n\n\n<p>Los datos arrojan que m\u00e1s de la mitad de las personas asesinadas por el aparato represivo del Estado son j\u00f3venes de entre 15 y 25 a\u00f1os. Asimismo, en cuanto a la Ciudad de Buenos Aires, denuncian que entre el 1 de enero de 2017 y julio de 2022, la polic\u00eda de la Ciudad cometi\u00f3 121 cr\u00edmenes de gatillo f\u00e1cil, de los cuales 38 ocurrieron en el territorio de la Ciudad de Buenos Aires.<\/p>\n\n\n\n<p>Seg\u00fan el comunicado de las organizaciones que se movilizaron hoy: \u201c<strong>En lo que va de 2022, hubo 13 intervenciones letales de la polic\u00eda de la Ciudad, 12 fueron en el Conurbano\u201d, dice el comunicado. Y sigue: \u201cLa mayor\u00eda de los casos de gatillo f\u00e1cil a manos de la polic\u00eda de la Ciudad ocurren en la provincia de Buenos Aires, cuando lxs agentes est\u00e1n fuera de servicio. Esto responde al estado policial, es decir, que a\u00fan fuera de servicio, la polic\u00eda tiene el deber de intervenir ante delitos y puede usar su arma reglamentaria. La mayor\u00eda de lxs agentes viven en la provincia y no en la Capital\u201d.<\/strong><\/p>\n\n\n\n<p>Por este motivo una de las principales demandas de la marcha es la prohibici\u00f3n del uso del arma reglamentaria fuera de servicio o de civil.<\/p>\n\n\n\n<p>Con respecto al caso de Diego, filmaciones de distintas c\u00e1maras de seguridad muestran c\u00f3mo luego de dispararle, efectivos de la polic\u00eda de la Ciudad golpearon al joven en el piso. Por otro lado, su familia denunci\u00f3 amenazas que recibieron por parte de polic\u00edas de civil en el hospital donde se encuentra internado Diego, para evitar que denuncien el hecho.<\/p>\n\n\n\n<figure class=\"wp-block-gallery has-nested-images columns-default is-cropped wp-block-gallery-1 is-layout-flex wp-block-gallery-is-layout-flex\">\n<figure class=\"wp-block-image size-large\"><a href=\"https:\/\/morenoprimero.com.ar\/wp-content\/uploads\/2022\/11\/WhatsApp-Image-2022-11-29-at-19.47.10-1.jpeg\"><img loading=\"lazy\" decoding=\"async\" width=\"1024\" height=\"682\" data-id=\"34694\" src=\"https:\/\/morenoprimero.com.ar\/wp-content\/uploads\/2022\/11\/WhatsApp-Image-2022-11-29-at-19.47.10-1-1024x682.jpeg\" alt=\"\" class=\"wp-image-34694\" srcset=\"https:\/\/morenoprimero.com.ar\/archivo\/wp-content\/uploads\/2022\/11\/WhatsApp-Image-2022-11-29-at-19.47.10-1-1024x682.jpeg 1024w, https:\/\/morenoprimero.com.ar\/archivo\/wp-content\/uploads\/2022\/11\/WhatsApp-Image-2022-11-29-at-19.47.10-1-300x200.jpeg 300w, https:\/\/morenoprimero.com.ar\/archivo\/wp-content\/uploads\/2022\/11\/WhatsApp-Image-2022-11-29-at-19.47.10-1-768x512.jpeg 768w, https:\/\/morenoprimero.com.ar\/archivo\/wp-content\/uploads\/2022\/11\/WhatsApp-Image-2022-11-29-at-19.47.10-1.jpeg 1280w\" sizes=\"auto, (max-width: 1024px) 100vw, 1024px\" \/><\/a><\/figure>\n\n\n\n<figure class=\"wp-block-image size-large\"><a href=\"https:\/\/morenoprimero.com.ar\/wp-content\/uploads\/2022\/11\/WhatsApp-Image-2022-11-29-at-19.47.10-2.jpeg\"><img loading=\"lazy\" decoding=\"async\" width=\"960\" height=\"640\" data-id=\"34693\" src=\"https:\/\/morenoprimero.com.ar\/wp-content\/uploads\/2022\/11\/WhatsApp-Image-2022-11-29-at-19.47.10-2.jpeg\" alt=\"\" class=\"wp-image-34693\" srcset=\"https:\/\/morenoprimero.com.ar\/archivo\/wp-content\/uploads\/2022\/11\/WhatsApp-Image-2022-11-29-at-19.47.10-2.jpeg 960w, https:\/\/morenoprimero.com.ar\/archivo\/wp-content\/uploads\/2022\/11\/WhatsApp-Image-2022-11-29-at-19.47.10-2-300x200.jpeg 300w, https:\/\/morenoprimero.com.ar\/archivo\/wp-content\/uploads\/2022\/11\/WhatsApp-Image-2022-11-29-at-19.47.10-2-768x512.jpeg 768w\" sizes=\"auto, (max-width: 960px) 100vw, 960px\" \/><\/a><\/figure>\n<\/figure>\n","protected":false},"excerpt":{"rendered":"<p>Gabriel Mastrangelo es un joven de 26 a\u00f1os, militante del Movimiento Evita, que entrena a los pibes del barrio en la Escuela de F\u00fatbol Diego Armando Maradona. Cuando se dirig\u00eda a la casa de su t\u00eda, en el barrio de &hellip; <a href=\"https:\/\/morenoprimero.com.ar\/archivo\/un-nuevo-caso-de-gatillo-facil-casi-le-cuesta-la-vida-a-un-joven-en-la-ciudad-de-buenos-aires\/\">Sigue leyendo <span class=\"meta-nav\">&rarr;<\/span><\/a><\/p>\n","protected":false},"author":6,"featured_media":34695,"comment_status":"closed","ping_status":"closed","sticky":false,"template":"","format":"standard","meta":{"footnotes":""},"categories":[8],"tags":[4373,291],"class_list":["post-34691","post","type-post","status-publish","format-standard","has-post-thumbnail","hentry","category-policiales","tag-gatillo-facil","tag-movimiento-evita"],"_links":{"self":[{"href":"https:\/\/morenoprimero.com.ar\/archivo\/wp-json\/wp\/v2\/posts\/34691","targetHints":{"allow":["GET"]}}],"collection":[{"href":"https:\/\/morenoprimero.com.ar\/archivo\/wp-json\/wp\/v2\/posts"}],"about":[{"href":"https:\/\/morenoprimero.com.ar\/archivo\/wp-json\/wp\/v2\/types\/post"}],"author":[{"embeddable":true,"href":"https:\/\/morenoprimero.com.ar\/archivo\/wp-json\/wp\/v2\/users\/6"}],"replies":[{"embeddable":true,"href":"https:\/\/morenoprimero.com.ar\/archivo\/wp-json\/wp\/v2\/comments?post=34691"}],"version-history":[{"count":2,"href":"https:\/\/morenoprimero.com.ar\/archivo\/wp-json\/wp\/v2\/posts\/34691\/revisions"}],"predecessor-version":[{"id":34697,"href":"https:\/\/morenoprimero.com.ar\/archivo\/wp-json\/wp\/v2\/posts\/34691\/revisions\/34697"}],"wp:featuredmedia":[{"embeddable":true,"href":"https:\/\/morenoprimero.com.ar\/archivo\/wp-json\/wp\/v2\/media\/34695"}],"wp:attachment":[{"href":"https:\/\/morenoprimero.com.ar\/archivo\/wp-json\/wp\/v2\/media?parent=34691"}],"wp:term":[{"taxonomy":"category","embeddable":true,"href":"https:\/\/morenoprimero.com.ar\/archivo\/wp-json\/wp\/v2\/categories?post=34691"},{"taxonomy":"post_tag","embeddable":true,"href":"https:\/\/morenoprimero.com.ar\/archivo\/wp-json\/wp\/v2\/tags?post=34691"}],"curies":[{"name":"wp","href":"https:\/\/api.w.org\/{rel}","templated":true}]}}