{"id":3469,"date":"2020-10-03T09:00:24","date_gmt":"2020-10-03T09:00:24","guid":{"rendered":"https:\/\/morenoprimero.com.ar\/?p=3469"},"modified":"2020-10-03T13:42:17","modified_gmt":"2020-10-03T13:42:17","slug":"lanzan-seminario-sobre-politicas-publicas-urbanas-desde-una-perspectiva-feminista","status":"publish","type":"post","link":"https:\/\/morenoprimero.com.ar\/archivo\/lanzan-seminario-sobre-politicas-publicas-urbanas-desde-una-perspectiva-feminista\/","title":{"rendered":"LANZAN SEMINARIO SOBRE POL\u00cdTICAS P\u00daBLICAS URBANAS DESDE UNA PERSPECTIVA FEMINISTA"},"content":{"rendered":"\n<h4 class=\"wp-block-heading\"><strong>El 5 de octubre comienza un taller que dar\u00e1 a conocer y analizar\u00e1 experiencias de pol\u00edticas p\u00fablicas urbanas desde una perspectiva feminista fundamentalmente desarrolladas en nuestro pa\u00eds y en Am\u00e9rica Latina.<\/strong><\/h4>\n\n\n\n<p>A partir de la modalidad virtual v\u00eda Zoom, se dar\u00e1 un seminario taller acerca de \u201c<strong>Pol\u00edticas P\u00fablicas Urbanas desde una perspectiva feminista<\/strong>\u201d. La duraci\u00f3n ser\u00e1 de cinco clases de 2 hrs cada una. <\/p>\n\n\n\n<p>El objetivo de este seminario <strong>es conocer y analizar experiencias de<br>pol\u00edticas p\u00fablicas urbanas desde una perspectiva feminista<br>fundamentalmente desarrolladas en nuestro pa\u00eds y en Am\u00e9rica Latina<\/strong>. Se realizar\u00e1 un recorrido a partir de la lectura de textos y el conocimiento de experiencias en espacios institucionales ejecutando pol\u00edticas p\u00fablicas vinculadas al urbanismo feminista.<\/p>\n\n\n\n<p>El equipo docente que llevar\u00e1 a cabo este seminario taller est\u00e1 integrado por <strong>Cintia Rizzo<\/strong>, Trabajadora Social, Maestranda en Estudios Urbanos, Docente e Investigadora Universitaria y en \u201cTransespacio Urbanismo Feminista\u201d, Especializaci\u00f3n en Urbanismos Feministas y <strong>Guillermo Andr\u00e9s Castro<\/strong>, Lic. En Psicolog\u00eda Social (CAECE), Docente nivel medio, terciario, universitario (UBA), Coordinador de Grupos de Trabajo, T\u00e9cnico Electricista de Obra. La inscripci\u00f3n cierra el 03 de octubre y se puede realizar enviando un mail a: <strong>tefconsultora@gmail.com<\/strong> <\/p>\n","protected":false},"excerpt":{"rendered":"<p>El 5 de octubre comienza un taller que dar\u00e1 a conocer y analizar\u00e1 experiencias de pol\u00edticas p\u00fablicas urbanas desde una perspectiva feminista fundamentalmente desarrolladas en nuestro pa\u00eds y en Am\u00e9rica Latina. A partir de la modalidad virtual v\u00eda Zoom, se &hellip; <a href=\"https:\/\/morenoprimero.com.ar\/archivo\/lanzan-seminario-sobre-politicas-publicas-urbanas-desde-una-perspectiva-feminista\/\">Sigue leyendo <span class=\"meta-nav\">&rarr;<\/span><\/a><\/p>\n","protected":false},"author":6,"featured_media":3477,"comment_status":"open","ping_status":"open","sticky":false,"template":"","format":"standard","meta":{"footnotes":""},"categories":[578,5,20],"tags":[846,847],"class_list":["post-3469","post","type-post","status-publish","format-standard","has-post-thumbnail","hentry","category-educacion","category-recomendadas","category-sociedad","tag-seminario-taller-feminista","tag-urbanismo-feminista"],"_links":{"self":[{"href":"https:\/\/morenoprimero.com.ar\/archivo\/wp-json\/wp\/v2\/posts\/3469","targetHints":{"allow":["GET"]}}],"collection":[{"href":"https:\/\/morenoprimero.com.ar\/archivo\/wp-json\/wp\/v2\/posts"}],"about":[{"href":"https:\/\/morenoprimero.com.ar\/archivo\/wp-json\/wp\/v2\/types\/post"}],"author":[{"embeddable":true,"href":"https:\/\/morenoprimero.com.ar\/archivo\/wp-json\/wp\/v2\/users\/6"}],"replies":[{"embeddable":true,"href":"https:\/\/morenoprimero.com.ar\/archivo\/wp-json\/wp\/v2\/comments?post=3469"}],"version-history":[{"count":3,"href":"https:\/\/morenoprimero.com.ar\/archivo\/wp-json\/wp\/v2\/posts\/3469\/revisions"}],"predecessor-version":[{"id":3503,"href":"https:\/\/morenoprimero.com.ar\/archivo\/wp-json\/wp\/v2\/posts\/3469\/revisions\/3503"}],"wp:featuredmedia":[{"embeddable":true,"href":"https:\/\/morenoprimero.com.ar\/archivo\/wp-json\/wp\/v2\/media\/3477"}],"wp:attachment":[{"href":"https:\/\/morenoprimero.com.ar\/archivo\/wp-json\/wp\/v2\/media?parent=3469"}],"wp:term":[{"taxonomy":"category","embeddable":true,"href":"https:\/\/morenoprimero.com.ar\/archivo\/wp-json\/wp\/v2\/categories?post=3469"},{"taxonomy":"post_tag","embeddable":true,"href":"https:\/\/morenoprimero.com.ar\/archivo\/wp-json\/wp\/v2\/tags?post=3469"}],"curies":[{"name":"wp","href":"https:\/\/api.w.org\/{rel}","templated":true}]}}