{"id":34640,"date":"2022-11-28T21:01:24","date_gmt":"2022-11-29T00:01:24","guid":{"rendered":"https:\/\/morenoprimero.com.ar\/?p=34640"},"modified":"2022-11-29T00:53:23","modified_gmt":"2022-11-29T03:53:23","slug":"club-aurora-un-sueno-realizado-una-lucha-ganada","status":"publish","type":"post","link":"https:\/\/morenoprimero.com.ar\/archivo\/club-aurora-un-sueno-realizado-una-lucha-ganada\/","title":{"rendered":"Club Aurora: un sue\u00f1o realizado, una lucha ganada"},"content":{"rendered":"\n<p>El mi\u00e9rcoles pasado, desde el Honorable Consejo Deliberante de Moreno, se vot\u00f3 por la expropiaci\u00f3n del predio para el Club Aurora. Desde Moreno Primero dialogamos con el concejal del Movimiento Evita, Gonzalo Galeano, quien fue crucial para evitar el desalojo del club, y con el presidente de la instituci\u00f3n, Fernando \u00abEl Pollo\u00bb Molina, quien nos comenta sobre el proceso judicial sobre las tierras.<\/p>\n\n\n\n<p>El Club Aurora, ubicado en Moreno Sur, lleva mas de 30 a\u00f1os de historia en un mismo lugar, que hoy en d\u00eda pueden decir propio. Sin embargo, el camino a la expropiaci\u00f3n no fue sencillo, los dirigentes y miembros del club solicitaban este juicio hace mas de 10 a\u00f1os. <\/p>\n\n\n\n<p>El concejal morenense, Gonzalo Galeano,  expres\u00f3: \u00ab<strong>Se vot\u00f3 por la utilidad p\u00fablica de la tierra en cuesti\u00f3n, a futura expropiaci\u00f3n vendr\u00eda a ser, pero se busco la mejor manera para que el privado se pueda quedar con su tierra pero tambi\u00e9n Aurora pueda seguir estando en el barrio, y poder seguir usando su sentido de pertenencia de lo que es, del barrio en si<\/strong>\u00ab.<\/p>\n\n\n\n<figure class=\"wp-block-gallery has-nested-images columns-default is-cropped wp-block-gallery-1 is-layout-flex wp-block-gallery-is-layout-flex\">\n<figure class=\"wp-block-image size-large\"><a href=\"https:\/\/morenoprimero.com.ar\/wp-content\/uploads\/2022\/11\/WhatsApp-Image-2022-11-28-at-20.51.55.jpeg\"><img loading=\"lazy\" decoding=\"async\" width=\"1024\" height=\"682\" data-id=\"34651\" src=\"https:\/\/morenoprimero.com.ar\/wp-content\/uploads\/2022\/11\/WhatsApp-Image-2022-11-28-at-20.51.55-1024x682.jpeg\" alt=\"\" class=\"wp-image-34651\" srcset=\"https:\/\/morenoprimero.com.ar\/archivo\/wp-content\/uploads\/2022\/11\/WhatsApp-Image-2022-11-28-at-20.51.55-1024x682.jpeg 1024w, https:\/\/morenoprimero.com.ar\/archivo\/wp-content\/uploads\/2022\/11\/WhatsApp-Image-2022-11-28-at-20.51.55-300x200.jpeg 300w, https:\/\/morenoprimero.com.ar\/archivo\/wp-content\/uploads\/2022\/11\/WhatsApp-Image-2022-11-28-at-20.51.55-768x512.jpeg 768w, https:\/\/morenoprimero.com.ar\/archivo\/wp-content\/uploads\/2022\/11\/WhatsApp-Image-2022-11-28-at-20.51.55.jpeg 1280w\" sizes=\"auto, (max-width: 1024px) 100vw, 1024px\" \/><\/a><\/figure>\n\n\n\n<figure class=\"wp-block-image size-large\"><a href=\"https:\/\/morenoprimero.com.ar\/wp-content\/uploads\/2022\/11\/WhatsApp-Image-2022-11-28-at-20.51.54.jpeg\"><img loading=\"lazy\" decoding=\"async\" width=\"1024\" height=\"682\" data-id=\"34655\" src=\"https:\/\/morenoprimero.com.ar\/wp-content\/uploads\/2022\/11\/WhatsApp-Image-2022-11-28-at-20.51.54-1024x682.jpeg\" alt=\"\" class=\"wp-image-34655\" srcset=\"https:\/\/morenoprimero.com.ar\/archivo\/wp-content\/uploads\/2022\/11\/WhatsApp-Image-2022-11-28-at-20.51.54-1024x682.jpeg 1024w, https:\/\/morenoprimero.com.ar\/archivo\/wp-content\/uploads\/2022\/11\/WhatsApp-Image-2022-11-28-at-20.51.54-300x200.jpeg 300w, https:\/\/morenoprimero.com.ar\/archivo\/wp-content\/uploads\/2022\/11\/WhatsApp-Image-2022-11-28-at-20.51.54-768x512.jpeg 768w, https:\/\/morenoprimero.com.ar\/archivo\/wp-content\/uploads\/2022\/11\/WhatsApp-Image-2022-11-28-at-20.51.54.jpeg 1280w\" sizes=\"auto, (max-width: 1024px) 100vw, 1024px\" \/><\/a><\/figure>\n<\/figure>\n\n\n\n<p>En este proceso de utilizaci\u00f3n publica del predio, evitando el desalojo de la cancha, se actu\u00f3 desde distintos organismos. Desde las iniciativas del club mismo en conjunto con el trabajo de Galeano, y con todos los concejales del Frente de Todos de Moreno, hasta las reuniones que se mantuvieron con distintas autoridades de la actual gesti\u00f3n municipal, como IDUAR y Justicia, se logr\u00f3 resolver este conflicto que llevaba ya una d\u00e9cada en espera. <\/p>\n\n\n\n<p>\u00ab<strong>Los lotes de aurora que est\u00e1n en circunscripci\u00f3n 2, secci\u00f3n f, manzana 28 lote 3, 4, 5, 6, 7 y 8. Estos son los que estamos nombrando de utilidad publica y sujeto a futura expropiaci\u00f3n, despu\u00e9s todo lo otro que queda de espacio verde, ya pertenece a la autoridad municipal. La parcela 47 se va a transformar en manzana 28 y manzana 29, sobre la 29 esta Aurora ahora. Cuando se separa la parcela en 2 manzanas, pasa a ser manzana 28 y ah\u00ed es donde nosotros queremos que pase el club, vendr\u00eda a ser atr\u00e1s. Porque atr\u00e1s, en esa manzana 28, quedan los 6 lotes, el espacio verde y el espacio comunitario, todo eso se dar\u00eda a Aurora y quedar\u00eda como club atr\u00e1s y en el mismo barrio<\/strong>\u00ab, explic\u00f3 Galeano.<\/p>\n\n\n\n<p>Por otro lado, el presidente del club afirm\u00f3: \u00ab<strong>En febrero de 2020 nos cae la orden de desalojo, y en octubre la instituci\u00f3n hab\u00eda estado dictaminada en la segunda c\u00e1mara, donde no se apel\u00f3. Esta es una cuenta pendiente que tiene el club, en el cual nosotros no fuimos sido informados, y se perdi\u00f3. Al pasar los 15 d\u00edas en octubre, no se apelo y perdimos todo el derecho<\/strong>\u00ab. <\/p>\n\n\n\n<p>Por \u00faltimo, Molina, sostuvo que \u00ab<strong>la pandemia fue un contexto de suerte para nosotros porque en esa fecha ya nos hubieran desalojado, sin embargo, el club arranca con las ollas populares, nos enfocamos en eso. D\u00e1bamos de comer a mas de 300\/400 familias por d\u00eda, todo gracias a la colaboraci\u00f3n de las y los vecinos y jugadores, como tambi\u00e9n parte de Desarrollo Social, cada uno donaba desde su lugar. Una vez que retomamos la actividad, vimos el cambio rotundo del club, se sumaron nuevos chicos, nuevas familias, las mayor\u00eda de las categor\u00edas completas y siempre enfoc\u00e1ndonos en el trabajo social de Aurora. Desde ah\u00ed, realizamos marchas, ollas populares, reuniones tras reuniones, explicando la problem\u00e1tica que tenia el club<\/strong>\u00ab.<\/p>\n\n\n\n<figure class=\"wp-block-gallery has-nested-images columns-default is-cropped wp-block-gallery-2 is-layout-flex wp-block-gallery-is-layout-flex\">\n<figure class=\"wp-block-image size-large\"><a href=\"https:\/\/morenoprimero.com.ar\/wp-content\/uploads\/2022\/11\/WhatsApp-Image-2022-11-28-at-20.51.55-2.jpeg\"><img loading=\"lazy\" decoding=\"async\" width=\"1024\" height=\"682\" data-id=\"34658\" src=\"https:\/\/morenoprimero.com.ar\/wp-content\/uploads\/2022\/11\/WhatsApp-Image-2022-11-28-at-20.51.55-2-1024x682.jpeg\" alt=\"\" class=\"wp-image-34658\" srcset=\"https:\/\/morenoprimero.com.ar\/archivo\/wp-content\/uploads\/2022\/11\/WhatsApp-Image-2022-11-28-at-20.51.55-2-1024x682.jpeg 1024w, https:\/\/morenoprimero.com.ar\/archivo\/wp-content\/uploads\/2022\/11\/WhatsApp-Image-2022-11-28-at-20.51.55-2-300x200.jpeg 300w, https:\/\/morenoprimero.com.ar\/archivo\/wp-content\/uploads\/2022\/11\/WhatsApp-Image-2022-11-28-at-20.51.55-2-768x512.jpeg 768w, https:\/\/morenoprimero.com.ar\/archivo\/wp-content\/uploads\/2022\/11\/WhatsApp-Image-2022-11-28-at-20.51.55-2.jpeg 1280w\" sizes=\"auto, (max-width: 1024px) 100vw, 1024px\" \/><\/a><\/figure>\n\n\n\n<figure class=\"wp-block-image size-large\"><a href=\"https:\/\/morenoprimero.com.ar\/wp-content\/uploads\/2022\/11\/WhatsApp-Image-2022-11-28-at-20.51.56.jpeg\"><img loading=\"lazy\" decoding=\"async\" width=\"1024\" height=\"682\" data-id=\"34653\" src=\"https:\/\/morenoprimero.com.ar\/wp-content\/uploads\/2022\/11\/WhatsApp-Image-2022-11-28-at-20.51.56-1024x682.jpeg\" alt=\"\" class=\"wp-image-34653\" srcset=\"https:\/\/morenoprimero.com.ar\/archivo\/wp-content\/uploads\/2022\/11\/WhatsApp-Image-2022-11-28-at-20.51.56-1024x682.jpeg 1024w, https:\/\/morenoprimero.com.ar\/archivo\/wp-content\/uploads\/2022\/11\/WhatsApp-Image-2022-11-28-at-20.51.56-300x200.jpeg 300w, https:\/\/morenoprimero.com.ar\/archivo\/wp-content\/uploads\/2022\/11\/WhatsApp-Image-2022-11-28-at-20.51.56-768x512.jpeg 768w, https:\/\/morenoprimero.com.ar\/archivo\/wp-content\/uploads\/2022\/11\/WhatsApp-Image-2022-11-28-at-20.51.56.jpeg 1280w\" sizes=\"auto, (max-width: 1024px) 100vw, 1024px\" \/><\/a><\/figure>\n<\/figure>\n","protected":false},"excerpt":{"rendered":"<p>El mi\u00e9rcoles pasado, desde el Honorable Consejo Deliberante de Moreno, se vot\u00f3 por la expropiaci\u00f3n del predio para el Club Aurora. Desde Moreno Primero dialogamos con el concejal del Movimiento Evita, Gonzalo Galeano, quien fue crucial para evitar el desalojo &hellip; <a href=\"https:\/\/morenoprimero.com.ar\/archivo\/club-aurora-un-sueno-realizado-una-lucha-ganada\/\">Sigue leyendo <span class=\"meta-nav\">&rarr;<\/span><\/a><\/p>\n","protected":false},"author":6,"featured_media":34656,"comment_status":"closed","ping_status":"closed","sticky":false,"template":"","format":"standard","meta":{"footnotes":""},"categories":[673,3],"tags":[2065,4367,1641],"class_list":["post-34640","post","type-post","status-publish","format-standard","has-post-thumbnail","hentry","category-deporte","category-importantes","tag-club-aurora","tag-fernando-molina","tag-gonzalo-galeano"],"_links":{"self":[{"href":"https:\/\/morenoprimero.com.ar\/archivo\/wp-json\/wp\/v2\/posts\/34640","targetHints":{"allow":["GET"]}}],"collection":[{"href":"https:\/\/morenoprimero.com.ar\/archivo\/wp-json\/wp\/v2\/posts"}],"about":[{"href":"https:\/\/morenoprimero.com.ar\/archivo\/wp-json\/wp\/v2\/types\/post"}],"author":[{"embeddable":true,"href":"https:\/\/morenoprimero.com.ar\/archivo\/wp-json\/wp\/v2\/users\/6"}],"replies":[{"embeddable":true,"href":"https:\/\/morenoprimero.com.ar\/archivo\/wp-json\/wp\/v2\/comments?post=34640"}],"version-history":[{"count":6,"href":"https:\/\/morenoprimero.com.ar\/archivo\/wp-json\/wp\/v2\/posts\/34640\/revisions"}],"predecessor-version":[{"id":34660,"href":"https:\/\/morenoprimero.com.ar\/archivo\/wp-json\/wp\/v2\/posts\/34640\/revisions\/34660"}],"wp:featuredmedia":[{"embeddable":true,"href":"https:\/\/morenoprimero.com.ar\/archivo\/wp-json\/wp\/v2\/media\/34656"}],"wp:attachment":[{"href":"https:\/\/morenoprimero.com.ar\/archivo\/wp-json\/wp\/v2\/media?parent=34640"}],"wp:term":[{"taxonomy":"category","embeddable":true,"href":"https:\/\/morenoprimero.com.ar\/archivo\/wp-json\/wp\/v2\/categories?post=34640"},{"taxonomy":"post_tag","embeddable":true,"href":"https:\/\/morenoprimero.com.ar\/archivo\/wp-json\/wp\/v2\/tags?post=34640"}],"curies":[{"name":"wp","href":"https:\/\/api.w.org\/{rel}","templated":true}]}}