{"id":34625,"date":"2022-11-29T13:00:48","date_gmt":"2022-11-29T16:00:48","guid":{"rendered":"https:\/\/morenoprimero.com.ar\/?p=34625"},"modified":"2022-11-29T13:00:50","modified_gmt":"2022-11-29T16:00:50","slug":"se-realiza-la-expo-formacion-para-el-trabajo","status":"publish","type":"post","link":"https:\/\/morenoprimero.com.ar\/archivo\/se-realiza-la-expo-formacion-para-el-trabajo\/","title":{"rendered":"Se realiza la Expo \u00abFormaci\u00f3n para el Trabajo\u00bb"},"content":{"rendered":"\n<p>El Municipio de Moreno, a trav\u00e9s del Instituto Municipal de Desarrollo Econ\u00f3mico Local (IMDEL), invita a toda la comunidad el pr\u00f3ximo s\u00e1bado 3 de diciembre a la exposici\u00f3n \u201cFormaci\u00f3n para el Trabajo\u201d en el Centro de Formaci\u00f3n Profesional Municipal \u201cLa Agraria\u201d de 10 a 21 horas, con el objetivo de visibilizar la oferta de cursos gratuitos y abiertos a la comunidad.<\/p>\n\n\n\n<p>Se exhibir\u00e1n como cierre de a\u00f1o, los trabajos realizados por las y los alumnos del Centro de Formaci\u00f3n de Profesi\u00f3n Municipal \u201cLa Agraria\u201d y de la Escuela de Formaci\u00f3n T\u00e9cnico Laboral de Moreno.<\/p>\n\n\n\n<p>La jornada, contar\u00e1 con un desfile de producci\u00f3n textil y peinados de est\u00e9tica de los alumnos y alumnas, Master Class, expresiones art\u00edsticas, bandas en vivo y feria de emprendedores de alumnos, alumnas y emprendedores locales.<\/p>\n\n\n\n<p>Adem\u00e1s, se tratar\u00e1 de una muestra interactiva para que los vecinos y vecinas conozcan las propuestas que ofrecen estos cursos Municipales y sus respectivas aulas.<\/p>\n\n\n\n<p>El IMDEL brinda cursos de formaci\u00f3n Municipales homologados a trav\u00e9s del Ministerio de Trabajo de la Provincia de Buenos Aires con certificaci\u00f3n y totalmente gratuitos, entre la oferta acad\u00e9mica se pueden encontrar cursos del rubro de construcci\u00f3n, electricista, herrer\u00eda, rubros textiles como operador de m\u00e1quina, collareta, overlock y molderia, de gastronom\u00eda, de est\u00e9tica como peluquer\u00eda y cosmetolog\u00eda, y de inform\u00e1tica, entre otros. Solo en este a\u00f1o, ya egresaron m\u00e1s de 2500 alumnos entre el cuatrimestre anterior y el actual.<\/p>\n\n\n\n<p>Con estas propuestas, el gobierno local ampl\u00eda oportunidades de formaci\u00f3n profesional para que los vecinos y las vecinas puedan disfrutar y de esta manera para poder insertarse en el mundo laboral.<\/p>\n\n\n\n<figure class=\"wp-block-gallery has-nested-images columns-default is-cropped wp-block-gallery-1 is-layout-flex wp-block-gallery-is-layout-flex\">\n<figure class=\"wp-block-image size-large\"><a href=\"https:\/\/morenoprimero.com.ar\/wp-content\/uploads\/2022\/11\/WhatsApp-Image-2022-11-28-at-16.20.47-1.jpeg\"><img loading=\"lazy\" decoding=\"async\" width=\"1024\" height=\"779\" data-id=\"34628\" src=\"https:\/\/morenoprimero.com.ar\/wp-content\/uploads\/2022\/11\/WhatsApp-Image-2022-11-28-at-16.20.47-1-1024x779.jpeg\" alt=\"\" class=\"wp-image-34628\" srcset=\"https:\/\/morenoprimero.com.ar\/archivo\/wp-content\/uploads\/2022\/11\/WhatsApp-Image-2022-11-28-at-16.20.47-1-1024x779.jpeg 1024w, https:\/\/morenoprimero.com.ar\/archivo\/wp-content\/uploads\/2022\/11\/WhatsApp-Image-2022-11-28-at-16.20.47-1-300x228.jpeg 300w, https:\/\/morenoprimero.com.ar\/archivo\/wp-content\/uploads\/2022\/11\/WhatsApp-Image-2022-11-28-at-16.20.47-1-768x584.jpeg 768w, https:\/\/morenoprimero.com.ar\/archivo\/wp-content\/uploads\/2022\/11\/WhatsApp-Image-2022-11-28-at-16.20.47-1.jpeg 1280w\" sizes=\"auto, (max-width: 1024px) 100vw, 1024px\" \/><\/a><\/figure>\n\n\n\n<figure class=\"wp-block-image size-large\"><a href=\"https:\/\/morenoprimero.com.ar\/wp-content\/uploads\/2022\/11\/WhatsApp-Image-2022-11-28-at-16.20.47.jpeg\"><img loading=\"lazy\" decoding=\"async\" width=\"1024\" height=\"1024\" data-id=\"34626\" src=\"https:\/\/morenoprimero.com.ar\/wp-content\/uploads\/2022\/11\/WhatsApp-Image-2022-11-28-at-16.20.47-1024x1024.jpeg\" alt=\"\" class=\"wp-image-34626\" srcset=\"https:\/\/morenoprimero.com.ar\/archivo\/wp-content\/uploads\/2022\/11\/WhatsApp-Image-2022-11-28-at-16.20.47-1024x1024.jpeg 1024w, https:\/\/morenoprimero.com.ar\/archivo\/wp-content\/uploads\/2022\/11\/WhatsApp-Image-2022-11-28-at-16.20.47-300x300.jpeg 300w, https:\/\/morenoprimero.com.ar\/archivo\/wp-content\/uploads\/2022\/11\/WhatsApp-Image-2022-11-28-at-16.20.47-150x150.jpeg 150w, https:\/\/morenoprimero.com.ar\/archivo\/wp-content\/uploads\/2022\/11\/WhatsApp-Image-2022-11-28-at-16.20.47-768x768.jpeg 768w, https:\/\/morenoprimero.com.ar\/archivo\/wp-content\/uploads\/2022\/11\/WhatsApp-Image-2022-11-28-at-16.20.47.jpeg 1080w\" sizes=\"auto, (max-width: 1024px) 100vw, 1024px\" \/><\/a><\/figure>\n<\/figure>\n","protected":false},"excerpt":{"rendered":"<p>El Municipio de Moreno, a trav\u00e9s del Instituto Municipal de Desarrollo Econ\u00f3mico Local (IMDEL), invita a toda la comunidad el pr\u00f3ximo s\u00e1bado 3 de diciembre a la exposici\u00f3n \u201cFormaci\u00f3n para el Trabajo\u201d en el Centro de Formaci\u00f3n Profesional Municipal \u201cLa &hellip; <a href=\"https:\/\/morenoprimero.com.ar\/archivo\/se-realiza-la-expo-formacion-para-el-trabajo\/\">Sigue leyendo <span class=\"meta-nav\">&rarr;<\/span><\/a><\/p>\n","protected":false},"author":6,"featured_media":34627,"comment_status":"closed","ping_status":"closed","sticky":false,"template":"","format":"standard","meta":{"footnotes":""},"categories":[2328],"tags":[4365,242],"class_list":["post-34625","post","type-post","status-publish","format-standard","has-post-thumbnail","hentry","category-local","tag-expo-formacion-para-el-trabajo","tag-imdel"],"_links":{"self":[{"href":"https:\/\/morenoprimero.com.ar\/archivo\/wp-json\/wp\/v2\/posts\/34625","targetHints":{"allow":["GET"]}}],"collection":[{"href":"https:\/\/morenoprimero.com.ar\/archivo\/wp-json\/wp\/v2\/posts"}],"about":[{"href":"https:\/\/morenoprimero.com.ar\/archivo\/wp-json\/wp\/v2\/types\/post"}],"author":[{"embeddable":true,"href":"https:\/\/morenoprimero.com.ar\/archivo\/wp-json\/wp\/v2\/users\/6"}],"replies":[{"embeddable":true,"href":"https:\/\/morenoprimero.com.ar\/archivo\/wp-json\/wp\/v2\/comments?post=34625"}],"version-history":[{"count":1,"href":"https:\/\/morenoprimero.com.ar\/archivo\/wp-json\/wp\/v2\/posts\/34625\/revisions"}],"predecessor-version":[{"id":34630,"href":"https:\/\/morenoprimero.com.ar\/archivo\/wp-json\/wp\/v2\/posts\/34625\/revisions\/34630"}],"wp:featuredmedia":[{"embeddable":true,"href":"https:\/\/morenoprimero.com.ar\/archivo\/wp-json\/wp\/v2\/media\/34627"}],"wp:attachment":[{"href":"https:\/\/morenoprimero.com.ar\/archivo\/wp-json\/wp\/v2\/media?parent=34625"}],"wp:term":[{"taxonomy":"category","embeddable":true,"href":"https:\/\/morenoprimero.com.ar\/archivo\/wp-json\/wp\/v2\/categories?post=34625"},{"taxonomy":"post_tag","embeddable":true,"href":"https:\/\/morenoprimero.com.ar\/archivo\/wp-json\/wp\/v2\/tags?post=34625"}],"curies":[{"name":"wp","href":"https:\/\/api.w.org\/{rel}","templated":true}]}}