{"id":3458,"date":"2020-10-03T09:00:21","date_gmt":"2020-10-03T09:00:21","guid":{"rendered":"https:\/\/morenoprimero.com.ar\/?p=3458"},"modified":"2020-10-03T13:42:09","modified_gmt":"2020-10-03T13:42:09","slug":"proyecto-de-ley-para-reconocer-a-jaime-torres-en-el-dia-de-su-nacimiento","status":"publish","type":"post","link":"https:\/\/morenoprimero.com.ar\/archivo\/proyecto-de-ley-para-reconocer-a-jaime-torres-en-el-dia-de-su-nacimiento\/","title":{"rendered":"PRESENTAN PROYECTO DE LEY PARA RECONOCER A JAIME TORRES EN EL D\u00cdA DE SU  NACIMIENTO"},"content":{"rendered":"\n<h4 class=\"wp-block-heading\"><strong>El pasado 27 de agosto, el Honorable Concejo Deliberante (HCD) aprob\u00f3 la iniciativa presentada por la Secretar\u00eda de Cultura, Educaci\u00f3n y Deporte y familiares de Don Jaime Torres para celebrar el d\u00eda 21 de septiembre como el \u201cD\u00eda Nacional de Los y Las Charanguistas\u201d<\/strong><\/h4>\n\n\n\n<figure class=\"wp-block-image size-large\"><img loading=\"lazy\" decoding=\"async\" width=\"1024\" height=\"579\" src=\"https:\/\/morenoprimero.com.ar\/wp-content\/uploads\/2020\/10\/WhatsApp-Image-2020-10-02-at-11.18.32-1024x579.jpeg\" alt=\"\" class=\"wp-image-3463\" srcset=\"https:\/\/morenoprimero.com.ar\/archivo\/wp-content\/uploads\/2020\/10\/WhatsApp-Image-2020-10-02-at-11.18.32-1024x579.jpeg 1024w, https:\/\/morenoprimero.com.ar\/archivo\/wp-content\/uploads\/2020\/10\/WhatsApp-Image-2020-10-02-at-11.18.32-300x170.jpeg 300w, https:\/\/morenoprimero.com.ar\/archivo\/wp-content\/uploads\/2020\/10\/WhatsApp-Image-2020-10-02-at-11.18.32-768x434.jpeg 768w, https:\/\/morenoprimero.com.ar\/archivo\/wp-content\/uploads\/2020\/10\/WhatsApp-Image-2020-10-02-at-11.18.32.jpeg 1280w\" sizes=\"auto, (max-width: 1024px) 100vw, 1024px\" \/><figcaption>Mural de Don Jaime Torres realizado por Cristi\u00e1n Kave<\/figcaption><\/figure>\n\n\n\n<p>La <strong>Municipalidad de Moreno<\/strong> inform\u00f3 que el pasado 27 de agosto, el <strong>Concejo Deliberante de Moreno<\/strong> aprob\u00f3 la iniciativa para declarar el 21 de septiembre como <strong>D\u00eda Nacional de las y los Charanguistas<\/strong>, la fecha en la que naci\u00f3 <strong>Don Jaime Torres<\/strong>, m\u00fasico folcl\u00f3rico de Tucum\u00e1n que ha vivido gran parte de su vida en Moreno. <\/p>\n\n\n\n<p>La propuesta fue presentada al <strong>Congreso Nacional<\/strong> para convertirse en ley nacional por el Diputado Nacional, <strong>Marcelo Koenig<\/strong> y es apoyada por referentes de la cultura nacional a saber: Le\u00f3n Gieco, Kevin Johansen, Ricardo Mollo, Victor Heredia, el Chaque\u00f1o Palavecino, Liliana Herrero, Juan Fal\u00fa, Mirta \u00c1lvarez, Silvia Zerbini, Mari\u00e1n Far\u00edas G\u00f3mez, entre otros. Adem\u00e1s el proyecto cuenta con el apoyo de diversas universidades tanto nacionales como extranjeras.<\/p>\n\n\n\n<p>\u201c<strong>Pens\u00e1 en plural, hija<\/strong>\u201d, es la frase que <strong>Don Jaime<\/strong> le repiti\u00f3 los \u00faltimos a\u00f1os a su hija <strong>Claudia Torres<\/strong>, directora <strong>de Identidad Cultural, Folklore y Pueblos Originarios<\/strong> de Moreno, quien expresa: \u201c<em>Agradecemos el importante apoyo del municipio de Moreno para que el d\u00eda del nacimiento de mi padre sea una fecha que se identifique con la cultura nacional y favorezca la uni\u00f3n de nuestros pueblos latino americanos. La m\u00fasica es un idioma universal y fue el charango el instrumento para difundir sus ra\u00edces y las costumbres de su comunidad hace 60 a\u00f1os en Los Morenitos<\/em>\u201d. <\/p>\n\n\n\n<p>Para apoyar el proyecto de ley que convierte al d\u00eda 21 de septiembre como \u201cD\u00eda Nacional de Los y Las Charanguitas\u201d particip\u00e1 mediante este link: https:\/\/docs.google.com\/forms\/d\/1YrKBcblmMNDHL1-3qBeFeN4CGZqnPk4jIVwYljwWACo\/viewform?ts=5f63ac5e&amp;edit_requested=true  <\/p>\n\n\n\n<p>F<em>uente: Prensa Municipio de Moreno <\/em><\/p>\n\n\n\n<p><\/p>\n\n\n\n<p><\/p>\n\n\n\n<p><\/p>\n\n\n\n<p><\/p>\n","protected":false},"excerpt":{"rendered":"<p>El pasado 27 de agosto, el Honorable Concejo Deliberante (HCD) aprob\u00f3 la iniciativa presentada por la Secretar\u00eda de Cultura, Educaci\u00f3n y Deporte y familiares de Don Jaime Torres para celebrar el d\u00eda 21 de septiembre como el \u201cD\u00eda Nacional de &hellip; <a href=\"https:\/\/morenoprimero.com.ar\/archivo\/proyecto-de-ley-para-reconocer-a-jaime-torres-en-el-dia-de-su-nacimiento\/\">Sigue leyendo <span class=\"meta-nav\">&rarr;<\/span><\/a><\/p>\n","protected":false},"author":6,"featured_media":3466,"comment_status":"open","ping_status":"open","sticky":false,"template":"","format":"standard","meta":{"footnotes":""},"categories":[5,20],"tags":[845,843,840],"class_list":["post-3458","post","type-post","status-publish","format-standard","has-post-thumbnail","hentry","category-recomendadas","category-sociedad","tag-charanguista","tag-don-jaime-torres","tag-proyecto-de-ley"],"_links":{"self":[{"href":"https:\/\/morenoprimero.com.ar\/archivo\/wp-json\/wp\/v2\/posts\/3458","targetHints":{"allow":["GET"]}}],"collection":[{"href":"https:\/\/morenoprimero.com.ar\/archivo\/wp-json\/wp\/v2\/posts"}],"about":[{"href":"https:\/\/morenoprimero.com.ar\/archivo\/wp-json\/wp\/v2\/types\/post"}],"author":[{"embeddable":true,"href":"https:\/\/morenoprimero.com.ar\/archivo\/wp-json\/wp\/v2\/users\/6"}],"replies":[{"embeddable":true,"href":"https:\/\/morenoprimero.com.ar\/archivo\/wp-json\/wp\/v2\/comments?post=3458"}],"version-history":[{"count":6,"href":"https:\/\/morenoprimero.com.ar\/archivo\/wp-json\/wp\/v2\/posts\/3458\/revisions"}],"predecessor-version":[{"id":3507,"href":"https:\/\/morenoprimero.com.ar\/archivo\/wp-json\/wp\/v2\/posts\/3458\/revisions\/3507"}],"wp:featuredmedia":[{"embeddable":true,"href":"https:\/\/morenoprimero.com.ar\/archivo\/wp-json\/wp\/v2\/media\/3466"}],"wp:attachment":[{"href":"https:\/\/morenoprimero.com.ar\/archivo\/wp-json\/wp\/v2\/media?parent=3458"}],"wp:term":[{"taxonomy":"category","embeddable":true,"href":"https:\/\/morenoprimero.com.ar\/archivo\/wp-json\/wp\/v2\/categories?post=3458"},{"taxonomy":"post_tag","embeddable":true,"href":"https:\/\/morenoprimero.com.ar\/archivo\/wp-json\/wp\/v2\/tags?post=3458"}],"curies":[{"name":"wp","href":"https:\/\/api.w.org\/{rel}","templated":true}]}}