{"id":3453,"date":"2020-10-02T17:39:48","date_gmt":"2020-10-02T17:39:48","guid":{"rendered":"https:\/\/morenoprimero.com.ar\/?p=3453"},"modified":"2020-10-02T17:39:48","modified_gmt":"2020-10-02T17:39:48","slug":"paro-en-la-linea-57-robaron-y-cortaron-con-arma-blanca-a-un-chofer-de-la-empresa-atlantida","status":"publish","type":"post","link":"https:\/\/morenoprimero.com.ar\/archivo\/paro-en-la-linea-57-robaron-y-cortaron-con-arma-blanca-a-un-chofer-de-la-empresa-atlantida\/","title":{"rendered":"PARO EN LA L\u00cdNEA 57: ROBARON Y CORTARON CON ARMA BLANCA A UN CHOFER DE LA EMPRESA ATL\u00c1NTIDA"},"content":{"rendered":"\n<h4 class=\"wp-block-heading\"><strong>La victima presenta heridas punzocortantes en su pierna derecha, brazo derecho y dedo anular de la mano derecha. Los trabajadores de la empresa iniciaron medidas de fuerza.&nbsp;<\/strong><\/h4>\n\n\n\n<figure class=\"wp-block-image size-large is-resized\"><img loading=\"lazy\" decoding=\"async\" src=\"https:\/\/morenoprimero.com.ar\/wp-content\/uploads\/2020\/10\/ASI-NO-1.jpg\" alt=\"\" class=\"wp-image-3456\" width=\"631\" height=\"359\" srcset=\"https:\/\/morenoprimero.com.ar\/archivo\/wp-content\/uploads\/2020\/10\/ASI-NO-1.jpg 709w, https:\/\/morenoprimero.com.ar\/archivo\/wp-content\/uploads\/2020\/10\/ASI-NO-1-300x171.jpg 300w\" sizes=\"auto, (max-width: 631px) 100vw, 631px\" \/><\/figure>\n\n\n\n<p>Un chofer de la empresa de transporte de pasajeros Atl\u00e1ntida, que hac\u00eda su recorrido&nbsp;entre Capital Federal y el partido bonaerense de Pilar&nbsp;a bordo del interno 6903 de la l\u00ednea 57,&nbsp;<strong>fue herido en las \u00faltimas horas por un delincuente que portaba un arma blanca.<\/strong><\/p>\n\n\n\n<p>El colectivero,&nbsp;<strong>Alejandro Mart\u00ednez<\/strong>&nbsp;de 34 a\u00f1os,&nbsp;fue sorprendido por un&nbsp;hombre que viajaba entre el pasaje, quien lo oblig\u00f3&nbsp;a continuar su recorrido hasta Colectora y puente El Petrel, donde luego de unos metros, lo<strong>&nbsp;golpe\u00f3,&nbsp;le rob\u00f3 la&nbsp;billetera&nbsp;con&nbsp;efectivo y lo apu\u00f1al\u00f3.<\/strong><\/p>\n\n\n\n<p>Debido al violento asalto que sufri\u00f3 el chofer\u00a0en Pilar, los trabajadores de la <strong>l\u00ednea\u00a057<\/strong> est\u00e1n realizando una medida de fuerza. Adem\u00e1s, la protesta incluy\u00f3 una movilizaci\u00f3n, este viernes a las 9.30 en <strong>Panamericana y ruta 25, partiendo desde el galp\u00f3n de ruta 8<\/strong>.<\/p>\n","protected":false},"excerpt":{"rendered":"<p>La victima presenta heridas punzocortantes en su pierna derecha, brazo derecho y dedo anular de la mano derecha. Los trabajadores de la empresa iniciaron medidas de fuerza.&nbsp; Un chofer de la empresa de transporte de pasajeros Atl\u00e1ntida, que hac\u00eda su &hellip; <a href=\"https:\/\/morenoprimero.com.ar\/archivo\/paro-en-la-linea-57-robaron-y-cortaron-con-arma-blanca-a-un-chofer-de-la-empresa-atlantida\/\">Sigue leyendo <span class=\"meta-nav\">&rarr;<\/span><\/a><\/p>\n","protected":false},"author":6,"featured_media":3455,"comment_status":"open","ping_status":"open","sticky":false,"template":"","format":"standard","meta":{"footnotes":""},"categories":[8,5,20],"tags":[837,836,39],"class_list":["post-3453","post","type-post","status-publish","format-standard","has-post-thumbnail","hentry","category-policiales","category-recomendadas","category-sociedad","tag-ataque-de-arma-blanca","tag-linea-57","tag-robo"],"_links":{"self":[{"href":"https:\/\/morenoprimero.com.ar\/archivo\/wp-json\/wp\/v2\/posts\/3453","targetHints":{"allow":["GET"]}}],"collection":[{"href":"https:\/\/morenoprimero.com.ar\/archivo\/wp-json\/wp\/v2\/posts"}],"about":[{"href":"https:\/\/morenoprimero.com.ar\/archivo\/wp-json\/wp\/v2\/types\/post"}],"author":[{"embeddable":true,"href":"https:\/\/morenoprimero.com.ar\/archivo\/wp-json\/wp\/v2\/users\/6"}],"replies":[{"embeddable":true,"href":"https:\/\/morenoprimero.com.ar\/archivo\/wp-json\/wp\/v2\/comments?post=3453"}],"version-history":[{"count":2,"href":"https:\/\/morenoprimero.com.ar\/archivo\/wp-json\/wp\/v2\/posts\/3453\/revisions"}],"predecessor-version":[{"id":3499,"href":"https:\/\/morenoprimero.com.ar\/archivo\/wp-json\/wp\/v2\/posts\/3453\/revisions\/3499"}],"wp:featuredmedia":[{"embeddable":true,"href":"https:\/\/morenoprimero.com.ar\/archivo\/wp-json\/wp\/v2\/media\/3455"}],"wp:attachment":[{"href":"https:\/\/morenoprimero.com.ar\/archivo\/wp-json\/wp\/v2\/media?parent=3453"}],"wp:term":[{"taxonomy":"category","embeddable":true,"href":"https:\/\/morenoprimero.com.ar\/archivo\/wp-json\/wp\/v2\/categories?post=3453"},{"taxonomy":"post_tag","embeddable":true,"href":"https:\/\/morenoprimero.com.ar\/archivo\/wp-json\/wp\/v2\/tags?post=3453"}],"curies":[{"name":"wp","href":"https:\/\/api.w.org\/{rel}","templated":true}]}}