{"id":34476,"date":"2022-11-25T11:25:09","date_gmt":"2022-11-25T14:25:09","guid":{"rendered":"https:\/\/morenoprimero.com.ar\/?p=34476"},"modified":"2022-11-28T08:47:51","modified_gmt":"2022-11-28T11:47:51","slug":"homero-salinas-estamos-muy-ansiosos-de-la-gran-fiesta-popular-que-va-a-haber-en-moreno","status":"publish","type":"post","link":"https:\/\/morenoprimero.com.ar\/archivo\/homero-salinas-estamos-muy-ansiosos-de-la-gran-fiesta-popular-que-va-a-haber-en-moreno\/","title":{"rendered":"Homero Salinas: \u201cEstamos muy ansiosos de la gran fiesta popular que va a haber en Moreno\u201d\u00a0"},"content":{"rendered":"\n<p>Luego de 8 pre congresos que reconstruyeron la historia popular del Moreno, contada por sus vecinos y vecinas, se llevar\u00e1 a cabo el Primer Congreso de la Cultura, el pr\u00f3ximo 27 de noviembre desde las 12 horas en la Plaza Buj\u00e1n, de Paso del Rey, con un show en vivo del hist\u00f3rico vecino morenense y reconocido artista a nivel nacional, V\u00edctor Heredia. \u201cQuer\u00edamos mostrar lo que los medios amarillistas no cuentan, que Moreno es un pueblo trabajador, con cultura y muchas producciones art\u00edsticas\u201d, expres\u00f3 el subsecretario de Cultura, Homero Salinas.<\/p>\n\n\n\n<p>Ya est\u00e1 todo listo para disfrutar del Primer Congreso de la Cultura Morenense \u201cFlorencio Molina Campos\u201d, luego de que el Municipio de Moreno, a trav\u00e9s de la Subsecretar\u00eda de Cultura, realice 8 Pre \u2013 Congresos en cada localidad del Municipio.&nbsp;<\/p>\n\n\n\n<p>Tal como lo detall\u00f3 el subsecretario de Cultura del Municipio a Moreno Primero, Homero Salinas, la intenci\u00f3n de los Pre Congresos fue que \u201c<strong>distintas organizaciones, vecinos, instituciones, clubes y comerciantes cuentan la historia de la localidad desde su l\u00f3gica.\u201d<\/strong>&nbsp;<\/p>\n\n\n\n<p>De esta forma, el gran congreso del pr\u00f3ximo 26 de noviembre est\u00e1 nutrido por la perspectiva de cada vecino y vecina que se acerc\u00f3 a participar de cada evento realizado en su localidad. &nbsp;<\/p>\n\n\n\n<p>La iniciativa busca impulsar un espacio donde sea la&nbsp;voz del pueblo, los que hicieron y hacen Moreno, la que cuente la historia, en contraposici\u00f3n a una voz ajena cuyos intereses se corresponden con una mirada negativa que no refleja la realidad morenense. En palabras de Salinas, la intenci\u00f3n es \u201c<strong>mostrar lo que los medios amarillistas no muestran<\/strong>\u201d, y contraponer a \u201c<strong>la inseguridad, lo malo, que no es la verdad\u201d, la esencia de Moreno, que \u201ces un pueblo trabajador, con cultura, con muchas provincias y naciones, y con muchas producciones art\u00edsticas muy interesantes\u201d<\/strong>.&nbsp;<\/p>\n\n\n\n<p>Adem\u00e1s, asegur\u00f3 que \u201clas expectativas crecen\u201d. Es que, en cada localidad donde se realizaron los pre congresos, se sumaron muchas y muchos actores de la comunidad, de cada barrio, que se sum\u00f3 a contar su historia en la ciudad. Lo que lleve posiblemente a extender el horario, para darle espacio a todas y todos los vecinos, en un Congreso que \u201capunta a poner en valor todas las experiencias y toda nuestra historia como morenenses\u201d.&nbsp;<\/p>\n\n\n\n<p>Homero Salinas finaliz\u00f3:&nbsp;\u201c<strong>estamos<\/strong> <strong>muy ansiosos de la gran fiesta popular que va a haber en Moreno, con tantas propuestas en lo art\u00edstico, en lo musical, en lo gastron\u00f3mico, en las muestras, en los museos, y por eso va a haber una gran convocatoria de toda la comunidad morenense\u201d.<\/strong>&nbsp;&nbsp;<\/p>\n\n\n\n<p>Luego de haber realizado los 8 pre congresos, se llevar\u00e1 a cabo el Primer Congreso de la Cultura \u00abFlorencio Molina Campos\u00bb, el pr\u00f3ximo 27 de noviembre desde las 12 horas, en la Plaza Buj\u00e1n, de Paso del Rey, con un show en vivo del hist\u00f3rico vecino morenense y reconocido artista a nivel nacional, V\u00edctor Heredia.<\/p>\n\n\n\n<p>De esta manera, la&nbsp;gesti\u00f3n que encabeza la intendenta Mariel Fern\u00e1ndez busca abrazar y potenciar la cultura morenense, forjar el sentido de pertenencia de vecinos y vecinas de Moreno con un sentido espec\u00edfico: \u201cnadie lucha por lo que no ama\u201d, es una frase reconocida de la intendenta morenense.&nbsp;<\/p>\n\n\n\n<figure class=\"wp-block-image size-large\"><a href=\"https:\/\/morenoprimero.com.ar\/wp-content\/uploads\/2022\/11\/image-11.png\"><img loading=\"lazy\" decoding=\"async\" width=\"1024\" height=\"1024\" src=\"https:\/\/morenoprimero.com.ar\/wp-content\/uploads\/2022\/11\/image-11-1024x1024.png\" alt=\"\" class=\"wp-image-34558\" srcset=\"https:\/\/morenoprimero.com.ar\/archivo\/wp-content\/uploads\/2022\/11\/image-11.png 1024w, https:\/\/morenoprimero.com.ar\/archivo\/wp-content\/uploads\/2022\/11\/image-11-300x300.png 300w, https:\/\/morenoprimero.com.ar\/archivo\/wp-content\/uploads\/2022\/11\/image-11-150x150.png 150w, https:\/\/morenoprimero.com.ar\/archivo\/wp-content\/uploads\/2022\/11\/image-11-768x768.png 768w\" sizes=\"auto, (max-width: 1024px) 100vw, 1024px\" \/><\/a><\/figure>\n","protected":false},"excerpt":{"rendered":"<p>Luego de 8 pre congresos que reconstruyeron la historia popular del Moreno, contada por sus vecinos y vecinas, se llevar\u00e1 a cabo el Primer Congreso de la Cultura, el pr\u00f3ximo 27 de noviembre desde las 12 horas en la Plaza &hellip; <a href=\"https:\/\/morenoprimero.com.ar\/archivo\/homero-salinas-estamos-muy-ansiosos-de-la-gran-fiesta-popular-que-va-a-haber-en-moreno\/\">Sigue leyendo <span class=\"meta-nav\">&rarr;<\/span><\/a><\/p>\n","protected":false},"author":6,"featured_media":34552,"comment_status":"closed","ping_status":"closed","sticky":false,"template":"","format":"standard","meta":{"footnotes":""},"categories":[2332,3],"tags":[4293,326,162],"class_list":["post-34476","post","type-post","status-publish","format-standard","has-post-thumbnail","hentry","category-cultura","category-importantes","tag-congreso-de-la-cultura-de-moreno","tag-cultura-2","tag-cultura-moreno"],"_links":{"self":[{"href":"https:\/\/morenoprimero.com.ar\/archivo\/wp-json\/wp\/v2\/posts\/34476","targetHints":{"allow":["GET"]}}],"collection":[{"href":"https:\/\/morenoprimero.com.ar\/archivo\/wp-json\/wp\/v2\/posts"}],"about":[{"href":"https:\/\/morenoprimero.com.ar\/archivo\/wp-json\/wp\/v2\/types\/post"}],"author":[{"embeddable":true,"href":"https:\/\/morenoprimero.com.ar\/archivo\/wp-json\/wp\/v2\/users\/6"}],"replies":[{"embeddable":true,"href":"https:\/\/morenoprimero.com.ar\/archivo\/wp-json\/wp\/v2\/comments?post=34476"}],"version-history":[{"count":5,"href":"https:\/\/morenoprimero.com.ar\/archivo\/wp-json\/wp\/v2\/posts\/34476\/revisions"}],"predecessor-version":[{"id":34592,"href":"https:\/\/morenoprimero.com.ar\/archivo\/wp-json\/wp\/v2\/posts\/34476\/revisions\/34592"}],"wp:featuredmedia":[{"embeddable":true,"href":"https:\/\/morenoprimero.com.ar\/archivo\/wp-json\/wp\/v2\/media\/34552"}],"wp:attachment":[{"href":"https:\/\/morenoprimero.com.ar\/archivo\/wp-json\/wp\/v2\/media?parent=34476"}],"wp:term":[{"taxonomy":"category","embeddable":true,"href":"https:\/\/morenoprimero.com.ar\/archivo\/wp-json\/wp\/v2\/categories?post=34476"},{"taxonomy":"post_tag","embeddable":true,"href":"https:\/\/morenoprimero.com.ar\/archivo\/wp-json\/wp\/v2\/tags?post=34476"}],"curies":[{"name":"wp","href":"https:\/\/api.w.org\/{rel}","templated":true}]}}