{"id":3443,"date":"2020-10-02T17:39:13","date_gmt":"2020-10-02T17:39:13","guid":{"rendered":"https:\/\/morenoprimero.com.ar\/?p=3443"},"modified":"2020-10-02T17:39:13","modified_gmt":"2020-10-02T17:39:13","slug":"se-llevara-a-cabo-el-tercer-encuentro-del-curso-sobre-historia-del-peronismo","status":"publish","type":"post","link":"https:\/\/morenoprimero.com.ar\/archivo\/se-llevara-a-cabo-el-tercer-encuentro-del-curso-sobre-historia-del-peronismo\/","title":{"rendered":"SE LLEVAR\u00c1 A CABO EL TERCER ENCUENTRO DEL CURSO SOBRE HISTORIA DEL PERONISMO"},"content":{"rendered":"\n<h2 class=\"wp-block-heading\">\u00a0La tercera clase ser\u00e1 sobre \u201cFilosof\u00eda Peronista\u201d y participar\u00e1 el historiador Francisco Pancho Pestanha.\u00a0<\/h2>\n\n\n\n<p>&nbsp; En esta oportunidad,<strong> Francisco Pancho&nbsp;Pestanha<\/strong>, abogado, docente, historiador, director del Departamento de Planificaci\u00f3n y Pol\u00edticas, y Miembro del Consejo Superior de la Universidad Nacional de Lan\u00fas; <strong>ser\u00e1 el expositor.&nbsp;&nbsp;<\/strong><\/p>\n\n\n\n<p>&nbsp; El curso, realizado en conjunto con la agrupaci\u00f3n Reconquista y el Instituto Nacional Juan Domingo Per\u00f3n, tiene como temario de la&nbsp;tercera clase&nbsp;<strong>\u201cFilosof\u00eda Peronista\u201d.&nbsp;<\/strong><\/p>\n\n\n\n<p><strong>&nbsp; El encuentro est\u00e1 programado para el s\u00e1bado 3 de octubre a las 16 Hs, de forma virtual.&nbsp;<\/strong><\/p>\n\n\n\n<figure class=\"wp-block-image size-large\"><img loading=\"lazy\" decoding=\"async\" width=\"1024\" height=\"1018\" src=\"https:\/\/morenoprimero.com.ar\/wp-content\/uploads\/2020\/10\/3b241fb0-4a92-49ae-ada8-877e15738246-1024x1018.jpg\" alt=\"\" class=\"wp-image-3447\" srcset=\"https:\/\/morenoprimero.com.ar\/archivo\/wp-content\/uploads\/2020\/10\/3b241fb0-4a92-49ae-ada8-877e15738246-1024x1018.jpg 1024w, https:\/\/morenoprimero.com.ar\/archivo\/wp-content\/uploads\/2020\/10\/3b241fb0-4a92-49ae-ada8-877e15738246-300x298.jpg 300w, https:\/\/morenoprimero.com.ar\/archivo\/wp-content\/uploads\/2020\/10\/3b241fb0-4a92-49ae-ada8-877e15738246-150x150.jpg 150w, https:\/\/morenoprimero.com.ar\/archivo\/wp-content\/uploads\/2020\/10\/3b241fb0-4a92-49ae-ada8-877e15738246-768x764.jpg 768w, https:\/\/morenoprimero.com.ar\/archivo\/wp-content\/uploads\/2020\/10\/3b241fb0-4a92-49ae-ada8-877e15738246.jpg 1080w\" sizes=\"auto, (max-width: 1024px) 100vw, 1024px\" \/><\/figure>\n","protected":false},"excerpt":{"rendered":"<p>\u00a0La tercera clase ser\u00e1 sobre \u201cFilosof\u00eda Peronista\u201d y participar\u00e1 el historiador Francisco Pancho Pestanha.\u00a0 &nbsp; En esta oportunidad, Francisco Pancho&nbsp;Pestanha, abogado, docente, historiador, director del Departamento de Planificaci\u00f3n y Pol\u00edticas, y Miembro del Consejo Superior de la Universidad Nacional de &hellip; <a href=\"https:\/\/morenoprimero.com.ar\/archivo\/se-llevara-a-cabo-el-tercer-encuentro-del-curso-sobre-historia-del-peronismo\/\">Sigue leyendo <span class=\"meta-nav\">&rarr;<\/span><\/a><\/p>\n","protected":false},"author":6,"featured_media":3449,"comment_status":"open","ping_status":"open","sticky":false,"template":"","format":"standard","meta":{"footnotes":""},"categories":[21,5,20],"tags":[834,835,705],"class_list":["post-3443","post","type-post","status-publish","format-standard","has-post-thumbnail","hentry","category-interes-general","category-recomendadas","category-sociedad","tag-filosofia","tag-historia-del-peronismo","tag-peronismo"],"_links":{"self":[{"href":"https:\/\/morenoprimero.com.ar\/archivo\/wp-json\/wp\/v2\/posts\/3443","targetHints":{"allow":["GET"]}}],"collection":[{"href":"https:\/\/morenoprimero.com.ar\/archivo\/wp-json\/wp\/v2\/posts"}],"about":[{"href":"https:\/\/morenoprimero.com.ar\/archivo\/wp-json\/wp\/v2\/types\/post"}],"author":[{"embeddable":true,"href":"https:\/\/morenoprimero.com.ar\/archivo\/wp-json\/wp\/v2\/users\/6"}],"replies":[{"embeddable":true,"href":"https:\/\/morenoprimero.com.ar\/archivo\/wp-json\/wp\/v2\/comments?post=3443"}],"version-history":[{"count":2,"href":"https:\/\/morenoprimero.com.ar\/archivo\/wp-json\/wp\/v2\/posts\/3443\/revisions"}],"predecessor-version":[{"id":3498,"href":"https:\/\/morenoprimero.com.ar\/archivo\/wp-json\/wp\/v2\/posts\/3443\/revisions\/3498"}],"wp:featuredmedia":[{"embeddable":true,"href":"https:\/\/morenoprimero.com.ar\/archivo\/wp-json\/wp\/v2\/media\/3449"}],"wp:attachment":[{"href":"https:\/\/morenoprimero.com.ar\/archivo\/wp-json\/wp\/v2\/media?parent=3443"}],"wp:term":[{"taxonomy":"category","embeddable":true,"href":"https:\/\/morenoprimero.com.ar\/archivo\/wp-json\/wp\/v2\/categories?post=3443"},{"taxonomy":"post_tag","embeddable":true,"href":"https:\/\/morenoprimero.com.ar\/archivo\/wp-json\/wp\/v2\/tags?post=3443"}],"curies":[{"name":"wp","href":"https:\/\/api.w.org\/{rel}","templated":true}]}}