{"id":34345,"date":"2022-11-18T10:00:32","date_gmt":"2022-11-18T13:00:32","guid":{"rendered":"https:\/\/morenoprimero.com.ar\/?p=34345"},"modified":"2022-11-18T10:00:33","modified_gmt":"2022-11-18T13:00:33","slug":"incendio-en-una-maderera-del-barrio-rififi","status":"publish","type":"post","link":"https:\/\/morenoprimero.com.ar\/archivo\/incendio-en-una-maderera-del-barrio-rififi\/","title":{"rendered":"Incendio en una maderera del barrio Rifif\u00ed"},"content":{"rendered":"\n<p>Pasadas las 20hs del pasado jueves 17 de noviembre, se produjo un enorme incendio en una maderera del barrio Rifif\u00ed donde trabajaron 14 dotaciones de bomberos y 72 efectivos. Si bien lograron cortar la propagaci\u00f3n a viviendas linderas, a\u00fan se encuentran trabajando en el lugar. No hay heridos.<\/p>\n\n\n\n<p>En barrio Rififi, sobre Juli\u00e1n \u00c1lvarez y Beethoven, se produjo un enorme incendio en una maderera. Sucedi\u00f3 el jueves 17 de noviembre pasada las 20 horas. A\u00fan se desconoce los motivos que iniciaron las llamas.&nbsp;<\/p>\n\n\n\n<p>Fuentes de Bomberos Voluntarios de Moreno informaron a este medio que el incendio se produjo en una maderera de 50 x 30 metros.&nbsp;&nbsp;<\/p>\n\n\n\n<p>\u201cRealizamos un trabajo en conjunto con 14 dotaciones de bomberos, y 72 efectivos, en colaboraci\u00f3n con bomberos de Merlo, Mariano Acosta, Mor\u00f3n e Ituzaing\u00f3\u201d, indicaron.&nbsp;<\/p>\n\n\n\n<p>Gracias a la acci\u00f3n conjunta de los bomberos, lograron&nbsp;cortar la propagaci\u00f3n a viviendas linderas. Desde Bomberos Voluntarios destacaron \u201cgracias a Dios no hay heridos\u201d.&nbsp;<\/p>\n\n\n\n<p>Los bomberos todav\u00eda se encuentran&nbsp;trabajando en el lugar. &nbsp;<\/p>\n","protected":false},"excerpt":{"rendered":"<p>Pasadas las 20hs del pasado jueves 17 de noviembre, se produjo un enorme incendio en una maderera del barrio Rifif\u00ed donde trabajaron 14 dotaciones de bomberos y 72 efectivos. Si bien lograron cortar la propagaci\u00f3n a viviendas linderas, a\u00fan se &hellip; <a href=\"https:\/\/morenoprimero.com.ar\/archivo\/incendio-en-una-maderera-del-barrio-rififi\/\">Sigue leyendo <span class=\"meta-nav\">&rarr;<\/span><\/a><\/p>\n","protected":false},"author":6,"featured_media":34346,"comment_status":"closed","ping_status":"closed","sticky":false,"template":"","format":"standard","meta":{"footnotes":""},"categories":[2328],"tags":[329,443],"class_list":["post-34345","post","type-post","status-publish","format-standard","has-post-thumbnail","hentry","category-local","tag-bomberos-voluntarios-moreno","tag-incendio"],"_links":{"self":[{"href":"https:\/\/morenoprimero.com.ar\/archivo\/wp-json\/wp\/v2\/posts\/34345","targetHints":{"allow":["GET"]}}],"collection":[{"href":"https:\/\/morenoprimero.com.ar\/archivo\/wp-json\/wp\/v2\/posts"}],"about":[{"href":"https:\/\/morenoprimero.com.ar\/archivo\/wp-json\/wp\/v2\/types\/post"}],"author":[{"embeddable":true,"href":"https:\/\/morenoprimero.com.ar\/archivo\/wp-json\/wp\/v2\/users\/6"}],"replies":[{"embeddable":true,"href":"https:\/\/morenoprimero.com.ar\/archivo\/wp-json\/wp\/v2\/comments?post=34345"}],"version-history":[{"count":2,"href":"https:\/\/morenoprimero.com.ar\/archivo\/wp-json\/wp\/v2\/posts\/34345\/revisions"}],"predecessor-version":[{"id":34350,"href":"https:\/\/morenoprimero.com.ar\/archivo\/wp-json\/wp\/v2\/posts\/34345\/revisions\/34350"}],"wp:featuredmedia":[{"embeddable":true,"href":"https:\/\/morenoprimero.com.ar\/archivo\/wp-json\/wp\/v2\/media\/34346"}],"wp:attachment":[{"href":"https:\/\/morenoprimero.com.ar\/archivo\/wp-json\/wp\/v2\/media?parent=34345"}],"wp:term":[{"taxonomy":"category","embeddable":true,"href":"https:\/\/morenoprimero.com.ar\/archivo\/wp-json\/wp\/v2\/categories?post=34345"},{"taxonomy":"post_tag","embeddable":true,"href":"https:\/\/morenoprimero.com.ar\/archivo\/wp-json\/wp\/v2\/tags?post=34345"}],"curies":[{"name":"wp","href":"https:\/\/api.w.org\/{rel}","templated":true}]}}