{"id":34329,"date":"2022-12-01T11:46:13","date_gmt":"2022-12-01T14:46:13","guid":{"rendered":"https:\/\/morenoprimero.com.ar\/?p=34329"},"modified":"2022-12-01T11:46:13","modified_gmt":"2022-12-01T14:46:13","slug":"se-lanzo-el-programa-recreo-una-nueva-app-turistica-y-cultural","status":"publish","type":"post","link":"https:\/\/morenoprimero.com.ar\/archivo\/se-lanzo-el-programa-recreo-una-nueva-app-turistica-y-cultural\/","title":{"rendered":"Se lanz\u00f3 el programa ReCreo, una nueva app tur\u00edstica y cultural"},"content":{"rendered":"\n<p>En un encuentro virtual ante los 135 secretarios de Turismo y Cultura de los municipios, el gobierno de la provincia de Buenos Aires present\u00f3 el programa \u201cReCreo en la Provincia\u201d, para potenciar y promover las actividades de la cultura y el turismo en todos los municipios bonaerenses<\/p>\n\n\n\n<p>ReCreo incluye distintas l\u00edneas de acci\u00f3n para impulsar destinos tur\u00edsticos provinciales. Y tiene como objetivo principal potenciar la diversidad de atractivos culturales, hist\u00f3ricos, naturales y comerciales, as\u00ed como tambi\u00e9n brindar beneficios para turistas, visitantes, consumidores y consumidoras.<\/p>\n\n\n\n<p>Para acceder a las propuestas de ReCreo, deber\u00e1n ingresar a www.recreo.gba.gob.ar, o bien descargar la aplicaci\u00f3n desde la misma. Tambi\u00e9n podr\u00e1n enterarse de todas las ofertas disponibles a trav\u00e9s de la cuenta de Instagram @recreopba.<\/p>\n\n\n\n<p>En dichas plataformas se podr\u00e1 encontrar informaci\u00f3n sobre las actividades recreativas, tur\u00edsticas y culturales que ofrece Moreno, tales como la Reserva Natural \u201cLos Robles\u201d, el Predio Municipal Ferial, el teatro \u201cLeopoldo Marechal\u201d; el Casco Hist\u00f3rico de Moreno, el Museo y Archivo Hist\u00f3rico \u201cAmancio Alcorta\u201d, la parroquia Santa Mar\u00eda de Guadalupe; el Museo Municipal de Bellas Artes \u201cManuel Belgrano\u201d; el paseo costero del Lago San Francisco y mucho m\u00e1s.<\/p>\n\n\n\n<p>El programa tambi\u00e9n se encarga de garantizar el acceso de visitantes a los diversos establecimientos, circuitos tur\u00edsticos y culturales, capitalizando la amplitud de la oferta provincial y las m\u00faltiples identidades bonaerenses.<\/p>\n\n\n\n<figure class=\"wp-block-image size-large\"><a href=\"https:\/\/morenoprimero.com.ar\/wp-content\/uploads\/2022\/11\/WhatsApp-Image-2022-11-17-at-3.09.41-PM.jpeg\"><img loading=\"lazy\" decoding=\"async\" width=\"1024\" height=\"1024\" src=\"https:\/\/morenoprimero.com.ar\/wp-content\/uploads\/2022\/11\/WhatsApp-Image-2022-11-17-at-3.09.41-PM-1024x1024.jpeg\" alt=\"\" class=\"wp-image-34330\" srcset=\"https:\/\/morenoprimero.com.ar\/archivo\/wp-content\/uploads\/2022\/11\/WhatsApp-Image-2022-11-17-at-3.09.41-PM-1024x1024.jpeg 1024w, https:\/\/morenoprimero.com.ar\/archivo\/wp-content\/uploads\/2022\/11\/WhatsApp-Image-2022-11-17-at-3.09.41-PM-300x300.jpeg 300w, https:\/\/morenoprimero.com.ar\/archivo\/wp-content\/uploads\/2022\/11\/WhatsApp-Image-2022-11-17-at-3.09.41-PM-150x150.jpeg 150w, https:\/\/morenoprimero.com.ar\/archivo\/wp-content\/uploads\/2022\/11\/WhatsApp-Image-2022-11-17-at-3.09.41-PM-768x768.jpeg 768w, https:\/\/morenoprimero.com.ar\/archivo\/wp-content\/uploads\/2022\/11\/WhatsApp-Image-2022-11-17-at-3.09.41-PM.jpeg 1280w\" sizes=\"auto, (max-width: 1024px) 100vw, 1024px\" \/><\/a><\/figure>\n","protected":false},"excerpt":{"rendered":"<p>En un encuentro virtual ante los 135 secretarios de Turismo y Cultura de los municipios, el gobierno de la provincia de Buenos Aires present\u00f3 el programa \u201cReCreo en la Provincia\u201d, para potenciar y promover las actividades de la cultura y &hellip; <a href=\"https:\/\/morenoprimero.com.ar\/archivo\/se-lanzo-el-programa-recreo-una-nueva-app-turistica-y-cultural\/\">Sigue leyendo <span class=\"meta-nav\">&rarr;<\/span><\/a><\/p>\n","protected":false},"author":6,"featured_media":34332,"comment_status":"closed","ping_status":"closed","sticky":false,"template":"","format":"standard","meta":{"footnotes":""},"categories":[21],"tags":[4344],"class_list":["post-34329","post","type-post","status-publish","format-standard","has-post-thumbnail","hentry","category-interes-general","tag-programa-recreo"],"_links":{"self":[{"href":"https:\/\/morenoprimero.com.ar\/archivo\/wp-json\/wp\/v2\/posts\/34329","targetHints":{"allow":["GET"]}}],"collection":[{"href":"https:\/\/morenoprimero.com.ar\/archivo\/wp-json\/wp\/v2\/posts"}],"about":[{"href":"https:\/\/morenoprimero.com.ar\/archivo\/wp-json\/wp\/v2\/types\/post"}],"author":[{"embeddable":true,"href":"https:\/\/morenoprimero.com.ar\/archivo\/wp-json\/wp\/v2\/users\/6"}],"replies":[{"embeddable":true,"href":"https:\/\/morenoprimero.com.ar\/archivo\/wp-json\/wp\/v2\/comments?post=34329"}],"version-history":[{"count":1,"href":"https:\/\/morenoprimero.com.ar\/archivo\/wp-json\/wp\/v2\/posts\/34329\/revisions"}],"predecessor-version":[{"id":34333,"href":"https:\/\/morenoprimero.com.ar\/archivo\/wp-json\/wp\/v2\/posts\/34329\/revisions\/34333"}],"wp:featuredmedia":[{"embeddable":true,"href":"https:\/\/morenoprimero.com.ar\/archivo\/wp-json\/wp\/v2\/media\/34332"}],"wp:attachment":[{"href":"https:\/\/morenoprimero.com.ar\/archivo\/wp-json\/wp\/v2\/media?parent=34329"}],"wp:term":[{"taxonomy":"category","embeddable":true,"href":"https:\/\/morenoprimero.com.ar\/archivo\/wp-json\/wp\/v2\/categories?post=34329"},{"taxonomy":"post_tag","embeddable":true,"href":"https:\/\/morenoprimero.com.ar\/archivo\/wp-json\/wp\/v2\/tags?post=34329"}],"curies":[{"name":"wp","href":"https:\/\/api.w.org\/{rel}","templated":true}]}}