{"id":34201,"date":"2022-11-14T14:38:23","date_gmt":"2022-11-14T17:38:23","guid":{"rendered":"https:\/\/morenoprimero.com.ar\/?p=34201"},"modified":"2022-11-14T14:38:23","modified_gmt":"2022-11-14T17:38:23","slug":"ya-son-tres-los-detenidos-por-el-crimen-de-mauro-prieto","status":"publish","type":"post","link":"https:\/\/morenoprimero.com.ar\/archivo\/ya-son-tres-los-detenidos-por-el-crimen-de-mauro-prieto\/","title":{"rendered":"Ya son tres los detenidos por el crimen de Mauro Prieto\u00a0"},"content":{"rendered":"\n<p>El primero fue detenido apenas 48 horas despu\u00e9s del crimen. El fin de semana, luego de cinco allanamientos, se aprehendieron a dos j\u00f3venes m\u00e1s, y se secuestr\u00f3 la presunta arma con la que se cometi\u00f3 el il\u00edcito, y una moto que coincide con las caracter\u00edsticas del veh\u00edculo registrado por las c\u00e1maras del Municipio de Moreno durante el hecho. La UFI N\u00ba 6, la Secretar\u00eda de Seguridad y las fuerzas policiales de la Jefatura de Estaci\u00f3n de polic\u00eda contin\u00faan trabajando en conjunto para el total esclarecimiento del hecho.\u00a0<\/p>\n\n\n\n<p>En total son<strong> tres los detenidos por el crimen de Mauro Prieto<\/strong>, dos de ellos son menores de edad. El primero de ellos fue detenido <strong>a penas 48 horas pasado el crimen<\/strong>. Luego de<strong> cinco allanamientos<\/strong> realizados por efectivos de la Estaci\u00f3n de Polic\u00eda Departamental de Seguridad de Moreno y de la comisar\u00eda 7ma. de Moreno, se aprehendieron a dos j\u00f3venes m\u00e1s.\u00a0<\/p>\n\n\n\n<p>Adem\u00e1s, desde la<strong> Secretar\u00eda de Seguridad<\/strong> <strong>de Moreno <\/strong>informaron que <strong>se incaut\u00f3 un arma<\/strong> calibre 22 largo, aparentemente el arma homicida por \u201c<strong>coincidir con el calibre que se utiliz\u00f3 durante el robo<\/strong>\u201d junto a \u201c<strong>municiones intactas compatibles con armamento descripto<\/strong>\u201d, <strong>una motocicleta de \u201cid\u00e9nticas caracter\u00edsticas a la descripta por testigos y observada en secuencia de filmaci\u00f3n\u201d y que ten\u00eda pedido de secuestro activo por robo, dos cascos<\/strong>, y sustancias estupefacientes.&nbsp;&nbsp;<\/p>\n\n\n\n<p>Respecto de los j\u00f3venes detenidos, tal como lo indica el R\u00e9gimen de Responsabilidad Penal juvenil, los dos menores est\u00e1n bajo prisi\u00f3n preventiva, mientras que el mayor tambi\u00e9n est\u00e1 detenido y se neg\u00f3 a declarar.&nbsp;<\/p>\n\n\n\n<p>La imputaci\u00f3n es<strong> homicidio criminis causae, en curso real con robo agravado por el uso de arma de fuego apta para el disparo y poblado y en banda en grado de tentativa<\/strong>. La pena es cadena perpetua en caso de ser mayor, y diferente en caso de ser menores.&nbsp;<\/p>\n\n\n\n<p>La causa est\u00e1 a cargo de la fiscal Alejandra Piqu\u00e9, de la UFI N\u00ba 6 del Fuero de Responsabilidad Penal Juvenil&nbsp;del Departamento Judicial Moreno \u2013 Gral Rodr\u00edguez, quien trabaj\u00f3 de forma articulada con la Secretar\u00eda de Seguridad del Municipio de Moreno,&nbsp;la Estaci\u00f3n de Polic\u00eda de Moreno, detectives de la DDI locales, y los instructores Sebasti\u00e1n Dileo, Ezequiel Freydier, y Walter Vel\u00e1zquez.&nbsp;<\/p>\n\n\n\n<figure class=\"wp-block-image size-full\"><a href=\"https:\/\/morenoprimero.com.ar\/wp-content\/uploads\/2022\/11\/image-8.png\"><img loading=\"lazy\" decoding=\"async\" width=\"720\" height=\"900\" src=\"https:\/\/morenoprimero.com.ar\/wp-content\/uploads\/2022\/11\/image-8.png\" alt=\"\" class=\"wp-image-34207\" srcset=\"https:\/\/morenoprimero.com.ar\/archivo\/wp-content\/uploads\/2022\/11\/image-8.png 720w, https:\/\/morenoprimero.com.ar\/archivo\/wp-content\/uploads\/2022\/11\/image-8-240x300.png 240w\" sizes=\"auto, (max-width: 720px) 100vw, 720px\" \/><\/a><\/figure>\n\n\n\n<p><strong>El crimen&nbsp;<\/strong><\/p>\n\n\n\n<p>El hecho ocurri\u00f3 el mi\u00e9rcoles \u00faltimo a la noche, cuando Prieto recibi\u00f3 un disparo al ser atacado con intenciones de robo por dos \u00abmotochorros\u00bb que lo interceptaron en la calle Ascasubi, casi esquina Larralde, del barrio Santa Julia de la localidad de La Reja, en cercan\u00edas del cementerio municipal de Moreno.\u00a0<br>\u00a0<br>Las fuentes consultadas indicaron que el hombre circulaba en su flamante moto Gilera Smash color azul y negra comprada hace tan solo cinco d\u00edas, cuando de repente aparecieron dos delincuentes que intentaron robarle.\u00a0<br>\u00a0<br>Prieto logr\u00f3 inicialmente eludirlos, pero, luego, uno de los asaltantes le dispar\u00f3, motivo por el cual perdi\u00f3 el control, choc\u00f3, cay\u00f3 al piso y muri\u00f3.\u00a0<br>\u00a0<br>Al no poder robar la moto, los delincuentes escaparon en direcci\u00f3n a la autopista del Oeste.\u00a0<br>\u00a0<br>De acuerdo al estudio forense realizado en la Morgue Judicial de General Rodr\u00edguez, Prieto recibi\u00f3 un impacto de bala en la espalda efectuado por uno de los dos \u00abmotochorros\u00bb que lo interceptaron.\u00a0<br>\u00a0<br>\u201cLas causales (de muerte) son paro card\u00edaco traum\u00e1tico, secundario a shock hipovol\u00e9mico originado por lesi\u00f3n de coraz\u00f3n y pulm\u00f3n, producto de un arma de fuego. Muerte de forma mediata tras un corto periodo ag\u00f3nico\u00bb, indica el informe.\u00a0<br>\u00a0<br>Los voceros agregaron que del cuerpo de la v\u00edctima fue rescatado el plomo que ser\u00e1 sometido a exhaustivas pericias y cotejos con el fin de identificar el arma homicida y as\u00ed llegar al asesino.\u00a0<\/p>\n\n\n\n<p>Luego de las exhaustivas pericias, el cuerpo de&nbsp;Mauro Prieto&nbsp;fue entregado a sus familiares, que decidieron velarlo en el barrio Cortejarena y enterrarlo en el Cementerio Municipal.&nbsp;<\/p>\n","protected":false},"excerpt":{"rendered":"<p>El primero fue detenido apenas 48 horas despu\u00e9s del crimen. El fin de semana, luego de cinco allanamientos, se aprehendieron a dos j\u00f3venes m\u00e1s, y se secuestr\u00f3 la presunta arma con la que se cometi\u00f3 el il\u00edcito, y una moto &hellip; <a href=\"https:\/\/morenoprimero.com.ar\/archivo\/ya-son-tres-los-detenidos-por-el-crimen-de-mauro-prieto\/\">Sigue leyendo <span class=\"meta-nav\">&rarr;<\/span><\/a><\/p>\n","protected":false},"author":6,"featured_media":34202,"comment_status":"closed","ping_status":"closed","sticky":false,"template":"","format":"standard","meta":{"footnotes":""},"categories":[8],"tags":[32],"class_list":["post-34201","post","type-post","status-publish","format-standard","has-post-thumbnail","hentry","category-policiales","tag-seguridad"],"_links":{"self":[{"href":"https:\/\/morenoprimero.com.ar\/archivo\/wp-json\/wp\/v2\/posts\/34201","targetHints":{"allow":["GET"]}}],"collection":[{"href":"https:\/\/morenoprimero.com.ar\/archivo\/wp-json\/wp\/v2\/posts"}],"about":[{"href":"https:\/\/morenoprimero.com.ar\/archivo\/wp-json\/wp\/v2\/types\/post"}],"author":[{"embeddable":true,"href":"https:\/\/morenoprimero.com.ar\/archivo\/wp-json\/wp\/v2\/users\/6"}],"replies":[{"embeddable":true,"href":"https:\/\/morenoprimero.com.ar\/archivo\/wp-json\/wp\/v2\/comments?post=34201"}],"version-history":[{"count":4,"href":"https:\/\/morenoprimero.com.ar\/archivo\/wp-json\/wp\/v2\/posts\/34201\/revisions"}],"predecessor-version":[{"id":34213,"href":"https:\/\/morenoprimero.com.ar\/archivo\/wp-json\/wp\/v2\/posts\/34201\/revisions\/34213"}],"wp:featuredmedia":[{"embeddable":true,"href":"https:\/\/morenoprimero.com.ar\/archivo\/wp-json\/wp\/v2\/media\/34202"}],"wp:attachment":[{"href":"https:\/\/morenoprimero.com.ar\/archivo\/wp-json\/wp\/v2\/media?parent=34201"}],"wp:term":[{"taxonomy":"category","embeddable":true,"href":"https:\/\/morenoprimero.com.ar\/archivo\/wp-json\/wp\/v2\/categories?post=34201"},{"taxonomy":"post_tag","embeddable":true,"href":"https:\/\/morenoprimero.com.ar\/archivo\/wp-json\/wp\/v2\/tags?post=34201"}],"curies":[{"name":"wp","href":"https:\/\/api.w.org\/{rel}","templated":true}]}}